{"id":24629,"date":"2025-04-26T13:39:15","date_gmt":"2025-04-26T17:39:15","guid":{"rendered":"https:\/\/noticiasveraces.com\/?p=24629"},"modified":"2025-04-26T13:39:15","modified_gmt":"2025-04-26T17:39:15","slug":"trump-conoce-a-zelenskyy-en-roma-en-medio-de-los-esfuerzos-de-paz-de-rusia-ukraine","status":"publish","type":"post","link":"https:\/\/noticiasveraces.com\/?p=24629","title":{"rendered":"Trump conoce a Zelenskyy en Roma en medio de los esfuerzos de paz de Rusia-Ukraine"},"content":{"rendered":"<p> \n<\/p>\n<div>\n<p class=\"speakable\">El presidente Donald Trump y el presidente ucraniano Volodymyr Zelenskyy se reunieron cara a cara por primera vez desde su infame oval de la Oficina Oval en febrero. Asistieron al funeral del Papa Francisco en Roma, aunque no est\u00e1 claro exactamente cu\u00e1ndo se conocieron.<\/p>\n<p class=\"speakable\">Ni funcionarios ucranianos ni de la Casa Blanca dieron muchos detalles sobre la reuni\u00f3n; Sin embargo, el director de comunicaciones de la Casa Blanca, Steven Cheung, dijo que los l\u00edderes ten\u00edan \u00abuna discusi\u00f3n muy productiva\u00bb.<\/p>\n<div class=\"image-ct inline\">\n<div class=\"m\"><picture><source media=\"(max-width: 767px)\" srcset=\"https:\/\/a57.foxnews.com\/static.foxnews.com\/foxnews.com\/content\/uploads\/2025\/04\/343\/192\/trump-zelenskyy.jpg?ve=1&amp;tl=1, https:\/\/a57.foxnews.com\/static.foxnews.com\/foxnews.com\/content\/uploads\/2025\/04\/686\/384\/trump-zelenskyy.jpg?ve=1&amp;tl=1 2x\" height=\"192\" width=\"343\"><source media=\"(min-width: 768px) and (max-width: 1023px)\" srcset=\"https:\/\/a57.foxnews.com\/static.foxnews.com\/foxnews.com\/content\/uploads\/2025\/04\/672\/378\/trump-zelenskyy.jpg?ve=1&amp;tl=1, https:\/\/a57.foxnews.com\/static.foxnews.com\/foxnews.com\/content\/uploads\/2025\/04\/1344\/756\/trump-zelenskyy.jpg?ve=1&amp;tl=1 2x\" height=\"378\" width=\"672\"><source media=\"(min-width: 1024px) and (max-width: 1279px)\" srcset=\"https:\/\/a57.foxnews.com\/static.foxnews.com\/foxnews.com\/content\/uploads\/2025\/04\/931\/523\/trump-zelenskyy.jpg?ve=1&amp;tl=1, https:\/\/a57.foxnews.com\/static.foxnews.com\/foxnews.com\/content\/uploads\/2025\/04\/1862\/1046\/trump-zelenskyy.jpg?ve=1&amp;tl=1 2x\" height=\"523\" width=\"931\"><source media=\"(min-width: 1280px)\" srcset=\"https:\/\/a57.foxnews.com\/static.foxnews.com\/foxnews.com\/content\/uploads\/2025\/04\/720\/405\/trump-zelenskyy.jpg?ve=1&amp;tl=1, https:\/\/a57.foxnews.com\/static.foxnews.com\/foxnews.com\/content\/uploads\/2025\/04\/1440\/810\/trump-zelenskyy.jpg?ve=1&amp;tl=1 2x\" height=\"405\" width=\"720\"><img loading=\"lazy\" decoding=\"async\" src=\"https:\/\/a57.foxnews.com\/static.foxnews.com\/foxnews.com\/content\/uploads\/2025\/04\/1200\/675\/trump-zelenskyy.jpg?ve=1&amp;tl=1\" alt=\"El presidente Donald Trump y el presidente ucraniano Volodymyr Zlenksyy\" width=\"1200\" height=\"675\"\/><\/source><\/source><\/source><\/source><\/picture><\/div>\n<div class=\"info\">\n<div class=\"caption\">\n<p><span>El presidente Donald Trump se re\u00fane cara a cara con el presidente ucraniano Volodymyr Zelenskyy por primera vez desde su escupida de la Oficina Oval en febrero.<\/span> <!----><\/p>\n<\/div>\n<\/div>\n<\/div>\n<p><strong>Zelenskyy habla despu\u00e9s de una disputa p\u00fablica con Trump, Vance, dice Dustup \u00abmalo para ambos lados\u00bb<\/strong><\/p>\n<p>Zelenskyy luego tuite\u00f3 que la reuni\u00f3n era \u00abmuy simb\u00f3lica\u00bb y podr\u00eda ser \u00abhist\u00f3rica\u00bb.<\/p>\n<p>En febrero, Zelenskyy dej\u00f3 abruptamente la Casa Blanca despu\u00e9s de discutir con Trump y el vicepresidente JD Vance. M\u00e1s tarde, Zelenskyy le dijo al presentador pol\u00edtico del jefe de Fox News Bret Baier en un \u00abinforme especial\u00bb de que el incidente fue \u00abmalo para ambas partes\u00bb.<\/p>\n<p>Esta reuni\u00f3n se produce cuando las conversaciones de paz entre Rusia y Ucrania parecen estar parados con Zelenskyy y el presidente ruso Vladimir Putin haciendo demandas competitivas.<\/p>\n<p>\u00abUn buen d\u00eda en conversaciones y reuniones con Rusia y Ucrania. Est\u00e1n muy cerca de un acuerdo, y las dos partes ahora deber\u00edan reunirse, a niveles muy altos, para\u00bb terminarlo \u00ab. La mayor\u00eda de los puntos principales est\u00e1n acordados.<\/p>\n<div class=\"image-ct inline\">\n<div class=\"m\"><picture><source media=\"(max-width: 767px)\" srcset=\"https:\/\/a57.foxnews.com\/static.foxnews.com\/foxnews.com\/content\/uploads\/2025\/04\/343\/192\/trump-zelenskyy-2.jpg?ve=1&amp;tl=1, https:\/\/a57.foxnews.com\/static.foxnews.com\/foxnews.com\/content\/uploads\/2025\/04\/686\/384\/trump-zelenskyy-2.jpg?ve=1&amp;tl=1 2x\" height=\"192\" width=\"343\"><source media=\"(min-width: 768px) and (max-width: 1023px)\" srcset=\"https:\/\/a57.foxnews.com\/static.foxnews.com\/foxnews.com\/content\/uploads\/2025\/04\/672\/378\/trump-zelenskyy-2.jpg?ve=1&amp;tl=1, https:\/\/a57.foxnews.com\/static.foxnews.com\/foxnews.com\/content\/uploads\/2025\/04\/1344\/756\/trump-zelenskyy-2.jpg?ve=1&amp;tl=1 2x\" height=\"378\" width=\"672\"><source media=\"(min-width: 1024px) and (max-width: 1279px)\" srcset=\"https:\/\/a57.foxnews.com\/static.foxnews.com\/foxnews.com\/content\/uploads\/2025\/04\/931\/523\/trump-zelenskyy-2.jpg?ve=1&amp;tl=1, https:\/\/a57.foxnews.com\/static.foxnews.com\/foxnews.com\/content\/uploads\/2025\/04\/1862\/1046\/trump-zelenskyy-2.jpg?ve=1&amp;tl=1 2x\" height=\"523\" width=\"931\"><source media=\"(min-width: 1280px)\" srcset=\"https:\/\/a57.foxnews.com\/static.foxnews.com\/foxnews.com\/content\/uploads\/2025\/04\/720\/405\/trump-zelenskyy-2.jpg?ve=1&amp;tl=1, https:\/\/a57.foxnews.com\/static.foxnews.com\/foxnews.com\/content\/uploads\/2025\/04\/1440\/810\/trump-zelenskyy-2.jpg?ve=1&amp;tl=1 2x\" height=\"405\" width=\"720\"><img loading=\"lazy\" decoding=\"async\" src=\"https:\/\/a57.foxnews.com\/static.foxnews.com\/foxnews.com\/content\/uploads\/2025\/04\/1200\/675\/trump-zelenskyy-2.jpg?ve=1&amp;tl=1\" alt=\"Trump y Zelenskyy se encuentran en Roma\" width=\"1200\" height=\"675\"\/><\/source><\/source><\/source><\/source><\/picture><\/div>\n<div class=\"info\">\n<div class=\"caption\">\n<p><span>El presidente Donald Trump y el presidente ucraniano Volodymyr Zelenskyy hablan en Roma, donde ambos asistieron al funeral del Papa Francisco el 26 de abril de 2025.<\/span> <!----><\/p>\n<\/div>\n<\/div>\n<\/div>\n<p><strong>Trump dice que la declaraci\u00f3n &#8216;inflamatoria&#8217; de Zelenskyy sobre Crimea prolonga la guerra con Rusia<\/strong><\/p>\n<p>Trump ha criticado a ambos l\u00edderes en publicaciones separadas sobre Truth Social. El jueves, Trump exigi\u00f3 a Putin \u00abdetener\u00bb a Kiev y dijo que \u00abno estaba feliz\u00bb con el Kremlin por continuos ataques contra Ucrania. El d\u00eda anterior, el mi\u00e9rcoles, Trump critic\u00f3 a Zelenskyy despu\u00e9s de que dijo que Ucrania no reconocer\u00eda el control ruso sobre Crimea, que Putin invadi\u00f3 en 2014.<\/p>\n<p>Putin hasta ahora ha rechazado varias propuestas de los Estados Unidos para un acuerdo de paz, pero la Casa Blanca sigue siendo optimista sobre la capacidad de Trump para poner fin a la guerra.<\/p>\n<div class=\"image-ct inline\">\n<div class=\"m\"><picture><source media=\"(max-width: 767px)\" srcset=\"https:\/\/a57.foxnews.com\/static.foxnews.com\/foxnews.com\/content\/uploads\/2025\/01\/343\/192\/zelenskyy-putin-trump.png?ve=1&amp;tl=1, https:\/\/a57.foxnews.com\/static.foxnews.com\/foxnews.com\/content\/uploads\/2025\/01\/686\/384\/zelenskyy-putin-trump.png?ve=1&amp;tl=1 2x\" height=\"192\" width=\"343\"><source media=\"(min-width: 768px) and (max-width: 1023px)\" srcset=\"https:\/\/a57.foxnews.com\/static.foxnews.com\/foxnews.com\/content\/uploads\/2025\/01\/672\/378\/zelenskyy-putin-trump.png?ve=1&amp;tl=1, https:\/\/a57.foxnews.com\/static.foxnews.com\/foxnews.com\/content\/uploads\/2025\/01\/1344\/756\/zelenskyy-putin-trump.png?ve=1&amp;tl=1 2x\" height=\"378\" width=\"672\"><source media=\"(min-width: 1024px) and (max-width: 1279px)\" srcset=\"https:\/\/a57.foxnews.com\/static.foxnews.com\/foxnews.com\/content\/uploads\/2025\/01\/931\/523\/zelenskyy-putin-trump.png?ve=1&amp;tl=1, https:\/\/a57.foxnews.com\/static.foxnews.com\/foxnews.com\/content\/uploads\/2025\/01\/1862\/1046\/zelenskyy-putin-trump.png?ve=1&amp;tl=1 2x\" height=\"523\" width=\"931\"><source media=\"(min-width: 1280px)\" srcset=\"https:\/\/a57.foxnews.com\/static.foxnews.com\/foxnews.com\/content\/uploads\/2025\/01\/720\/405\/zelenskyy-putin-trump.png?ve=1&amp;tl=1, https:\/\/a57.foxnews.com\/static.foxnews.com\/foxnews.com\/content\/uploads\/2025\/01\/1440\/810\/zelenskyy-putin-trump.png?ve=1&amp;tl=1 2x\" height=\"405\" width=\"720\"><img loading=\"lazy\" decoding=\"async\" src=\"https:\/\/a57.foxnews.com\/static.foxnews.com\/foxnews.com\/content\/uploads\/2025\/01\/1200\/675\/zelenskyy-putin-trump.png?ve=1&amp;tl=1\" alt=\"Trump, Putin y Zelenskyy\" width=\"1200\" height=\"675\"\/><\/source><\/source><\/source><\/source><\/picture><\/div>\n<div class=\"info\">\n<div class=\"caption\">\n<p><span>El presidente Donald Trump (centro), el presidente ucraniano Volodomyr Zelenskyy (izquierda) y el presidente ruso Vladimir Putin (derecha).<\/span> <span>(Alessandro Bremec\/Nurphoto a trav\u00e9s de Getty Images | Colaborador\/Getty Images | Scott Olson\/Getty Images)<\/span><\/p>\n<\/div>\n<\/div>\n<\/div>\n<p><strong>Trump le dice a Putin &#8216;Stop&#8217; despu\u00e9s de mortales huelgas rusas sobre Kyiv<\/strong><\/p>\n<p>\u00abEsta guerra se puede poner en peligro. Ambas partes solo tienen que aceptarla\u00bb, dijo el jueves el Secretario de Estado Marco Rubio en la Oficina Oval. Tambi\u00e9n dijo que hubo \u00abbuenas reuniones durante el fin de semana\u00bb, que presumiblemente se centraron en terminar el conflicto.<\/p>\n<p><strong><u>Haga clic aqu\u00ed para obtener la aplicaci\u00f3n Fox News<\/u><\/strong><\/p>\n<p>Trump ha dicho que se est\u00e1 apegando a su propia \u00abfecha l\u00edmite\u00bb para lograr la paz y ha agregado que cree que hay \u00abuna muy buena oportunidad de tener [a deal] hecho.\u00bb<\/p>\n<p> <!----> <\/p>\n<div class=\"article-meta\">\n<div class=\"author-bio\">\n<p>Rachel Wolf es una escritora de noticias de Fox News Digital y Fox Business.<\/p>\n<\/div>\n<\/div>\n<\/div>\n\n","protected":false},"excerpt":{"rendered":"<p>El presidente Donald Trump y el presidente ucraniano Volodymyr Zelenskyy se reunieron cara a cara por primera vez desde su infame oval de la Oficina Oval en febrero. Asistieron al funeral del Papa Francisco en Roma, aunque no est\u00e1 claro exactamente cu\u00e1ndo se conocieron. Ni funcionarios ucranianos ni de la Casa Blanca dieron muchos detalles &hellip;<\/p>\n","protected":false},"author":1,"featured_media":24631,"comment_status":"open","ping_status":"open","sticky":false,"template":"","format":"standard","meta":{"fifu_image_url":"https:\/\/static.foxnews.com\/foxnews.com\/content\/uploads\/2025\/04\/trump-zelenskyy.jpg","fifu_image_alt":"","footnotes":""},"categories":[13],"tags":[],"class_list":["post-24629","post","type-post","status-publish","format-standard","has-post-thumbnail","","category-mundo"],"_links":{"self":[{"href":"https:\/\/noticiasveraces.com\/index.php?rest_route=\/wp\/v2\/posts\/24629","targetHints":{"allow":["GET"]}}],"collection":[{"href":"https:\/\/noticiasveraces.com\/index.php?rest_route=\/wp\/v2\/posts"}],"about":[{"href":"https:\/\/noticiasveraces.com\/index.php?rest_route=\/wp\/v2\/types\/post"}],"author":[{"embeddable":true,"href":"https:\/\/noticiasveraces.com\/index.php?rest_route=\/wp\/v2\/users\/1"}],"replies":[{"embeddable":true,"href":"https:\/\/noticiasveraces.com\/index.php?rest_route=%2Fwp%2Fv2%2Fcomments&post=24629"}],"version-history":[{"count":0,"href":"https:\/\/noticiasveraces.com\/index.php?rest_route=\/wp\/v2\/posts\/24629\/revisions"}],"wp:featuredmedia":[{"embeddable":true,"href":"https:\/\/noticiasveraces.com\/index.php?rest_route=\/wp\/v2\/media\/24631"}],"wp:attachment":[{"href":"https:\/\/noticiasveraces.com\/index.php?rest_route=%2Fwp%2Fv2%2Fmedia&parent=24629"}],"wp:term":[{"taxonomy":"category","embeddable":true,"href":"https:\/\/noticiasveraces.com\/index.php?rest_route=%2Fwp%2Fv2%2Fcategories&post=24629"},{"taxonomy":"post_tag","embeddable":true,"href":"https:\/\/noticiasveraces.com\/index.php?rest_route=%2Fwp%2Fv2%2Ftags&post=24629"}],"curies":[{"name":"wp","href":"https:\/\/api.w.org\/{rel}","templated":true}]}}