{"id":24624,"date":"2025-04-26T12:38:42","date_gmt":"2025-04-26T16:38:42","guid":{"rendered":"https:\/\/noticiasveraces.com\/?p=24624"},"modified":"2025-04-26T12:38:42","modified_gmt":"2025-04-26T16:38:42","slug":"popes-francis-benedicto-xvi-juan-pablo-ii-100-anos-del-amor-de-dios","status":"publish","type":"post","link":"https:\/\/noticiasveraces.com\/?p=24624","title":{"rendered":"Popes Francis, Benedicto XVI, Juan Pablo II: 100 a\u00f1os del amor de Dios"},"content":{"rendered":"<p> \n<\/p>\n<div>\n<p class=\"speakable\">El Papa Francisco, de 88 a\u00f1os, fue diagnosticado recientemente con neumon\u00eda bilateral, y como los cat\u00f3licos preocupados en todo el mundo rezan por el Santo Padre, el Vaticano revel\u00f3 la semana pasada que seguir\u00e1 siendo hospitalizado para recibir tratamiento.<\/p>\n<p class=\"speakable\">Los papas de los \u00faltimos 100 a\u00f1os han visto su parte justa de divisiones pol\u00edticas y controversia, desde los pont\u00edfices que rompen pr\u00e1cticas centenarias hasta la reacci\u00f3n sobre la respuesta del Vaticano al r\u00e9gimen de Hilter hasta las ense\u00f1anzas del amor y la gracia de Dios y viajan por el mundo para llegar a los enfermos y solitarios; <\/p>\n<h3>Papa Benedicto XVI (2005-2013)<\/h3>\n<p>Antes de que el Papa Francisco fuera elegido por el Colegio de Cardenales en 2013, el Papa Benedicto XVI, nacido Joseph Ratzinger, dirigi\u00f3 la Iglesia Cat\u00f3lica desde 2005-2013.<\/p>\n<p><strong>El Papa Francisco se levant\u00f3 de la cama para desayunar el s\u00e9ptimo d\u00eda en el hospital: Vaticano<\/strong><\/p>\n<div class=\"image-ct inline\">\n<div class=\"m\"><picture><source media=\"(max-width: 767px)\" srcset=\"https:\/\/a57.foxnews.com\/static.foxnews.com\/foxnews.com\/content\/uploads\/2025\/02\/343\/192\/past-popes.jpg?ve=1&amp;tl=1, https:\/\/a57.foxnews.com\/static.foxnews.com\/foxnews.com\/content\/uploads\/2025\/02\/686\/384\/past-popes.jpg?ve=1&amp;tl=1 2x\" height=\"192\" width=\"343\"><source media=\"(min-width: 768px) and (max-width: 1023px)\" srcset=\"https:\/\/a57.foxnews.com\/static.foxnews.com\/foxnews.com\/content\/uploads\/2025\/02\/672\/378\/past-popes.jpg?ve=1&amp;tl=1, https:\/\/a57.foxnews.com\/static.foxnews.com\/foxnews.com\/content\/uploads\/2025\/02\/1344\/756\/past-popes.jpg?ve=1&amp;tl=1 2x\" height=\"378\" width=\"672\"><source media=\"(min-width: 1024px) and (max-width: 1279px)\" srcset=\"https:\/\/a57.foxnews.com\/static.foxnews.com\/foxnews.com\/content\/uploads\/2025\/02\/931\/523\/past-popes.jpg?ve=1&amp;tl=1, https:\/\/a57.foxnews.com\/static.foxnews.com\/foxnews.com\/content\/uploads\/2025\/02\/1862\/1046\/past-popes.jpg?ve=1&amp;tl=1 2x\" height=\"523\" width=\"931\"><source media=\"(min-width: 1280px)\" srcset=\"https:\/\/a57.foxnews.com\/static.foxnews.com\/foxnews.com\/content\/uploads\/2025\/02\/720\/405\/past-popes.jpg?ve=1&amp;tl=1, https:\/\/a57.foxnews.com\/static.foxnews.com\/foxnews.com\/content\/uploads\/2025\/02\/1440\/810\/past-popes.jpg?ve=1&amp;tl=1 2x\" height=\"405\" width=\"720\"><img loading=\"lazy\" decoding=\"async\" src=\"https:\/\/a57.foxnews.com\/static.foxnews.com\/foxnews.com\/content\/uploads\/2025\/02\/1200\/675\/past-popes.jpg?ve=1&amp;tl=1\" alt=\"Imagen dividida del Papa Juan Pablo II, Papa Francisco, Papa Benedicto XVI\" width=\"1200\" height=\"675\"\/><\/source><\/source><\/source><\/source><\/picture><\/div>\n<div class=\"info\">\n<div class=\"caption\">\n<p><span>Papa Juan Pablo II, Papa Francisco y Papa Benedicto XVI<\/span> <span>(Getty Images)<\/span><\/p>\n<\/div>\n<\/div>\n<\/div>\n<p>Ratzinger naci\u00f3 en Baviera, Alemania. Al presenciar actos horribles durante el r\u00e9gimen nazi, deseaba comprometerse con la iglesia a una edad temprana. Ratzinger y su familia experimentaron abuso y castigo a manos del partido nazi. A pesar de su desd\u00e9n resuelto por el r\u00e9gimen, a los 14 a\u00f1os, la ley lo requiri\u00f3 que se uniera a Hitler Youth, una organizaci\u00f3n paramilitar.<\/p>\n<p>Durante su inscripci\u00f3n en el seminario, Ratzinger fue reclutado en la Segunda Guerra Mundial, poniendo en espera sus ense\u00f1anzas teol\u00f3gicas. Fue capturado y retenido como prisionero de guerra por los estadounidenses durante varios meses. Tras su liberaci\u00f3n, dej\u00f3 el ej\u00e9rcito y fue ordenado en 1951 junto a su hermano.<\/p>\n<p>Ratzinger fue elegido Papa en 2005 y, durante su papado, predic\u00f3 un mensaje del amor eterno de Dios, alent\u00f3 a los cat\u00f3licos a permanecer fieles a Dios e implor\u00f3 la presencia de amor, alegr\u00eda y verdad en la vida.<\/p>\n<p>Citando preocupaciones de salud, Benedict, en 2013, fue el primer pont\u00edfice en renunciar al papado en 600 a\u00f1os.<\/p>\n<p>Muri\u00f3 a los 95 a\u00f1os en 2022.<\/p>\n<p><strong>El Papa Francisco permanecer\u00e1 en el hospital, dice el Vaticano<\/strong><\/p>\n<div class=\"image-ct inline\">\n<div class=\"m\"><picture><source media=\"(max-width: 767px)\" srcset=\"https:\/\/a57.foxnews.com\/static.foxnews.com\/foxnews.com\/content\/uploads\/2021\/07\/343\/192\/pope-francis-pope-benedict-vatican.jpg?ve=1&amp;tl=1, https:\/\/a57.foxnews.com\/static.foxnews.com\/foxnews.com\/content\/uploads\/2021\/07\/686\/384\/pope-francis-pope-benedict-vatican.jpg?ve=1&amp;tl=1 2x\" height=\"192\" width=\"343\"><source media=\"(min-width: 768px) and (max-width: 1023px)\" srcset=\"https:\/\/a57.foxnews.com\/static.foxnews.com\/foxnews.com\/content\/uploads\/2021\/07\/672\/378\/pope-francis-pope-benedict-vatican.jpg?ve=1&amp;tl=1, https:\/\/a57.foxnews.com\/static.foxnews.com\/foxnews.com\/content\/uploads\/2021\/07\/1344\/756\/pope-francis-pope-benedict-vatican.jpg?ve=1&amp;tl=1 2x\" height=\"378\" width=\"672\"><source media=\"(min-width: 1024px) and (max-width: 1279px)\" srcset=\"https:\/\/a57.foxnews.com\/static.foxnews.com\/foxnews.com\/content\/uploads\/2021\/07\/931\/523\/pope-francis-pope-benedict-vatican.jpg?ve=1&amp;tl=1, https:\/\/a57.foxnews.com\/static.foxnews.com\/foxnews.com\/content\/uploads\/2021\/07\/1862\/1046\/pope-francis-pope-benedict-vatican.jpg?ve=1&amp;tl=1 2x\" height=\"523\" width=\"931\"><source media=\"(min-width: 1280px)\" srcset=\"https:\/\/a57.foxnews.com\/static.foxnews.com\/foxnews.com\/content\/uploads\/2021\/07\/720\/405\/pope-francis-pope-benedict-vatican.jpg?ve=1&amp;tl=1, https:\/\/a57.foxnews.com\/static.foxnews.com\/foxnews.com\/content\/uploads\/2021\/07\/1440\/810\/pope-francis-pope-benedict-vatican.jpg?ve=1&amp;tl=1 2x\" height=\"405\" width=\"720\"><img loading=\"lazy\" decoding=\"async\" src=\"https:\/\/a57.foxnews.com\/static.foxnews.com\/foxnews.com\/content\/uploads\/2021\/07\/1200\/675\/pope-francis-pope-benedict-vatican.jpg?ve=1&amp;tl=1\" alt=\"Papa Francisco y Papa Benedicto en el Vaticano\" width=\"1200\" height=\"675\"\/><\/source><\/source><\/source><\/source><\/picture><\/div>\n<div class=\"info\">\n<div class=\"caption\">\n<p><span>El Papa Francisco conoci\u00f3 al ex Papa Benedicto XVI para intercambiar saludos navide\u00f1os en 2013, el a\u00f1o en que Benedict XVI renunci\u00f3 a Papa.<\/span> <span>(Maurix\/Gamma-Rapho a trav\u00e9s de Getty Images))<\/span><\/p>\n<\/div>\n<\/div>\n<\/div>\n<h3>Papa Juan Pablo II (1978-2005)<\/h3>\n<p>El Papa Juan Pablo II, nacido Karol Wojty\u0142a, fue elegido Papa el 16 de octubre de 1978. Fue el primer pont\u00edfice polaco.<\/p>\n<p>Wojty\u0142a tom\u00f3 el nombre regnal despu\u00e9s de su predecesor, el Papa John Pablo I, quien falleci\u00f3 solo un mes en su reinado como el soberano de la ciudad del Vaticano.<\/p>\n<p>La elecci\u00f3n de Wojty\u0142a por el Colegio de Cardenales marc\u00f3 la primera vez que un no italiano servir\u00eda como Papa en m\u00e1s de 400 a\u00f1os. A los 58 a\u00f1os, Wojty\u0142a fue uno de los papas m\u00e1s j\u00f3venes de la historia.<\/p>\n<p>Wojtyla estudi\u00f3 teolog\u00eda en Roma y sirvi\u00f3 como el arzobispo de Krakow. A trav\u00e9s de su pontificado de 26 a\u00f1os, John Pablo II viaj\u00f3 a 129 pa\u00edses, convirti\u00e9ndose en el Papa m\u00e1s viajado de la historia.<\/p>\n<p><strong><u>Papa Francisco diagnosticado con neumon\u00eda bilateral, dice el Vaticano<\/u><\/strong><\/p>\n<div class=\"image-ct inline\">\n<div class=\"m\"><picture><source media=\"(max-width: 767px)\" srcset=\"https:\/\/a57.foxnews.com\/static.foxnews.com\/foxnews.com\/content\/uploads\/2023\/03\/343\/192\/pjpii-9.jpg?ve=1&amp;tl=1, https:\/\/a57.foxnews.com\/static.foxnews.com\/foxnews.com\/content\/uploads\/2023\/03\/686\/384\/pjpii-9.jpg?ve=1&amp;tl=1 2x\" height=\"192\" width=\"343\"><source media=\"(min-width: 768px) and (max-width: 1023px)\" srcset=\"https:\/\/a57.foxnews.com\/static.foxnews.com\/foxnews.com\/content\/uploads\/2023\/03\/672\/378\/pjpii-9.jpg?ve=1&amp;tl=1, https:\/\/a57.foxnews.com\/static.foxnews.com\/foxnews.com\/content\/uploads\/2023\/03\/1344\/756\/pjpii-9.jpg?ve=1&amp;tl=1 2x\" height=\"378\" width=\"672\"><source media=\"(min-width: 1024px) and (max-width: 1279px)\" srcset=\"https:\/\/a57.foxnews.com\/static.foxnews.com\/foxnews.com\/content\/uploads\/2023\/03\/931\/523\/pjpii-9.jpg?ve=1&amp;tl=1, https:\/\/a57.foxnews.com\/static.foxnews.com\/foxnews.com\/content\/uploads\/2023\/03\/1862\/1046\/pjpii-9.jpg?ve=1&amp;tl=1 2x\" height=\"523\" width=\"931\"><source media=\"(min-width: 1280px)\" srcset=\"https:\/\/a57.foxnews.com\/static.foxnews.com\/foxnews.com\/content\/uploads\/2023\/03\/720\/405\/pjpii-9.jpg?ve=1&amp;tl=1, https:\/\/a57.foxnews.com\/static.foxnews.com\/foxnews.com\/content\/uploads\/2023\/03\/1440\/810\/pjpii-9.jpg?ve=1&amp;tl=1 2x\" height=\"405\" width=\"720\"><img loading=\"lazy\" decoding=\"async\" src=\"https:\/\/a57.foxnews.com\/static.foxnews.com\/foxnews.com\/content\/uploads\/2023\/03\/1200\/675\/pjpii-9.jpg?ve=1&amp;tl=1\" alt=\"Papa Juan Pablo II 1979 Irlanda\" width=\"1200\" height=\"675\"\/><\/source><\/source><\/source><\/source><\/picture><\/div>\n<div class=\"info\">\n<div class=\"caption\">\n<p><span>El Papa Juan Pablo II fue el primer papa polaco en la historia.<\/span> <span>(Chuck Fishman\/Getty Images)<\/span><\/p>\n<\/div>\n<\/div>\n<\/div>\n<p>Durante su papado, Juan Pablo II predic\u00f3 el servicio, la responsabilidad de la paz y la protecci\u00f3n de la vida. En 1981, un pistolero solitario, Mehmet Ali A\u011fca, intent\u00f3 asesinar al Papa en la Plaza de San Pedro en la ciudad del Vaticano. Fue golpeado dos veces mientras viajaba en un auto abierto y gravemente herido. Fue llevado de urgencia al Hospital Gemelli en Roma y tratado por sus heridas.<\/p>\n<p>Juan Pablo II luego visit\u00f3 a A\u011fca en prisi\u00f3n y perdon\u00f3 al tirador en persona.<\/p>\n<p>En 2005, John Paul muri\u00f3 en su departamento en el Vaticano a los 84 a\u00f1os. Fue canonizado como santo en 2014.<\/p>\n<h3>Papa John Paul I (1978-1978)<\/h3>\n<p>El Papa John Pablo I, nacido Albino Luciani, fue elegido Papa el 26 de agosto de 1978. Su reinado como soberano de la ciudad del Vaticano fue breve, ya que muri\u00f3 33 d\u00edas despu\u00e9s.<\/p>\n<p>Fue ordenado en 1935, nombrado obispo en 1958 y cre\u00f3 el arzobispo de Venecia en 1969. A menudo se le conoce como \u00abel Papa sonriente\u00bb.<\/p>\n<h3>Papa Pablo VI (1963-1978)<\/h3>\n<p>El Papa Pablo VI naci\u00f3 Giovanni Battista Montini en Brescia, Italia. Fue elegido como pont\u00edfice en 1963 despu\u00e9s de ser nombrado Arzobispo de Mil\u00e1n.<\/p>\n<p>Durante su papado, Montini concluy\u00f3 tres sesiones del Segundo Concilio Vaticano, una renovaci\u00f3n significativa de la Iglesia Cat\u00f3lica. Los documentos oficiales marcaron un hito en la iglesia y condenaron el antisemitismo. <\/p>\n<p><strong>La carta de guerra muestra que el Papa P\u00edo XII puede haber sabido sobre Holocausto antes de lo que se pensaba anteriormente<\/strong><\/p>\n<div class=\"image-ct inline\">\n<div class=\"m\"><picture><source media=\"(max-width: 767px)\" srcset=\"https:\/\/a57.foxnews.com\/static.foxnews.com\/foxnews.com\/content\/uploads\/2023\/05\/343\/192\/GettyImages-514681816.jpg?ve=1&amp;tl=1, https:\/\/a57.foxnews.com\/static.foxnews.com\/foxnews.com\/content\/uploads\/2023\/05\/686\/384\/GettyImages-514681816.jpg?ve=1&amp;tl=1 2x\" height=\"192\" width=\"343\"><source media=\"(min-width: 768px) and (max-width: 1023px)\" srcset=\"https:\/\/a57.foxnews.com\/static.foxnews.com\/foxnews.com\/content\/uploads\/2023\/05\/672\/378\/GettyImages-514681816.jpg?ve=1&amp;tl=1, https:\/\/a57.foxnews.com\/static.foxnews.com\/foxnews.com\/content\/uploads\/2023\/05\/1344\/756\/GettyImages-514681816.jpg?ve=1&amp;tl=1 2x\" height=\"378\" width=\"672\"><source media=\"(min-width: 1024px) and (max-width: 1279px)\" srcset=\"https:\/\/a57.foxnews.com\/static.foxnews.com\/foxnews.com\/content\/uploads\/2023\/05\/931\/523\/GettyImages-514681816.jpg?ve=1&amp;tl=1, https:\/\/a57.foxnews.com\/static.foxnews.com\/foxnews.com\/content\/uploads\/2023\/05\/1862\/1046\/GettyImages-514681816.jpg?ve=1&amp;tl=1 2x\" height=\"523\" width=\"931\"><source media=\"(min-width: 1280px)\" srcset=\"https:\/\/a57.foxnews.com\/static.foxnews.com\/foxnews.com\/content\/uploads\/2023\/05\/720\/405\/GettyImages-514681816.jpg?ve=1&amp;tl=1, https:\/\/a57.foxnews.com\/static.foxnews.com\/foxnews.com\/content\/uploads\/2023\/05\/1440\/810\/GettyImages-514681816.jpg?ve=1&amp;tl=1 2x\" height=\"405\" width=\"720\"><img loading=\"lazy\" decoding=\"async\" src=\"https:\/\/a57.foxnews.com\/static.foxnews.com\/foxnews.com\/content\/uploads\/2023\/05\/1200\/675\/GettyImages-514681816.jpg?ve=1&amp;tl=1\" alt=\"Juan Pablo II Gunman\" width=\"1200\" height=\"675\"\/><\/source><\/source><\/source><\/source><\/picture><\/div>\n<div class=\"info\">\n<div class=\"caption\">\n<p><span>El Papa Juan Pablo II fue disparado por Mehmet Ali A\u011fca en 1981. Visit\u00f3 a su posible asesino en la c\u00e1rcel de Rebibbia, Roma.<\/span> <span>(Getty Images)<\/span><\/p>\n<\/div>\n<\/div>\n<\/div>\n<p>Montini viaj\u00f3 a Tierra Santa en el Medio Oriente, India, Uganda, Filipinas y partes de los Estados Unidos durante su reinado.<\/p>\n<p>En 2018, el Papa Pablo VI fue canonizado como un santo. Fue reconocido como un l\u00edder fuerte, y sus esfuerzos por construir v\u00ednculos m\u00e1s fuertes entre otras religiones se citan como una de las razones de su canonizaci\u00f3n.<\/p>\n<p>El Papa Pablo VI muri\u00f3 en 1978 a los 80 a\u00f1os.<\/p>\n<h3>Papa Juan XXIII (1958-1963)<\/h3>\n<p>El Papa Juan XXIII, nacido Angelo Giuseppe Roncalli, naci\u00f3 en una familia de 13 hijos en Sotto Il Monte, Italia.<\/p>\n<p>En 1892, Roncalli entr\u00f3 en el seminario. Fue ordenado en 1904 y fue nombrado cardenal y el patriarca de Venecia en 1953.<\/p>\n<p><strong><u>La Iglesia Cat\u00f3lica Batifica a la familia polaca que protegi\u00f3 a los jud\u00edos durante la Segunda Guerra Mundial: &#8216;Pag\u00f3 el precio m\u00e1s alto del martirio&#8217;<\/u><\/strong><\/p>\n<div class=\"image-ct inline\">\n<div class=\"m\"><picture><source media=\"(max-width: 767px)\" srcset=\"https:\/\/a57.foxnews.com\/static.foxnews.com\/foxnews.com\/content\/uploads\/2018\/09\/343\/192\/vatican-city.jpg?ve=1&amp;tl=1, https:\/\/a57.foxnews.com\/static.foxnews.com\/foxnews.com\/content\/uploads\/2018\/09\/686\/384\/vatican-city.jpg?ve=1&amp;tl=1 2x\" height=\"192\" width=\"343\"><source media=\"(min-width: 768px) and (max-width: 1023px)\" srcset=\"https:\/\/a57.foxnews.com\/static.foxnews.com\/foxnews.com\/content\/uploads\/2018\/09\/672\/378\/vatican-city.jpg?ve=1&amp;tl=1, https:\/\/a57.foxnews.com\/static.foxnews.com\/foxnews.com\/content\/uploads\/2018\/09\/1344\/756\/vatican-city.jpg?ve=1&amp;tl=1 2x\" height=\"378\" width=\"672\"><source media=\"(min-width: 1024px) and (max-width: 1279px)\" srcset=\"https:\/\/a57.foxnews.com\/static.foxnews.com\/foxnews.com\/content\/uploads\/2018\/09\/931\/523\/vatican-city.jpg?ve=1&amp;tl=1, https:\/\/a57.foxnews.com\/static.foxnews.com\/foxnews.com\/content\/uploads\/2018\/09\/1862\/1046\/vatican-city.jpg?ve=1&amp;tl=1 2x\" height=\"523\" width=\"931\"><source media=\"(min-width: 1280px)\" srcset=\"https:\/\/a57.foxnews.com\/static.foxnews.com\/foxnews.com\/content\/uploads\/2018\/09\/720\/405\/vatican-city.jpg?ve=1&amp;tl=1, https:\/\/a57.foxnews.com\/static.foxnews.com\/foxnews.com\/content\/uploads\/2018\/09\/1440\/810\/vatican-city.jpg?ve=1&amp;tl=1 2x\" height=\"405\" width=\"720\"><img loading=\"lazy\" decoding=\"async\" src=\"https:\/\/a57.foxnews.com\/static.foxnews.com\/foxnews.com\/content\/uploads\/2018\/09\/1200\/675\/vatican-city.jpg?ve=1&amp;tl=1\" alt=\"Plaza de San Pedro\" width=\"1200\" height=\"675\"\/><\/source><\/source><\/source><\/source><\/picture><\/div>\n<div class=\"info\">\n<div class=\"caption\">\n<p><span>Los funerales de los papas pasados \u200b\u200btienen lugar en St. Peter&#8217;s de la Ciudad del Vaticano, donde muchos est\u00e1n enterrados.<\/span> <span>(AP)<\/span><\/p>\n<\/div>\n<\/div>\n<\/div>\n<p>Como Pontiff, Roncalli convoc\u00f3 al Segundo Concilio Vaticano, que moderniz\u00f3 la Iglesia Cat\u00f3lica al renovar la liturgia y la teolog\u00eda y desarrollar mejores relaciones con otras religiones.<\/p>\n<p>El Papa Juan XXIII muri\u00f3 de c\u00e1ncer en 1963 y fue canonizado como un santo junto con Juan Pablo II en 2014.<\/p>\n<h3>Papa P\u00edo XII (1939-1958)<\/h3>\n<p>El Papa P\u00edo XII, nacido Eugenio Pacelli, era un cardenal italiano antes de ser elegido Papa en su 63 cumplea\u00f1os en 1939.<\/p>\n<p>El Papa P\u00edo Xi llam\u00f3 a Pacelli un cardenal despu\u00e9s de un c\u00f3nclave de un d\u00eda entre el Colegio de Cardenales en 1929.<\/p>\n<p>Pacelli fue Papa durante la Segunda Guerra Mundial y a trav\u00e9s del Holocausto. La correspondencia de los archivos del Vaticano muestra que Pacelli recibi\u00f3 la noticia de las atrocidades que ocurrieron contra el pueblo jud\u00edo en Alemania, y a menudo recibi\u00f3 s\u00faplicas para ayudar a los jud\u00edos.<\/p>\n<p><strong><u>Papa: Vaticano el pr\u00f3ximo a\u00f1o para abrir archivos en tiempos de guerra P\u00edo XII<\/u><\/strong><\/p>\n<div class=\"image-ct inline\">\n<div class=\"m\"><picture><source media=\"(max-width: 767px)\" srcset=\"https:\/\/a57.foxnews.com\/static.foxnews.com\/foxnews.com\/content\/uploads\/2023\/01\/343\/192\/AP23005294268738.jpg?ve=1&amp;tl=1, https:\/\/a57.foxnews.com\/static.foxnews.com\/foxnews.com\/content\/uploads\/2023\/01\/686\/384\/AP23005294268738.jpg?ve=1&amp;tl=1 2x\" height=\"192\" width=\"343\"><source media=\"(min-width: 768px) and (max-width: 1023px)\" srcset=\"https:\/\/a57.foxnews.com\/static.foxnews.com\/foxnews.com\/content\/uploads\/2023\/01\/672\/378\/AP23005294268738.jpg?ve=1&amp;tl=1, https:\/\/a57.foxnews.com\/static.foxnews.com\/foxnews.com\/content\/uploads\/2023\/01\/1344\/756\/AP23005294268738.jpg?ve=1&amp;tl=1 2x\" height=\"378\" width=\"672\"><source media=\"(min-width: 1024px) and (max-width: 1279px)\" srcset=\"https:\/\/a57.foxnews.com\/static.foxnews.com\/foxnews.com\/content\/uploads\/2023\/01\/931\/523\/AP23005294268738.jpg?ve=1&amp;tl=1, https:\/\/a57.foxnews.com\/static.foxnews.com\/foxnews.com\/content\/uploads\/2023\/01\/1862\/1046\/AP23005294268738.jpg?ve=1&amp;tl=1 2x\" height=\"523\" width=\"931\"><source media=\"(min-width: 1280px)\" srcset=\"https:\/\/a57.foxnews.com\/static.foxnews.com\/foxnews.com\/content\/uploads\/2023\/01\/720\/405\/AP23005294268738.jpg?ve=1&amp;tl=1, https:\/\/a57.foxnews.com\/static.foxnews.com\/foxnews.com\/content\/uploads\/2023\/01\/1440\/810\/AP23005294268738.jpg?ve=1&amp;tl=1 2x\" height=\"405\" width=\"720\"><img loading=\"lazy\" decoding=\"async\" src=\"https:\/\/a57.foxnews.com\/static.foxnews.com\/foxnews.com\/content\/uploads\/2023\/01\/1200\/675\/AP23005294268738.jpg?ve=1&amp;tl=1\" alt=\"Ata\u00fad del Papa Em\u00e9rito Benedicto XVI's Funeral\" width=\"1200\" height=\"675\"\/><\/source><\/source><\/source><\/source><\/picture><\/div>\n<div class=\"info\">\n<div class=\"caption\">\n<p><span>El Papa Em\u00e9rito Benedicto XVI muri\u00f3 a los 95 a\u00f1os. Su funeral tuvo lugar en la Plaza de San Pedro y asistieron alrededor de 50,000 personas.<\/span> <span>(AP Photo\/Ben Curtis)<\/span><\/p>\n<\/div>\n<\/div>\n<\/div>\n<p>El Papa P\u00edo XII ha sido intensamente criticado por lo que se ha llamado su falta de apoyo a los jud\u00edos durante la Segunda Guerra Mundial, pero el Vaticano se ha mantenido firme en su defensa.<\/p>\n<p>P\u00edo XII muri\u00f3 en 1958 a los 82 a\u00f1os.<\/p>\n<h3>Papa P\u00edo XI (1922-1939)<\/h3>\n<p>El Papa P\u00edo Xi, nacido Ambrogio Damiano Achille Ratti, fue ordenado sacerdote en 1879. Fue nombrado cardenal y arzobispo de Mil\u00e1n en 1921 por el Papa Benedicto XV y eligi\u00f3 al Papa en 1922.<\/p>\n<p><strong><u>Haga clic aqu\u00ed para obtener la aplicaci\u00f3n Fox News<\/u><\/strong><\/p>\n<p>Benito Mussolini, el dictador italiano, lleg\u00f3 al poder en 1922. El Tratado de Lateran firmado por Mussolini y el papado reconoci\u00f3 la soberan\u00eda papal sobre la ciudad del Vaticano, lo que hace del estado un territorio neutral y el Papa pol\u00edticamente independiente.<\/p>\n<p>P\u00edo Xi muri\u00f3 en 1939 a los 81 a\u00f1os.<\/p>\n<p> <!----> <\/p>\n<div class=\"article-meta\">\n<div class=\"author-bio\">\n<p>Gabriele Regalbuto es editor senior de SEO en Fox News Digital. Gabriele tiene un t\u00edtulo de periodismo y comunicaciones de la Universidad de West Virginia. Ha trabajado para producir contenido para peri\u00f3dicos, revistas y plataformas digitales. En Fox, ha ayudado en la cobertura de eventos de noticias de \u00faltima hora, incluido el ciclo presidencial de 2024, las elecciones de mitad de per\u00edodo de 2022, la muerte de la reina Isabel II, la guerra en curso entre Rusia y Ucrania.<\/p>\n<\/div>\n<\/div>\n<\/div>\n\n","protected":false},"excerpt":{"rendered":"<p>El Papa Francisco, de 88 a\u00f1os, fue diagnosticado recientemente con neumon\u00eda bilateral, y como los cat\u00f3licos preocupados en todo el mundo rezan por el Santo Padre, el Vaticano revel\u00f3 la semana pasada que seguir\u00e1 siendo hospitalizado para recibir tratamiento. Los papas de los \u00faltimos 100 a\u00f1os han visto su parte justa de divisiones pol\u00edticas y &hellip;<\/p>\n","protected":false},"author":1,"featured_media":24626,"comment_status":"open","ping_status":"open","sticky":false,"template":"","format":"standard","meta":{"fifu_image_url":"https:\/\/static.foxnews.com\/foxnews.com\/content\/uploads\/2025\/02\/past-popes.jpg","fifu_image_alt":"","footnotes":""},"categories":[13],"tags":[],"class_list":["post-24624","post","type-post","status-publish","format-standard","has-post-thumbnail","","category-mundo"],"_links":{"self":[{"href":"https:\/\/noticiasveraces.com\/index.php?rest_route=\/wp\/v2\/posts\/24624","targetHints":{"allow":["GET"]}}],"collection":[{"href":"https:\/\/noticiasveraces.com\/index.php?rest_route=\/wp\/v2\/posts"}],"about":[{"href":"https:\/\/noticiasveraces.com\/index.php?rest_route=\/wp\/v2\/types\/post"}],"author":[{"embeddable":true,"href":"https:\/\/noticiasveraces.com\/index.php?rest_route=\/wp\/v2\/users\/1"}],"replies":[{"embeddable":true,"href":"https:\/\/noticiasveraces.com\/index.php?rest_route=%2Fwp%2Fv2%2Fcomments&post=24624"}],"version-history":[{"count":0,"href":"https:\/\/noticiasveraces.com\/index.php?rest_route=\/wp\/v2\/posts\/24624\/revisions"}],"wp:featuredmedia":[{"embeddable":true,"href":"https:\/\/noticiasveraces.com\/index.php?rest_route=\/wp\/v2\/media\/24626"}],"wp:attachment":[{"href":"https:\/\/noticiasveraces.com\/index.php?rest_route=%2Fwp%2Fv2%2Fmedia&parent=24624"}],"wp:term":[{"taxonomy":"category","embeddable":true,"href":"https:\/\/noticiasveraces.com\/index.php?rest_route=%2Fwp%2Fv2%2Fcategories&post=24624"},{"taxonomy":"post_tag","embeddable":true,"href":"https:\/\/noticiasveraces.com\/index.php?rest_route=%2Fwp%2Fv2%2Ftags&post=24624"}],"curies":[{"name":"wp","href":"https:\/\/api.w.org\/{rel}","templated":true}]}}