{"id":24618,"date":"2025-04-26T10:35:11","date_gmt":"2025-04-26T14:35:11","guid":{"rendered":"https:\/\/noticiasveraces.com\/?p=24618"},"modified":"2025-04-26T10:35:11","modified_gmt":"2025-04-26T14:35:11","slug":"notebook-del-reportero-de-john-paul-ii-a-francis-que-cubre-dos-papez-historicas","status":"publish","type":"post","link":"https:\/\/noticiasveraces.com\/?p=24618","title":{"rendered":"Notebook del reportero: de John Paul II a Francis, que cubre dos papez hist\u00f3ricas"},"content":{"rendered":"<p> \n<\/p>\n<div>\n<p class=\"speakable\">Dos papas. . . Francis y Juan Pablo II. . . Sus muertes se separaron por casi exactamente veinte a\u00f1os. Tanto figuras de renombre mundial y similares en el enfoque personal. . . Pero los dos tambi\u00e9n eran diferentes. Tuve el honor de cubrir ambos.  <\/p>\n<p class=\"speakable\">La noticia de la muerte del Papa Francisco lleg\u00f3 justo cuando regresaba a Londres desde un largo fin de semana de Pascua en los Estados Unidos. Si bien Francis hab\u00eda estado gravemente enfermo, tambi\u00e9n parec\u00eda estar en la reparaci\u00f3n, por lo que su muerte r\u00e1pida y tranquila en su modesto apartamento en la casa de hu\u00e9spedes de Santa Marta sorprendi\u00f3 a muchos. Un \u00abCatnap\u00bb planeado por m\u00ed en casa se convirti\u00f3 en una carrera r\u00e1pida en nuestro estudio del Reino Unido. <\/p>\n<p>En una serie de \u00abtomas en vivo\u00bb, habl\u00e9 de un hombre que parec\u00eda tan familiar para todos. Lo llamaron el \u00abPapa de la gente\u00bb. Y no es de extra\u00f1ar. El primero de las Am\u00e9ricas. Durante 12 a\u00f1os, un campe\u00f3n de los oprimidos, v\u00edctimas de la guerra, el hambre y la pobreza. Asumiendo grandes problemas mundiales como la desigualdad y el calentamiento global. Enredo, con grados de \u00e9xito, con problemas dentro de la Iglesia Cat\u00f3lica Romana como el abuso sexual y los roles de las mujeres y los gays. Todo con un toque personal, humilde y humor\u00edstico.   <\/p>\n<p><strong>Fox News to Air Special Cobertura en vivo del funeral del Papa Francisco el s\u00e1bado<\/strong><\/p>\n<div class=\"image-ct inline\">\n<div class=\"m\"><picture><source media=\"(max-width: 767px)\" srcset=\"https:\/\/a57.foxnews.com\/static.foxnews.com\/foxnews.com\/content\/uploads\/2025\/04\/343\/192\/pope-franicis-dead_027.jpg?ve=1&amp;tl=1, https:\/\/a57.foxnews.com\/static.foxnews.com\/foxnews.com\/content\/uploads\/2025\/04\/686\/384\/pope-franicis-dead_027.jpg?ve=1&amp;tl=1 2x\" height=\"192\" width=\"343\"><source media=\"(min-width: 768px) and (max-width: 1023px)\" srcset=\"https:\/\/a57.foxnews.com\/static.foxnews.com\/foxnews.com\/content\/uploads\/2025\/04\/672\/378\/pope-franicis-dead_027.jpg?ve=1&amp;tl=1, https:\/\/a57.foxnews.com\/static.foxnews.com\/foxnews.com\/content\/uploads\/2025\/04\/1344\/756\/pope-franicis-dead_027.jpg?ve=1&amp;tl=1 2x\" height=\"378\" width=\"672\"><source media=\"(min-width: 1024px) and (max-width: 1279px)\" srcset=\"https:\/\/a57.foxnews.com\/static.foxnews.com\/foxnews.com\/content\/uploads\/2025\/04\/931\/523\/pope-franicis-dead_027.jpg?ve=1&amp;tl=1, https:\/\/a57.foxnews.com\/static.foxnews.com\/foxnews.com\/content\/uploads\/2025\/04\/1862\/1046\/pope-franicis-dead_027.jpg?ve=1&amp;tl=1 2x\" height=\"523\" width=\"931\"><source media=\"(min-width: 1280px)\" srcset=\"https:\/\/a57.foxnews.com\/static.foxnews.com\/foxnews.com\/content\/uploads\/2025\/04\/720\/405\/pope-franicis-dead_027.jpg?ve=1&amp;tl=1, https:\/\/a57.foxnews.com\/static.foxnews.com\/foxnews.com\/content\/uploads\/2025\/04\/1440\/810\/pope-franicis-dead_027.jpg?ve=1&amp;tl=1 2x\" height=\"405\" width=\"720\"><img loading=\"lazy\" decoding=\"async\" src=\"https:\/\/a57.foxnews.com\/static.foxnews.com\/foxnews.com\/content\/uploads\/2025\/04\/1200\/675\/pope-franicis-dead_027.jpg?ve=1&amp;tl=1\" alt=\"Cat\u00f3licos fieles lloran la muerte del Papa Francisco\" width=\"1200\" height=\"675\"\/><\/source><\/source><\/source><\/source><\/picture><\/div>\n<div class=\"info\">\n<div class=\"caption\">\n<p><span>Un seguidor tiene un retrato del difunto Papa Francisco en el Bas\u00edlica de San Jos\u00e9 de Flores, donde ador\u00f3 cuando era joven, luego del anuncio del Vaticano de su muerte en Buenos Aires, Argentina, lunes 21 de abril de 2025.<\/span> <span>(Gustavo Garello\/AP)<\/span><\/p>\n<\/div>\n<\/div>\n<\/div>\n<p>Y al mismo tiempo, en mi mente, hab\u00eda recuerdos del fallecimiento del Papa Juan Pablo II. Estuve all\u00ed en la ciudad del Vaticano en una noche fr\u00eda en abril de 2005, informando con el equipo de Fox News. El Papa estaba literalmente en su lecho de muerte en su apartamento del palacio apost\u00f3lico con vistas a la Plaza de San Pedro, donde decenas de miles se hab\u00edan reunido en una vigilia masiva. Y luego las luces se apagaron.<\/p>\n<div class=\"image-ct inline\">\n<div class=\"m\"><picture><source media=\"(max-width: 767px)\" srcset=\"https:\/\/a57.foxnews.com\/static.foxnews.com\/foxnews.com\/content\/uploads\/2025\/04\/343\/192\/palkot-screen-grab.jpg?ve=1&amp;tl=1, https:\/\/a57.foxnews.com\/static.foxnews.com\/foxnews.com\/content\/uploads\/2025\/04\/686\/384\/palkot-screen-grab.jpg?ve=1&amp;tl=1 2x\" height=\"192\" width=\"343\"><source media=\"(min-width: 768px) and (max-width: 1023px)\" srcset=\"https:\/\/a57.foxnews.com\/static.foxnews.com\/foxnews.com\/content\/uploads\/2025\/04\/672\/378\/palkot-screen-grab.jpg?ve=1&amp;tl=1, https:\/\/a57.foxnews.com\/static.foxnews.com\/foxnews.com\/content\/uploads\/2025\/04\/1344\/756\/palkot-screen-grab.jpg?ve=1&amp;tl=1 2x\" height=\"378\" width=\"672\"><source media=\"(min-width: 1024px) and (max-width: 1279px)\" srcset=\"https:\/\/a57.foxnews.com\/static.foxnews.com\/foxnews.com\/content\/uploads\/2025\/04\/931\/523\/palkot-screen-grab.jpg?ve=1&amp;tl=1, https:\/\/a57.foxnews.com\/static.foxnews.com\/foxnews.com\/content\/uploads\/2025\/04\/1862\/1046\/palkot-screen-grab.jpg?ve=1&amp;tl=1 2x\" height=\"523\" width=\"931\"><source media=\"(min-width: 1280px)\" srcset=\"https:\/\/a57.foxnews.com\/static.foxnews.com\/foxnews.com\/content\/uploads\/2025\/04\/720\/405\/palkot-screen-grab.jpg?ve=1&amp;tl=1, https:\/\/a57.foxnews.com\/static.foxnews.com\/foxnews.com\/content\/uploads\/2025\/04\/1440\/810\/palkot-screen-grab.jpg?ve=1&amp;tl=1 2x\" height=\"405\" width=\"720\"><img loading=\"lazy\" decoding=\"async\" src=\"https:\/\/a57.foxnews.com\/static.foxnews.com\/foxnews.com\/content\/uploads\/2025\/04\/1200\/675\/palkot-screen-grab.jpg?ve=1&amp;tl=1\" alt=\"El corresponsal de Fox News, Greg Palkot, informa sobre el fallecimiento del Papa Juan Pablo II en la ciudad del Vaticano, abril de 2005\" width=\"1200\" height=\"675\"\/><\/source><\/source><\/source><\/source><\/picture><\/div>\n<div class=\"info\">\n<div class=\"caption\">\n<p><span>El corresponsal de Fox News, Greg Palkot, informa sobre el fallecimiento del Papa Juan Pablo II en la ciudad del Vaticano, abril de 2005<\/span> <span>(Fox News)<\/span><\/p>\n<\/div>\n<\/div>\n<\/div>\n<p>Tambi\u00e9n detallamos esa noche, la vida de este hombre que hab\u00eda capturado el esp\u00edritu del mundo. Una voz fuerte para la libertad y la democracia. Quien hab\u00eda jugado un papel importante en derribar el comunismo en su tierra natal de Polonia y en otros lugares. Juan Pablo II trat\u00f3 de reunir al mundo mientras manten\u00eda las decisiones de la iglesia en l\u00ednea. Lo hab\u00eda cubierto durante 26 a\u00f1os, comenzando como productor \u00abcachorro\u00bb en su c\u00f3nclave en 1978.<\/p>\n<div class=\"image-ct inline\">\n<div class=\"m\"><picture><source media=\"(max-width: 767px)\" srcset=\"https:\/\/a57.foxnews.com\/static.foxnews.com\/foxnews.com\/content\/uploads\/2025\/04\/343\/192\/palkot-producer-rome.jpg?ve=1&amp;tl=1, https:\/\/a57.foxnews.com\/static.foxnews.com\/foxnews.com\/content\/uploads\/2025\/04\/686\/384\/palkot-producer-rome.jpg?ve=1&amp;tl=1 2x\" height=\"192\" width=\"343\"><source media=\"(min-width: 768px) and (max-width: 1023px)\" srcset=\"https:\/\/a57.foxnews.com\/static.foxnews.com\/foxnews.com\/content\/uploads\/2025\/04\/672\/378\/palkot-producer-rome.jpg?ve=1&amp;tl=1, https:\/\/a57.foxnews.com\/static.foxnews.com\/foxnews.com\/content\/uploads\/2025\/04\/1344\/756\/palkot-producer-rome.jpg?ve=1&amp;tl=1 2x\" height=\"378\" width=\"672\"><source media=\"(min-width: 1024px) and (max-width: 1279px)\" srcset=\"https:\/\/a57.foxnews.com\/static.foxnews.com\/foxnews.com\/content\/uploads\/2025\/04\/931\/523\/palkot-producer-rome.jpg?ve=1&amp;tl=1, https:\/\/a57.foxnews.com\/static.foxnews.com\/foxnews.com\/content\/uploads\/2025\/04\/1862\/1046\/palkot-producer-rome.jpg?ve=1&amp;tl=1 2x\" height=\"523\" width=\"931\"><source media=\"(min-width: 1280px)\" srcset=\"https:\/\/a57.foxnews.com\/static.foxnews.com\/foxnews.com\/content\/uploads\/2025\/04\/720\/405\/palkot-producer-rome.jpg?ve=1&amp;tl=1, https:\/\/a57.foxnews.com\/static.foxnews.com\/foxnews.com\/content\/uploads\/2025\/04\/1440\/810\/palkot-producer-rome.jpg?ve=1&amp;tl=1 2x\" height=\"405\" width=\"720\"><img loading=\"lazy\" decoding=\"async\" src=\"https:\/\/a57.foxnews.com\/static.foxnews.com\/foxnews.com\/content\/uploads\/2025\/04\/1200\/675\/palkot-producer-rome.jpg?ve=1&amp;tl=1\" alt=\"Greg Palkot en Roma\" width=\"1200\" height=\"675\"\/><\/source><\/source><\/source><\/source><\/picture><\/div>\n<div class=\"info\">\n<div class=\"caption\">\n<p><span>Greg Palkot, a la izquierda, produciendo para WABC News durante el C\u00f3nclave para John Pablo II en la ciudad del Vaticano, octubre de 1978. <\/span> <span>(Cortes\u00eda Greg Palkot)<\/span><\/p>\n<\/div>\n<\/div>\n<\/div>\n<p>Despu\u00e9s de ambas muertes, las mismas palabras fueron utilizadas por funcionarios del Vaticano para describir el \u00abviaje\u00bb que los papas tomaron esos fat\u00eddicos d\u00edas: \u00abHa regresado a la casa de su padre\u00bb.<\/p>\n<p>La aprobaci\u00f3n de un Papa es solo el comienzo de un largo proceso cuando el Vaticano entrega las claves de la Iglesia de 1.300 millones de seguidores globales a un nuevo l\u00edder. Un funeral masivo cargado de ceremonia es seguido por el drama de la selecci\u00f3n de un nuevo papa, el c\u00f3nclave con su humo negro por ninguna decisi\u00f3n. . . humo blanco para un nuevo papa. Y luego su inauguraci\u00f3n. <\/p>\n<p>Los Cardenales que se reunieron a ra\u00edz del fallecimiento de Juan Pablo II eligieron al Papa Benedicto XVI un l\u00edder m\u00e1s conservador y m\u00e1s anciano de lo que hab\u00edan elegido antes. Solo servir\u00eda durante ocho a\u00f1os. Su renuncia (muri\u00f3 en 2022) allan\u00f3 el camino para otro c\u00f3nclave, que eligi\u00f3 al Papa Argentino Francisco. <\/p>\n<p><strong><u>El Papa Francisco revel\u00f3 deseos de entierro solo unos d\u00edas despu\u00e9s de convertirse en Pope en 2013<\/u><\/strong><\/p>\n<div class=\"image-ct inline\">\n<div class=\"m\"><picture><source media=\"(max-width: 767px)\" srcset=\"https:\/\/a57.foxnews.com\/static.foxnews.com\/foxnews.com\/content\/uploads\/2025\/04\/343\/192\/popes-split-photo-1.jpg?ve=1&amp;tl=1, https:\/\/a57.foxnews.com\/static.foxnews.com\/foxnews.com\/content\/uploads\/2025\/04\/686\/384\/popes-split-photo-1.jpg?ve=1&amp;tl=1 2x\" height=\"192\" width=\"343\"><source media=\"(min-width: 768px) and (max-width: 1023px)\" srcset=\"https:\/\/a57.foxnews.com\/static.foxnews.com\/foxnews.com\/content\/uploads\/2025\/04\/672\/378\/popes-split-photo-1.jpg?ve=1&amp;tl=1, https:\/\/a57.foxnews.com\/static.foxnews.com\/foxnews.com\/content\/uploads\/2025\/04\/1344\/756\/popes-split-photo-1.jpg?ve=1&amp;tl=1 2x\" height=\"378\" width=\"672\"><source media=\"(min-width: 1024px) and (max-width: 1279px)\" srcset=\"https:\/\/a57.foxnews.com\/static.foxnews.com\/foxnews.com\/content\/uploads\/2025\/04\/931\/523\/popes-split-photo-1.jpg?ve=1&amp;tl=1, https:\/\/a57.foxnews.com\/static.foxnews.com\/foxnews.com\/content\/uploads\/2025\/04\/1862\/1046\/popes-split-photo-1.jpg?ve=1&amp;tl=1 2x\" height=\"523\" width=\"931\"><source media=\"(min-width: 1280px)\" srcset=\"https:\/\/a57.foxnews.com\/static.foxnews.com\/foxnews.com\/content\/uploads\/2025\/04\/720\/405\/popes-split-photo-1.jpg?ve=1&amp;tl=1, https:\/\/a57.foxnews.com\/static.foxnews.com\/foxnews.com\/content\/uploads\/2025\/04\/1440\/810\/popes-split-photo-1.jpg?ve=1&amp;tl=1 2x\" height=\"405\" width=\"720\"><img loading=\"lazy\" decoding=\"async\" src=\"https:\/\/a57.foxnews.com\/static.foxnews.com\/foxnews.com\/content\/uploads\/2025\/04\/1200\/675\/popes-split-photo-1.jpg?ve=1&amp;tl=1\" alt=\"Greg Palkot de Fox News inform\u00f3 sobre el Papa Francisco y el Papa Juan Pablo II.\" width=\"1200\" height=\"675\"\/><\/source><\/source><\/source><\/source><\/picture><\/div>\n<div class=\"info\">\n<div class=\"caption\">\n<p><span>Greg Palkot de Fox News inform\u00f3 sobre el Papa Francisco y el Papa Juan Pablo II.<\/span> <span>(Papa Francis AP Photo\/Alessandra Tarantino | Juan Pablo II: Getty Images)<\/span><\/p>\n<\/div>\n<\/div>\n<\/div>\n<p>Se pensaba que Juan Pablo II como Francis eran extra\u00f1os a largo plazo. La especulaci\u00f3n ahora se est\u00e1 construyendo sobre la elecci\u00f3n que debe hacerse en la pr\u00f3xima \u00abelecci\u00f3n\u00bb papal. \u00bfVolver\u00e1 el papado al dominio italiano o extender\u00e1 su alcance a un nuevo pa\u00eds y continente? \u00bfEl nuevo Papa revivir\u00e1 un enfoque m\u00e1s conservador para la iglesia o se quedar\u00e1 en el esp\u00edritu moderno de Francis?<\/p>\n<p>Los pr\u00f3ximos d\u00edas lo dir\u00e1n.<\/p>\n<p>Muchos de nosotros llevamos nuestros propios recordatorios de los que han fallecido. En mi caso, literalmente. En 2005, una fuente del Vaticano me dio cuentas de rosario bendecidos por Juan Pablo II. Los he mantenido conmigo en todos mis viajes a veces rugidos desde entonces. De Afganist\u00e1n e Iraq. . . al Medio Oriente y Ucrania.<\/p>\n<div class=\"image-ct inline\">\n<div class=\"m\"><picture><source media=\"(max-width: 767px)\" srcset=\"https:\/\/a57.foxnews.com\/static.foxnews.com\/foxnews.com\/content\/uploads\/2025\/04\/343\/192\/pope-john-paul-2-rosary-beads.jpg?ve=1&amp;tl=1, https:\/\/a57.foxnews.com\/static.foxnews.com\/foxnews.com\/content\/uploads\/2025\/04\/686\/384\/pope-john-paul-2-rosary-beads.jpg?ve=1&amp;tl=1 2x\" height=\"192\" width=\"343\"><source media=\"(min-width: 768px) and (max-width: 1023px)\" srcset=\"https:\/\/a57.foxnews.com\/static.foxnews.com\/foxnews.com\/content\/uploads\/2025\/04\/672\/378\/pope-john-paul-2-rosary-beads.jpg?ve=1&amp;tl=1, https:\/\/a57.foxnews.com\/static.foxnews.com\/foxnews.com\/content\/uploads\/2025\/04\/1344\/756\/pope-john-paul-2-rosary-beads.jpg?ve=1&amp;tl=1 2x\" height=\"378\" width=\"672\"><source media=\"(min-width: 1024px) and (max-width: 1279px)\" srcset=\"https:\/\/a57.foxnews.com\/static.foxnews.com\/foxnews.com\/content\/uploads\/2025\/04\/931\/523\/pope-john-paul-2-rosary-beads.jpg?ve=1&amp;tl=1, https:\/\/a57.foxnews.com\/static.foxnews.com\/foxnews.com\/content\/uploads\/2025\/04\/1862\/1046\/pope-john-paul-2-rosary-beads.jpg?ve=1&amp;tl=1 2x\" height=\"523\" width=\"931\"><source media=\"(min-width: 1280px)\" srcset=\"https:\/\/a57.foxnews.com\/static.foxnews.com\/foxnews.com\/content\/uploads\/2025\/04\/720\/405\/pope-john-paul-2-rosary-beads.jpg?ve=1&amp;tl=1, https:\/\/a57.foxnews.com\/static.foxnews.com\/foxnews.com\/content\/uploads\/2025\/04\/1440\/810\/pope-john-paul-2-rosary-beads.jpg?ve=1&amp;tl=1 2x\" height=\"405\" width=\"720\"><img loading=\"lazy\" decoding=\"async\" src=\"https:\/\/a57.foxnews.com\/static.foxnews.com\/foxnews.com\/content\/uploads\/2025\/04\/1200\/675\/pope-john-paul-2-rosary-beads.jpg?ve=1&amp;tl=1\" alt=\"Rosary Beads bendecidos por el Papa Juan Pablo II, transportado por Greg Palkot en sus viajes.\" width=\"1200\" height=\"675\"\/><\/source><\/source><\/source><\/source><\/picture><\/div>\n<div class=\"info\">\n<div class=\"caption\">\n<p><span>Rosary Beads bendecidos por el Papa Juan Pablo II, transportado por Greg Palkot en sus viajes.<\/span> <span>(Greg Palkot)<\/span><\/p>\n<\/div>\n<\/div>\n<\/div>\n<p>Tambi\u00e9n sigo conmigo el recuerdo de mi difunta madre. Ella era una gran fan\u00e1tica del pont\u00edfice polaco. Ella muri\u00f3 de la enfermedad de Lou Gehrig, o ELA, que devastan el cuerpo. Similar a algunos de los efectos de la enfermedad de Parkinson que contribuyeron a la muerte de Juan Pablo II. <\/p>\n<p>Nacido de existencias humildes, s\u00e9 que mam\u00e1 tambi\u00e9n le hubiera gustado la simple fe del Papa Francisco. Y c\u00f3mo pas\u00f3. Hay algunos que dicen que retuvo su \u00abpartida\u00bb hasta el lunes despu\u00e9s de los eventos de Pascua, para no estropear ese d\u00eda santo en el calendario cat\u00f3lico romano.    <\/p>\n<p><strong><u>Haga clic aqu\u00ed para llegar a la aplicaci\u00f3n Fox News<\/u><\/strong><\/p>\n<p>Al igual que algunos en mi familia piensan, mi madre retuvo su fallecimiento hasta el d\u00eda despu\u00e9s de mi cumplea\u00f1os de abril. Considerado con los dem\u00e1s hasta el final.<\/p>\n<p>Descansa en paz Francis.  \u00a1Aunque estoy seguro de que te pondr\u00e1s al d\u00eda con todos tus amigos \u00abarriba\u00bb!<\/p>\n<p> <!----> <\/p>\n<div class=\"article-meta\">\n<div class=\"author-bio\">\n<p><i>Greg Palkot actualmente se desempe\u00f1a como corresponsal senior de asuntos exteriores con sede en Londres para Fox News Channel (FNC). Se uni\u00f3 a la red en 1998 como corresponsal. Seguirlo <a href=\"https:\/\/twitter.com\/GregPalkot\" target=\"_blank\">Twitter @ Gregpalkot<\/a>.<\/i>&#13;\n<\/p>\n<\/div>\n<\/div>\n<\/div>\n<p><script async src=\"https:\/\/platform.twitter.com\/widgets.js\" charset=\"utf-8\"><\/script><br \/>\n<br \/>\n","protected":false},"excerpt":{"rendered":"<p>Dos papas. . . Francis y Juan Pablo II. . . Sus muertes se separaron por casi exactamente veinte a\u00f1os. Tanto figuras de renombre mundial y similares en el enfoque personal. . . Pero los dos tambi\u00e9n eran diferentes. Tuve el honor de cubrir ambos. La noticia de la muerte del Papa Francisco lleg\u00f3 justo &hellip;<\/p>\n","protected":false},"author":1,"featured_media":24620,"comment_status":"open","ping_status":"open","sticky":false,"template":"","format":"standard","meta":{"fifu_image_url":"https:\/\/static.foxnews.com\/foxnews.com\/content\/uploads\/2025\/04\/popes-split-photo-1.jpg","fifu_image_alt":"","footnotes":""},"categories":[13],"tags":[],"class_list":["post-24618","post","type-post","status-publish","format-standard","has-post-thumbnail","","category-mundo"],"_links":{"self":[{"href":"https:\/\/noticiasveraces.com\/index.php?rest_route=\/wp\/v2\/posts\/24618","targetHints":{"allow":["GET"]}}],"collection":[{"href":"https:\/\/noticiasveraces.com\/index.php?rest_route=\/wp\/v2\/posts"}],"about":[{"href":"https:\/\/noticiasveraces.com\/index.php?rest_route=\/wp\/v2\/types\/post"}],"author":[{"embeddable":true,"href":"https:\/\/noticiasveraces.com\/index.php?rest_route=\/wp\/v2\/users\/1"}],"replies":[{"embeddable":true,"href":"https:\/\/noticiasveraces.com\/index.php?rest_route=%2Fwp%2Fv2%2Fcomments&post=24618"}],"version-history":[{"count":0,"href":"https:\/\/noticiasveraces.com\/index.php?rest_route=\/wp\/v2\/posts\/24618\/revisions"}],"wp:featuredmedia":[{"embeddable":true,"href":"https:\/\/noticiasveraces.com\/index.php?rest_route=\/wp\/v2\/media\/24620"}],"wp:attachment":[{"href":"https:\/\/noticiasveraces.com\/index.php?rest_route=%2Fwp%2Fv2%2Fmedia&parent=24618"}],"wp:term":[{"taxonomy":"category","embeddable":true,"href":"https:\/\/noticiasveraces.com\/index.php?rest_route=%2Fwp%2Fv2%2Fcategories&post=24618"},{"taxonomy":"post_tag","embeddable":true,"href":"https:\/\/noticiasveraces.com\/index.php?rest_route=%2Fwp%2Fv2%2Ftags&post=24618"}],"curies":[{"name":"wp","href":"https:\/\/api.w.org\/{rel}","templated":true}]}}