{"id":24616,"date":"2025-04-26T10:02:29","date_gmt":"2025-04-26T14:02:29","guid":{"rendered":"https:\/\/noticiasveraces.com\/?p=24616"},"modified":"2025-04-26T10:02:29","modified_gmt":"2025-04-26T14:02:29","slug":"partido-de-liga-betplay-entre-tolima-vs-la-equidad-pedira-vacuna-de-fiebre-amarilla-a-los-asistentes-futbol-colombiano-liga-betplay","status":"publish","type":"post","link":"https:\/\/noticiasveraces.com\/?p=24616","title":{"rendered":"Partido de Liga BetPlay entre Tolima vs La Equidad pedir\u00e1 vacuna de fiebre amarilla a los asistentes | Futbol Colombiano | Liga Betplay"},"content":{"rendered":"<p> \n<\/p>\n<div id=\"cuerpoArticulo\">\n<p class=\"texto intro\" id=\"p243504-m1041-1040-1042\">El f\u00fatbol profesional colombiano se alista para disputar la fecha 16, que ser\u00e1 fundamental para las aspiraciones de diferentes equipos en busca de lograr un cupo entre los ocho mejores que clasificar\u00e1n a cuadrangulares semifinales. <\/p>\n<p>Uno de los que se encuentra en esta disputa es Deportes Tolima, que en el estadio Manuel Murillo Toro, recibir\u00e1 a La Equidad, que ya est\u00e1 eliminado y es uno de los coleros del torneo. <\/p>\n<p>Este compromiso no solo llama la atenci\u00f3n por lo que pueda pasar en el &#8216;pijao&#8217; sino tambi\u00e9n, por una medida que adoptaron las autoridades ante la situaci\u00f3n que vive el pa\u00eds a ra\u00edz de la fiebre amarilla. <\/p>\n<p class=\"texto contenido-parrafo-articulo\" id=\"p243504-m1117-3-1118\">Tras declararse una emergencia sanitaria en todo el territorio colombiano, el FPC tambi\u00e9n se vio involucrado, pues a los aficionados que asistan al partido, se les pedir\u00e1 la vacuna contra la fiebre amarilla. <\/p>\n<p>As\u00ed lo dio a conocer Liliana Ospina, secretaria de salud en Ibagu\u00e9, quien coment\u00f3 que esta medida se empezar\u00e1 a adoptar en eventos masivos en la ciudad. <\/p>\n<div class=\"fotografia caja-articulo\" id=\"p243504-m1123-4-1124\">\n<div class=\"imagen-cuerpo-bk\">\n<figure itemscope=\"\" itemtype=\"https:\/\/schema.org\/ImageObject\" itemprop=\"image\" id=\"m1128-1127-1129\" class=\"foto-galeria-articulo imagen-articulo foto-texto-articulo-galeria\"><img decoding=\"async\" alt=\"Deportes Tolima venci\u00f3 a Equidad en fecha 5 de Liga BetPlay II\" src=\"data:image\/png;base64,iVBORw0KGgoAAAANSUhEUgAAAAEAAAABCAQAAAC1HAwCAAAAC0lEQVR42mP8\/x0AAvsB+DlKarAAAAAASUVORK5CYII=\" style=\" display: inline;\" data-original=\"\/files\/article_content\/uploads\/2024\/08\/10\/66b80618a07ab.jpeg\"\/><meta itemprop=\"width\" content=\"600\"\/><meta itemprop=\"height\" content=\"450\"\/> <meta itemprop=\"url\" content=\"https:\/\/www.futbolred.com\/files\/article_content\/uploads\/2024\/08\/10\/66b80618a07ab.jpeg\"\/><\/figure>\n<\/div>\n<div class=\"figcaption-cuerpo-bk credito-image-bk\"><figcaption class=\"foto-info\">\n<div class=\"titulo-foto-bk\">\n<p id=\"m1135-1-1136\" class=\"titulo pie-de-foto\">Tolima venci\u00f3 a Equidad en fecha 5 de Liga II.<\/p>\n<\/div>\n<p class=\"credito\">\n                            <span class=\"linea pre_credito\">Foto:<\/span><\/p>\n<p>                        <span id=\"m1141-2-1142\" class=\"autor\">Twitter: @cdtolima<\/span><\/p>\n<\/figcaption><\/div>\n<\/p><\/div>\n<p class=\"texto contenido-parrafo-articulo\" id=\"p243504-m1149-5-1150\">Cabe resaltar que el departamento del Tolima es uno de los m\u00e1s afectados por este virus, que ha encendido las alarmas a nivel nacional. <\/p>\n<p><b>\u00abSe solicitar\u00e1 el certificado de vacunaci\u00f3n para el ingreso al estadio. Esto lo hacemos para proteger la vida de los ibaguere\u00f1os en medio de la situaci\u00f3n que vive la ciudad y la regi\u00f3n\u00bb, coment\u00f3 Ospina. <\/b><\/p>\n<p>Seguidamente, resalt\u00f3 la importancia de esta medida: <b>\u00abLo hacemos en pro de salvaguardar la vida de los ibaguere\u00f1os, por eso dispondremos de los biol\u00f3gicos para que no haya excusa para no vacunarse\u201d.<\/b><\/p>\n<div class=\"fotografia caja-articulo\" id=\"p243504-m1155-6-1156\">\n<div class=\"imagen-cuerpo-bk\">\n<figure itemscope=\"\" itemtype=\"https:\/\/schema.org\/ImageObject\" itemprop=\"image\" id=\"m1160-1159-1161\" class=\"foto-galeria-articulo imagen-articulo foto-texto-articulo-galeria\"><img decoding=\"async\" alt=\"La Equidad vs. Tolima\" src=\"data:image\/png;base64,iVBORw0KGgoAAAANSUhEUgAAAAEAAAABCAQAAAC1HAwCAAAAC0lEQVR42mP8\/x0AAvsB+DlKarAAAAAASUVORK5CYII=\" style=\" display: inline;\" data-original=\"\/files\/article_content\/uploads\/2024\/05\/18\/664943156548d.jpeg\"\/><meta itemprop=\"width\" content=\"600\"\/><meta itemprop=\"height\" content=\"450\"\/> <meta itemprop=\"url\" content=\"https:\/\/www.futbolred.com\/files\/article_content\/uploads\/2024\/05\/18\/664943156548d.jpeg\"\/><\/figure>\n<\/div>\n<div class=\"figcaption-cuerpo-bk credito-image-bk\"><figcaption class=\"foto-info\">\n<p class=\"credito\">\n                            <span class=\"linea pre_credito\">Foto:<\/span><\/p>\n<p>                        <span id=\"m1173-2-1174\" class=\"autor\">Tomado de X \/ @cdtolima<\/span><\/p>\n<\/figcaption><\/div>\n<\/p><\/div>\n<p class=\"texto contenido-parrafo-articulo\" id=\"p243504-m1181-7-1182\">As\u00ed mismo, las personas interesadas podr\u00e1n acercarse a un punto establecido en el estadio para vacunarse en contra de la fiebre amarilla.<\/p>\n<p>El partido entre Tolima y La Equidad ser\u00e1 este s\u00e1bado 26 de abril, a partir de las 6:20 p.m. (hora Colombia) en el marco de la fecha 16 en Liga BetPlay 2025-I.<\/p>\n<div id=\"p243504-m1187-8-1188\" class=\"\">\n<blockquote class=\"twitter-tweet\" data-media-max-width=\"560\">\n<p lang=\"es\" dir=\"ltr\">Qui\u00e9n no porte el carnet con la vacuna amarilla no podra ingresar al Estadio \ud83c\udfdf\ufe0f Manuel Murillo Toro.<br \/>Est\u00e9 S\u00e1bado.<br \/>El anuncio lo hizo la Secretaria de Salud Municipal Liliana Ospina <a href=\"https:\/\/t.co\/NmL0bQiH9Y\">pic.twitter.com\/nml0bqih9y<\/a><\/p>\n<p>\u2014 rocio galeano oviedo (@ROCHIGALEANO) <a href=\"https:\/\/twitter.com\/ROCHIGALEANO\/status\/1915607410695180771?ref_src=twsrc%5Etfw\">25 de abril de 2025<\/a><\/p><\/blockquote><\/div>\n<\/p><\/div>\n<p><script async src=\"https:\/\/platform.twitter.com\/widgets.js\" charset=\"utf-8\"><\/script><br \/>\n<br \/>\n","protected":false},"excerpt":{"rendered":"<p>El f\u00fatbol profesional colombiano se alista para disputar la fecha 16, que ser\u00e1 fundamental para las aspiraciones de diferentes equipos en busca de lograr un cupo entre los ocho mejores que clasificar\u00e1n a cuadrangulares semifinales. Uno de los que se encuentra en esta disputa es Deportes Tolima, que en el estadio Manuel Murillo Toro, recibir\u00e1 &hellip;<\/p>\n","protected":false},"author":1,"featured_media":24617,"comment_status":"open","ping_status":"open","sticky":false,"template":"","format":"standard","meta":{"fifu_image_url":"https:\/\/www.futbolred.com\/files\/og_thumbnail\/uploads\/2024\/05\/23\/664fe854a9367.jpeg","fifu_image_alt":"","footnotes":""},"categories":[6],"tags":[],"class_list":["post-24616","post","type-post","status-publish","format-standard","has-post-thumbnail","","category-deportes"],"_links":{"self":[{"href":"https:\/\/noticiasveraces.com\/index.php?rest_route=\/wp\/v2\/posts\/24616","targetHints":{"allow":["GET"]}}],"collection":[{"href":"https:\/\/noticiasveraces.com\/index.php?rest_route=\/wp\/v2\/posts"}],"about":[{"href":"https:\/\/noticiasveraces.com\/index.php?rest_route=\/wp\/v2\/types\/post"}],"author":[{"embeddable":true,"href":"https:\/\/noticiasveraces.com\/index.php?rest_route=\/wp\/v2\/users\/1"}],"replies":[{"embeddable":true,"href":"https:\/\/noticiasveraces.com\/index.php?rest_route=%2Fwp%2Fv2%2Fcomments&post=24616"}],"version-history":[{"count":0,"href":"https:\/\/noticiasveraces.com\/index.php?rest_route=\/wp\/v2\/posts\/24616\/revisions"}],"wp:featuredmedia":[{"embeddable":true,"href":"https:\/\/noticiasveraces.com\/index.php?rest_route=\/wp\/v2\/media\/24617"}],"wp:attachment":[{"href":"https:\/\/noticiasveraces.com\/index.php?rest_route=%2Fwp%2Fv2%2Fmedia&parent=24616"}],"wp:term":[{"taxonomy":"category","embeddable":true,"href":"https:\/\/noticiasveraces.com\/index.php?rest_route=%2Fwp%2Fv2%2Fcategories&post=24616"},{"taxonomy":"post_tag","embeddable":true,"href":"https:\/\/noticiasveraces.com\/index.php?rest_route=%2Fwp%2Fv2%2Ftags&post=24616"}],"curies":[{"name":"wp","href":"https:\/\/api.w.org\/{rel}","templated":true}]}}