{"id":24610,"date":"2025-04-26T09:33:02","date_gmt":"2025-04-26T13:33:02","guid":{"rendered":"https:\/\/noticiasveraces.com\/?p=24610"},"modified":"2025-04-26T09:33:02","modified_gmt":"2025-04-26T13:33:02","slug":"galeria-de-fotos-funeral-del-papa-francisco","status":"publish","type":"post","link":"https:\/\/noticiasveraces.com\/?p=24610","title":{"rendered":"Galer\u00eda de fotos: funeral del Papa Francisco"},"content":{"rendered":"<p> \n<\/p>\n<div id=\"\"><!----> <!----> <\/p>\n<header organizationurl=\"https:\/\/www.foxnews.com\" class=\"article-header\"> <!---->  <\/p>\n<p><span class=\"article-date\"><\/p>\n<p>      Publicado<br \/>\n      <time> 26 de abril de 2025 9:08 AM EDT<\/time><\/span> <!----><\/p>\n<\/header>\n<div class=\"article-content-wrap sticky-columns\">\n<div class=\"article-content\">\n<div class=\"article-body\">\n<div type=\"featured\" class=\"featured featured-image\">\n<div class=\"content\">\n<div class=\"slides\">\n<ul class=\"slide-container\">\n<fieldset id=\"radio-btn-0\">\n<div imageid=\"74d1a79b-d1b5-5395-9461-167cb2bdd836\" imageorig=\"https:\/\/static.foxnews.com\/foxnews.com\/content\/uploads\/2025\/04\/2025-04-26t101552z_827288167_rc2l5eaddxi7_rtrmadp_3_pope-francis-funeral.jpg\" imagefull=\"https:\/\/a57.foxnews.com\/static.foxnews.com\/foxnews.com\/content\/uploads\/2025\/04\/1920\/1080\/2025-04-26t101552z_827288167_rc2l5eaddxi7_rtrmadp_3_pope-francis-funeral.jpg?ve=1&amp;tl=1\" imagethumb=\"https:\/\/a57.foxnews.com\/static.foxnews.com\/foxnews.com\/content\/uploads\/2025\/04\/96\/96\/2025-04-26t101552z_827288167_rc2l5eaddxi7_rtrmadp_3_pope-francis-funeral.jpg?ve=1&amp;tl=1\" responsiveimages=\"[object Object],[object Object],[object Object],[object Object]\" source=\"[object Object]\"><input id=\"img-1\" name=\"radio-btn-0\" type=\"radio\" checked=\"checked\"\/> <\/p>\n<li class=\"slide\">\n<div class=\"m\"><picture><img decoding=\"async\" src=\"https:\/\/a57.foxnews.com\/static.foxnews.com\/foxnews.com\/content\/uploads\/2025\/04\/918\/516\/2025-04-26t101552z_827288167_rc2l5eaddxi7_rtrmadp_3_pope-francis-funeral.jpg?ve=1&amp;tl=1\" alt=\"Personas que se re\u00fanen fuera del Vaticano\"\/><\/picture>\n<p>Imagen 1 de 14<\/p>\n<p><!----> <label for=\"img-2\" class=\"next\"><\/p>\n<p>          pr\u00f3ximo<br \/>\n        <\/label><\/p>\n<\/div>\n<div class=\"info\">\n<div class=\"caption\">\n<p><span>Las personas se re\u00fanen mientras esperan para ver al coche f\u00fanebre transferir el ata\u00fad del Papa Francisco, el d\u00eda de la masa funeraria del Papa Francisco en la Plaza de San Pedro, en Roma, Italia, 26 de abril de 2025. Reuters\/Kevin Coombs<\/span> <span>(Reuters\/Kevin Coombs)<\/span><\/p>\n<\/div>\n<\/div>\n<\/li>\n<\/div>\n<div imageid=\"ce33c22e-2255-543e-ba35-cb8528acc975\" imageorig=\"https:\/\/static.foxnews.com\/foxnews.com\/content\/uploads\/2025\/04\/2025-04-26t105604z_1710387521_rc2m5eajcd6u_rtrmadp_3_pope-francis-funeral.jpg\" imagefull=\"https:\/\/a57.foxnews.com\/static.foxnews.com\/foxnews.com\/content\/uploads\/2025\/04\/1920\/1080\/2025-04-26t105604z_1710387521_rc2m5eajcd6u_rtrmadp_3_pope-francis-funeral.jpg?ve=1&amp;tl=1\" imagethumb=\"https:\/\/a57.foxnews.com\/static.foxnews.com\/foxnews.com\/content\/uploads\/2025\/04\/96\/96\/2025-04-26t105604z_1710387521_rc2m5eajcd6u_rtrmadp_3_pope-francis-funeral.jpg?ve=1&amp;tl=1\" responsiveimages=\"[object Object],[object Object],[object Object],[object Object]\" source=\"[object Object]\"><input id=\"img-2\" name=\"radio-btn-0\" type=\"radio\"\/> <\/p>\n<li class=\"slide\">\n<div class=\"m\"><picture><img decoding=\"async\" src=\"https:\/\/a57.foxnews.com\/static.foxnews.com\/foxnews.com\/content\/uploads\/2025\/04\/918\/516\/2025-04-26t105604z_1710387521_rc2m5eajcd6u_rtrmadp_3_pope-francis-funeral.jpg?ve=1&amp;tl=1\" alt=\"Personas que toman fotos del ata\u00fad del Papa Francisco\"\/><\/picture>\n<p>Imagen 2 de 14<\/p>\n<p><label for=\"img-1\" class=\"prev\"><\/p>\n<p>          previsamente<br \/>\n        <\/label> <label for=\"img-3\" class=\"next\"><\/p>\n<p>          pr\u00f3ximo<br \/>\n        <\/label><\/p>\n<\/div>\n<div class=\"info\">\n<div class=\"caption\">\n<p><span>Un coche f\u00fanebre que lleva el ata\u00fad del Papa Francisco conduce a trav\u00e9s de Corso Vittorio el d\u00eda de su funeral, en Roma, Italia, 26 de abril de 2025. Reuters\/Matteo Ciambelli <\/span> <span>(Reuters\/Matteo Ciambelli)<\/span><\/p>\n<\/div>\n<\/div>\n<\/li>\n<\/div>\n<div imageid=\"c0221fca-4d79-5e36-9098-21275389e150\" imageorig=\"https:\/\/static.foxnews.com\/foxnews.com\/content\/uploads\/2025\/04\/2025-04-26t104850z_1856146357_rc2m5ealk7e0_rtrmadp_3_pope-francis-funeral.jpg\" imagefull=\"https:\/\/a57.foxnews.com\/static.foxnews.com\/foxnews.com\/content\/uploads\/2025\/04\/1920\/1080\/2025-04-26t104850z_1856146357_rc2m5ealk7e0_rtrmadp_3_pope-francis-funeral.jpg?ve=1&amp;tl=1\" imagethumb=\"https:\/\/a57.foxnews.com\/static.foxnews.com\/foxnews.com\/content\/uploads\/2025\/04\/96\/96\/2025-04-26t104850z_1856146357_rc2m5ealk7e0_rtrmadp_3_pope-francis-funeral.jpg?ve=1&amp;tl=1\" responsiveimages=\"[object Object],[object Object],[object Object],[object Object]\" source=\"[object Object]\"><input id=\"img-3\" name=\"radio-btn-0\" type=\"radio\"\/> <\/p>\n<li class=\"slide\">\n<div class=\"m\"><picture><img decoding=\"async\" src=\"https:\/\/a57.foxnews.com\/static.foxnews.com\/foxnews.com\/content\/uploads\/2025\/04\/918\/516\/2025-04-26t104850z_1856146357_rc2m5ealk7e0_rtrmadp_3_pope-francis-funeral.jpg?ve=1&amp;tl=1\" alt=\"Procesi\u00f3n f\u00fanebre del Papa Francisco\"\/><\/picture>\n<p>Imagen 3 de 14<\/p>\n<p><label for=\"img-2\" class=\"prev\"><\/p>\n<p>          previsamente<br \/>\n        <\/label> <label for=\"img-4\" class=\"next\"><\/p>\n<p>          pr\u00f3ximo<br \/>\n        <\/label><\/p>\n<\/div>\n<div class=\"info\">\n<div class=\"caption\">\n<p><span>Un coche f\u00fanebre transfiere el ata\u00fad del Papa Francisco a la Bas\u00edlica Papal de Saint Mary Major (Santa Maria Maggiore) el d\u00eda de su funeral, en Roma, Italia, 26 de abril de 2025. Reuters\/Hannah McKay<\/span> <span>(Reuters\/Hannah McKay)<\/span><\/p>\n<\/div>\n<\/div>\n<\/li>\n<\/div>\n<div imageid=\"d15ad5f2-2aa0-574a-9ede-f0b89e2be020\" imageorig=\"https:\/\/static.foxnews.com\/foxnews.com\/content\/uploads\/2025\/04\/2025-04-26t085410z_873485125_rc2k5eax7vru_rtrmadp_3_pope-francis-funeral.jpg\" imagefull=\"https:\/\/a57.foxnews.com\/static.foxnews.com\/foxnews.com\/content\/uploads\/2025\/04\/1920\/1080\/2025-04-26t085410z_873485125_rc2k5eax7vru_rtrmadp_3_pope-francis-funeral.jpg?ve=1&amp;tl=1\" imagethumb=\"https:\/\/a57.foxnews.com\/static.foxnews.com\/foxnews.com\/content\/uploads\/2025\/04\/96\/96\/2025-04-26t085410z_873485125_rc2k5eax7vru_rtrmadp_3_pope-francis-funeral.jpg?ve=1&amp;tl=1\" responsiveimages=\"[object Object],[object Object],[object Object],[object Object]\" source=\"[object Object]\"><input id=\"img-4\" name=\"radio-btn-0\" type=\"radio\"\/> <\/p>\n<li class=\"slide\">\n<div class=\"m\"><picture><img decoding=\"async\" src=\"https:\/\/a57.foxnews.com\/static.foxnews.com\/foxnews.com\/content\/uploads\/2025\/04\/918\/516\/2025-04-26t085410z_873485125_rc2k5eax7vru_rtrmadp_3_pope-francis-funeral.jpg?ve=1&amp;tl=1\" alt=\"Bas\u00edlica de San Pedro con dolientes frente a ella\"\/><\/picture>\n<p>Imagen 4 de 14<\/p>\n<p><label for=\"img-3\" class=\"prev\"><\/p>\n<p>          previsamente<br \/>\n        <\/label> <label for=\"img-5\" class=\"next\"><\/p>\n<p>          pr\u00f3ximo<br \/>\n        <\/label><\/p>\n<\/div>\n<div class=\"info\">\n<div class=\"caption\">\n<p><span>La gente asiste a la misa f\u00fanebre del Papa Francisco, en St. Peter&#8217;s Square, en el Vaticano, el 26 de abril de 2025. Reuters\/Remo Casilli<\/span> <span>(REUTERS\/Remo Casilli)<\/span><\/p>\n<\/div>\n<\/div>\n<\/li>\n<\/div>\n<div imageid=\"17bf4cd4-8d43-5b90-9a90-12b4a894a603\" imageorig=\"https:\/\/static.foxnews.com\/foxnews.com\/content\/uploads\/2025\/04\/2025-04-26t085022z_1997399781_rc2k5eaq83ck_rtrmadp_3_pope-francis-funeral.jpg\" imagefull=\"https:\/\/a57.foxnews.com\/static.foxnews.com\/foxnews.com\/content\/uploads\/2025\/04\/1920\/1080\/2025-04-26t085022z_1997399781_rc2k5eaq83ck_rtrmadp_3_pope-francis-funeral.jpg?ve=1&amp;tl=1\" imagethumb=\"https:\/\/a57.foxnews.com\/static.foxnews.com\/foxnews.com\/content\/uploads\/2025\/04\/96\/96\/2025-04-26t085022z_1997399781_rc2k5eaq83ck_rtrmadp_3_pope-francis-funeral.jpg?ve=1&amp;tl=1\" responsiveimages=\"[object Object],[object Object],[object Object],[object Object]\" source=\"[object Object]\"><input id=\"img-5\" name=\"radio-btn-0\" type=\"radio\"\/> <\/p>\n<li class=\"slide\">\n<div class=\"m\"><picture><img decoding=\"async\" src=\"https:\/\/a57.foxnews.com\/static.foxnews.com\/foxnews.com\/content\/uploads\/2025\/04\/918\/516\/2025-04-26t085022z_1997399781_rc2k5eaq83ck_rtrmadp_3_pope-francis-funeral.jpg?ve=1&amp;tl=1\" alt=\"Miembros del clero en la Plaza de San Pedro\"\/><\/picture>\n<p>Imagen 5 de 14<\/p>\n<p><label for=\"img-4\" class=\"prev\"><\/p>\n<p>          previsamente<br \/>\n        <\/label> <label for=\"img-6\" class=\"next\"><\/p>\n<p>          pr\u00f3ximo<br \/>\n        <\/label><\/p>\n<\/div>\n<div class=\"info\">\n<div class=\"caption\">\n<p><span>Los fieles y los miembros del clero asisten a la misa f\u00fanebre del Papa Francisco, en la Plaza de San Pedro en el Vaticano, el 26 de abril de 2025. Reuters\/Kai Pfaffenbach<\/span> <span>(Reuters\/Kai Pfaffenbach)<\/span><\/p>\n<\/div>\n<\/div>\n<\/li>\n<\/div>\n<div imageid=\"1dd7bd93-d679-5a9d-bef5-7faf0b262a61\" imageorig=\"https:\/\/static.foxnews.com\/foxnews.com\/content\/uploads\/2025\/04\/2025-04-26t095108z_745255618_rc2l5eaqybkz_rtrmadp_3_pope-francis-funeral.jpg\" imagefull=\"https:\/\/a57.foxnews.com\/static.foxnews.com\/foxnews.com\/content\/uploads\/2025\/04\/1920\/1080\/2025-04-26t095108z_745255618_rc2l5eaqybkz_rtrmadp_3_pope-francis-funeral.jpg?ve=1&amp;tl=1\" imagethumb=\"https:\/\/a57.foxnews.com\/static.foxnews.com\/foxnews.com\/content\/uploads\/2025\/04\/96\/96\/2025-04-26t095108z_745255618_rc2l5eaqybkz_rtrmadp_3_pope-francis-funeral.jpg?ve=1&amp;tl=1\" responsiveimages=\"[object Object],[object Object],[object Object],[object Object]\" source=\"[object Object]\"><input id=\"img-6\" name=\"radio-btn-0\" type=\"radio\"\/> <\/p>\n<li class=\"slide\">\n<div class=\"m\"><picture><img decoding=\"async\" src=\"https:\/\/a57.foxnews.com\/static.foxnews.com\/foxnews.com\/content\/uploads\/2025\/04\/918\/516\/2025-04-26t095108z_745255618_rc2l5eaqybkz_rtrmadp_3_pope-francis-funeral.jpg?ve=1&amp;tl=1\" alt=\"Multitudes en el Vaticano\"\/><\/picture>\n<p>Imagen 6 de 14<\/p>\n<p><label for=\"img-5\" class=\"prev\"><\/p>\n<p>          previsamente<br \/>\n        <\/label> <label for=\"img-7\" class=\"next\"><\/p>\n<p>          pr\u00f3ximo<br \/>\n        <\/label><\/p>\n<\/div>\n<div class=\"info\">\n<div class=\"caption\">\n<p><span>La gente asiste a la misa f\u00fanebre del Papa Francisco en el Vaticano, el 26 de abril de 2025. Reuters\/Yara Nardi <\/span> <span>(Reuters\/Yara Nardi)<\/span><\/p>\n<\/div>\n<\/div>\n<\/li>\n<\/div>\n<div imageid=\"fd8a7185-dd1e-57bf-97c3-4fcf3318eb61\" imageorig=\"https:\/\/static.foxnews.com\/foxnews.com\/content\/uploads\/2025\/04\/2025-04-26t081904z_1827020935_rc2j5eacftmz_rtrmadp_3_pope-francis-funeral.jpg\" imagefull=\"https:\/\/a57.foxnews.com\/static.foxnews.com\/foxnews.com\/content\/uploads\/2025\/04\/1920\/1080\/2025-04-26t081904z_1827020935_rc2j5eacftmz_rtrmadp_3_pope-francis-funeral.jpg?ve=1&amp;tl=1\" imagethumb=\"https:\/\/a57.foxnews.com\/static.foxnews.com\/foxnews.com\/content\/uploads\/2025\/04\/96\/96\/2025-04-26t081904z_1827020935_rc2j5eacftmz_rtrmadp_3_pope-francis-funeral.jpg?ve=1&amp;tl=1\" responsiveimages=\"[object Object],[object Object],[object Object],[object Object]\" source=\"[object Object]\"><input id=\"img-7\" name=\"radio-btn-0\" type=\"radio\"\/> <\/p>\n<li class=\"slide\">\n<div class=\"m\"><picture><img decoding=\"async\" src=\"https:\/\/a57.foxnews.com\/static.foxnews.com\/foxnews.com\/content\/uploads\/2025\/04\/918\/516\/2025-04-26t081904z_1827020935_rc2j5eacftmz_rtrmadp_3_pope-francis-funeral.jpg?ve=1&amp;tl=1\" alt=\"Giorgia meloni hablando\"\/><\/picture>\n<p>Imagen 7 de 14<\/p>\n<p><label for=\"img-6\" class=\"prev\"><\/p>\n<p>          previsamente<br \/>\n        <\/label> <label for=\"img-8\" class=\"next\"><\/p>\n<p>          pr\u00f3ximo<br \/>\n        <\/label><\/p>\n<\/div>\n<div class=\"info\">\n<div class=\"caption\">\n<p><span>El primer ministro italiano, Giorgia Meloni, aparece por delante de la misa f\u00fanebre del Papa Francisco, en Saint Peter&#8217;s Square, en el Vaticano, 26 de abril de 2025. Reuters\/Dylan Martinez<\/span> <span>(Reuters\/Dylan Mart\u00ednez)<\/span><\/p>\n<\/div>\n<\/div>\n<\/li>\n<\/div>\n<div imageid=\"9d4f70c2-a8e6-5951-be08-4a4d1513fdc5\" imageorig=\"https:\/\/static.foxnews.com\/foxnews.com\/content\/uploads\/2025\/04\/2025-04-26t070732z_228011870_rc2j5ea1iq29_rtrmadp_3_pope-francis-funeral.jpg\" imagefull=\"https:\/\/a57.foxnews.com\/static.foxnews.com\/foxnews.com\/content\/uploads\/2025\/04\/1920\/1080\/2025-04-26t070732z_228011870_rc2j5ea1iq29_rtrmadp_3_pope-francis-funeral.jpg?ve=1&amp;tl=1\" imagethumb=\"https:\/\/a57.foxnews.com\/static.foxnews.com\/foxnews.com\/content\/uploads\/2025\/04\/96\/96\/2025-04-26t070732z_228011870_rc2j5ea1iq29_rtrmadp_3_pope-francis-funeral.jpg?ve=1&amp;tl=1\" responsiveimages=\"[object Object],[object Object],[object Object],[object Object]\" source=\"[object Object]\"><input id=\"img-8\" name=\"radio-btn-0\" type=\"radio\"\/> <\/p>\n<li class=\"slide\">\n<div class=\"m\"><picture><img decoding=\"async\" src=\"https:\/\/a57.foxnews.com\/static.foxnews.com\/foxnews.com\/content\/uploads\/2025\/04\/918\/516\/2025-04-26t070732z_228011870_rc2j5ea1iq29_rtrmadp_3_pope-francis-funeral.jpg?ve=1&amp;tl=1\" alt=\"El ex presidente Biden y la ex primera dama Jill Biden caminan con un cardenal.\"\/><\/picture>\n<p>Imagen 8 de 14<\/p>\n<p><label for=\"img-7\" class=\"prev\"><\/p>\n<p>          previsamente<br \/>\n        <\/label> <label for=\"img-9\" class=\"next\"><\/p>\n<p>          pr\u00f3ximo<br \/>\n        <\/label><\/p>\n<\/div>\n<div class=\"info\">\n<div class=\"caption\">\n<p><span>El ex presidente de los Estados Unidos, Joe Biden y su esposa Jill Biden, caminan por delante de la misa f\u00fanebre del Papa Francisco, en el Vaticano, el 26 de abril de 2025. Reuters\/Remo Casilli <\/span> <span>(REUTERS\/Remo Casilli)<\/span><\/p>\n<\/div>\n<\/div>\n<\/li>\n<\/div>\n<div imageid=\"a0f4e76c-bb67-5714-8b5a-8e2617f4a0a4\" imageorig=\"https:\/\/static.foxnews.com\/foxnews.com\/content\/uploads\/2025\/04\/2025-04-26t104347z_1552428953_rc2m5eaprlpj_rtrmadp_3_pope-francis-funeral.jpg\" imagefull=\"https:\/\/a57.foxnews.com\/static.foxnews.com\/foxnews.com\/content\/uploads\/2025\/04\/1920\/1080\/2025-04-26t104347z_1552428953_rc2m5eaprlpj_rtrmadp_3_pope-francis-funeral.jpg?ve=1&amp;tl=1\" imagethumb=\"https:\/\/a57.foxnews.com\/static.foxnews.com\/foxnews.com\/content\/uploads\/2025\/04\/96\/96\/2025-04-26t104347z_1552428953_rc2m5eaprlpj_rtrmadp_3_pope-francis-funeral.jpg?ve=1&amp;tl=1\" responsiveimages=\"[object Object],[object Object],[object Object],[object Object]\" source=\"[object Object]\"><input id=\"img-9\" name=\"radio-btn-0\" type=\"radio\"\/> <\/p>\n<li class=\"slide\">\n<div class=\"m\"><picture><img decoding=\"async\" src=\"https:\/\/a57.foxnews.com\/static.foxnews.com\/foxnews.com\/content\/uploads\/2025\/04\/918\/516\/2025-04-26t104347z_1552428953_rc2m5eaprlpj_rtrmadp_3_pope-francis-funeral.jpg?ve=1&amp;tl=1\" alt=\"El presidente Trump y la primera dama Melania Trump frente al ata\u00fad del Papa Francisco\"\/><\/picture>\n<p>Imagen 9 de 14<\/p>\n<p><label for=\"img-8\" class=\"prev\"><\/p>\n<p>          previsamente<br \/>\n        <\/label> <label for=\"img-10\" class=\"next\"><\/p>\n<p>          pr\u00f3ximo<br \/>\n        <\/label><\/p>\n<\/div>\n<div class=\"info\">\n<div class=\"caption\">\n<p><span>El presidente de los Estados Unidos, Donald Trump y la primera dama, Melania Trump, asisten a la misa f\u00fanebre del Papa Francisco en la Plaza de San Pedro en el Vaticano, el 26 de abril de 2025. Reuters\/Dylan Martinez<\/span> <span>(Reuters\/Dylan Mart\u00ednez)<\/span><\/p>\n<\/div>\n<\/div>\n<\/li>\n<\/div>\n<div imageid=\"afa08e34-41b9-52a2-8a51-8f2bdfcf1aad\" imageorig=\"https:\/\/static.foxnews.com\/foxnews.com\/content\/uploads\/2025\/04\/2025-04-26t104739z_1419642509_rc2m5eawgltw_rtrmadp_3_pope-francis-funeral-1.jpg\" imagefull=\"https:\/\/a57.foxnews.com\/static.foxnews.com\/foxnews.com\/content\/uploads\/2025\/04\/1920\/1080\/2025-04-26t104739z_1419642509_rc2m5eawgltw_rtrmadp_3_pope-francis-funeral-1.jpg?ve=1&amp;tl=1\" imagethumb=\"https:\/\/a57.foxnews.com\/static.foxnews.com\/foxnews.com\/content\/uploads\/2025\/04\/96\/96\/2025-04-26t104739z_1419642509_rc2m5eawgltw_rtrmadp_3_pope-francis-funeral-1.jpg?ve=1&amp;tl=1\" responsiveimages=\"[object Object],[object Object],[object Object],[object Object]\" source=\"[object Object]\"><input id=\"img-10\" name=\"radio-btn-0\" type=\"radio\"\/> <\/p>\n<li class=\"slide\">\n<div class=\"m\"><picture><img decoding=\"async\" src=\"https:\/\/a57.foxnews.com\/static.foxnews.com\/foxnews.com\/content\/uploads\/2025\/04\/918\/516\/2025-04-26t104739z_1419642509_rc2m5eawgltw_rtrmadp_3_pope-francis-funeral-1.jpg?ve=1&amp;tl=1\" alt=\"L\u00edderes mundiales que dan respetos al Papa Francisco\"\/><\/picture>\n<p>Imagen 10 de 14<\/p>\n<p><label for=\"img-9\" class=\"prev\"><\/p>\n<p>          previsamente<br \/>\n        <\/label> <label for=\"img-11\" class=\"next\"><\/p>\n<p>          pr\u00f3ximo<br \/>\n        <\/label><\/p>\n<\/div>\n<div class=\"info\">\n<div class=\"caption\">\n<p><span>El presidente de los Estados Unidos, Donald Trump, la primera dama Melania Trump, el presidente de Francia, Emmanuel Macron, y su esposa Brigitte Macron se ponen de pie cuando el ata\u00fad se lleva a cabo el d\u00eda del funeral del Papa Francisco en la Plaza de San Pedro en el Vaticano, el 26 de abril de 2025. <\/span> <span>(Reuters\/Dylan Mart\u00ednez)<\/span><\/p>\n<\/div>\n<\/div>\n<\/li>\n<\/div>\n<div imageid=\"f1a144fc-83a0-52c0-8605-5a332c0126ad\" imageorig=\"https:\/\/static.foxnews.com\/foxnews.com\/content\/uploads\/2025\/04\/2025-04-26t085705z_1218395588_rc2k5eaipx7w_rtrmadp_3_pope-francis-funeral.jpg\" imagefull=\"https:\/\/a57.foxnews.com\/static.foxnews.com\/foxnews.com\/content\/uploads\/2025\/04\/1920\/1080\/2025-04-26t085705z_1218395588_rc2k5eaipx7w_rtrmadp_3_pope-francis-funeral.jpg?ve=1&amp;tl=1\" imagethumb=\"https:\/\/a57.foxnews.com\/static.foxnews.com\/foxnews.com\/content\/uploads\/2025\/04\/96\/96\/2025-04-26t085705z_1218395588_rc2k5eaipx7w_rtrmadp_3_pope-francis-funeral.jpg?ve=1&amp;tl=1\" responsiveimages=\"[object Object],[object Object],[object Object],[object Object]\"><input id=\"img-11\" name=\"radio-btn-0\" type=\"radio\"\/> <\/p>\n<li class=\"slide\">\n<div class=\"m\"><picture><img decoding=\"async\" src=\"https:\/\/a57.foxnews.com\/static.foxnews.com\/foxnews.com\/content\/uploads\/2025\/04\/918\/516\/2025-04-26t085705z_1218395588_rc2k5eaipx7w_rtrmadp_3_pope-francis-funeral.jpg?ve=1&amp;tl=1\" alt=\"Presidente ucraniano Volodymyr Zelenskyy y su esposa\"\/><\/picture>\n<p>Imagen 11 de 14<\/p>\n<p><label for=\"img-10\" class=\"prev\"><\/p>\n<p>          previsamente<br \/>\n        <\/label> <label for=\"img-12\" class=\"next\"><\/p>\n<p>          pr\u00f3ximo<br \/>\n        <\/label><\/p>\n<\/div>\n<div class=\"info\">\n<div class=\"caption\">\n<p><span>El presidente de Ucrania, Volodymyr Zelenskiy y la primera dama, Olena Zelenska, asisten a la misa f\u00fanebre del Papa Francisco en la Plaza de San Pedro en el Vaticano, el 26 de abril de 2025. Reuters\/Nathan Howard<\/span> <!----><\/p>\n<\/div>\n<\/div>\n<\/li>\n<\/div>\n<div imageid=\"149e6c34-d352-5483-8969-33f16c8041c5\" imageorig=\"https:\/\/static.foxnews.com\/foxnews.com\/content\/uploads\/2025\/04\/2025-04-26t081018z_1956189072_rc2k5ea19xmq_rtrmadp_3_pope-francis-funeral.jpg\" imagefull=\"https:\/\/a57.foxnews.com\/static.foxnews.com\/foxnews.com\/content\/uploads\/2025\/04\/1920\/1080\/2025-04-26t081018z_1956189072_rc2k5ea19xmq_rtrmadp_3_pope-francis-funeral.jpg?ve=1&amp;tl=1\" imagethumb=\"https:\/\/a57.foxnews.com\/static.foxnews.com\/foxnews.com\/content\/uploads\/2025\/04\/96\/96\/2025-04-26t081018z_1956189072_rc2k5ea19xmq_rtrmadp_3_pope-francis-funeral.jpg?ve=1&amp;tl=1\" responsiveimages=\"[object Object],[object Object],[object Object],[object Object]\" source=\"[object Object]\"><input id=\"img-12\" name=\"radio-btn-0\" type=\"radio\"\/> <\/p>\n<li class=\"slide\">\n<div class=\"m\"><picture><img decoding=\"async\" src=\"https:\/\/a57.foxnews.com\/static.foxnews.com\/foxnews.com\/content\/uploads\/2025\/04\/918\/516\/2025-04-26t081018z_1956189072_rc2k5ea19xmq_rtrmadp_3_pope-francis-funeral.jpg?ve=1&amp;tl=1\" alt=\"Ondas del presidente argentino Javier Milei\"\/><\/picture>\n<p>Imagen 12 de 14<\/p>\n<p><label for=\"img-11\" class=\"prev\"><\/p>\n<p>          previsamente<br \/>\n        <\/label> <label for=\"img-13\" class=\"next\"><\/p>\n<p>          pr\u00f3ximo<br \/>\n        <\/label><\/p>\n<\/div>\n<div class=\"info\">\n<div class=\"caption\">\n<p><span>El presidente de Argentina, Javier Milei, hace gestos, por delante de la misa f\u00fanebre del Papa Francisco, en el Vaticano, 26 de abril de 2025. Reuters\/Yara Nardi<\/span> <span>(Reuters\/Yara Nardi)<\/span><\/p>\n<\/div>\n<\/div>\n<\/li>\n<\/div>\n<div imageid=\"121b63ea-eb0d-5a2d-aa30-3da0cb65b6f1\" imageorig=\"https:\/\/static.foxnews.com\/foxnews.com\/content\/uploads\/2025\/04\/2025-04-26t102601z_78589455_rc2m5eac4u6m_rtrmadp_3_pope-francis-funeral.jpg\" imagefull=\"https:\/\/a57.foxnews.com\/static.foxnews.com\/foxnews.com\/content\/uploads\/2025\/04\/1920\/1080\/2025-04-26t102601z_78589455_rc2m5eac4u6m_rtrmadp_3_pope-francis-funeral.jpg?ve=1&amp;tl=1\" imagethumb=\"https:\/\/a57.foxnews.com\/static.foxnews.com\/foxnews.com\/content\/uploads\/2025\/04\/96\/96\/2025-04-26t102601z_78589455_rc2m5eac4u6m_rtrmadp_3_pope-francis-funeral.jpg?ve=1&amp;tl=1\" responsiveimages=\"[object Object],[object Object],[object Object],[object Object]\" source=\"[object Object]\"><input id=\"img-13\" name=\"radio-btn-0\" type=\"radio\"\/> <\/p>\n<li class=\"slide\">\n<div class=\"m\"><picture><img decoding=\"async\" src=\"https:\/\/a57.foxnews.com\/static.foxnews.com\/foxnews.com\/content\/uploads\/2025\/04\/918\/516\/2025-04-26t102601z_78589455_rc2m5eac4u6m_rtrmadp_3_pope-francis-funeral.jpg?ve=1&amp;tl=1\" alt=\"El presidente Trump y el presidente finland\u00e9s Alexander Stubb\"\/><\/picture>\n<p>Imagen 13 de 14<\/p>\n<p><label for=\"img-12\" class=\"prev\"><\/p>\n<p>          previsamente<br \/>\n        <\/label> <label for=\"img-14\" class=\"next\"><\/p>\n<p>          pr\u00f3ximo<br \/>\n        <\/label><\/p>\n<\/div>\n<div class=\"info\">\n<div class=\"caption\">\n<p><span>El presidente de los Estados Unidos, Donald Trump, y el presidente de Finlandia, Alexander Stubb, asisten a la misa f\u00fanebre del Papa Francisco en la Plaza de San Pedro en el Vaticano, el 26 de abril de 2025. Reuters\/Nathan Howard <\/span> <span>(Reuters\/Nathan Howard)<\/span><\/p>\n<\/div>\n<\/div>\n<\/li>\n<\/div>\n<div imageid=\"07f03e33-6982-5a6f-837f-dcc3df4e8594\" imageorig=\"https:\/\/static.foxnews.com\/foxnews.com\/content\/uploads\/2025\/04\/pope-funeral.jpg\" imagefull=\"https:\/\/a57.foxnews.com\/static.foxnews.com\/foxnews.com\/content\/uploads\/2025\/04\/1920\/1080\/pope-funeral.jpg?ve=1&amp;tl=1\" imagethumb=\"https:\/\/a57.foxnews.com\/static.foxnews.com\/foxnews.com\/content\/uploads\/2025\/04\/96\/96\/pope-funeral.jpg?ve=1&amp;tl=1\" responsiveimages=\"[object Object],[object Object],[object Object],[object Object]\" source=\"[object Object]\"><input id=\"img-14\" name=\"radio-btn-0\" type=\"radio\"\/> <\/p>\n<li class=\"slide\">\n<div class=\"m\"><picture><img decoding=\"async\" src=\"https:\/\/a57.foxnews.com\/static.foxnews.com\/foxnews.com\/content\/uploads\/2025\/04\/918\/516\/pope-funeral.jpg?ve=1&amp;tl=1\" alt=\"El presidente Trump y otros l\u00edderes mundiales en el funeral del Papa Francisco.\"\/><\/picture>\n<p>Imagen 14 de 14<\/p>\n<p><label for=\"img-13\" class=\"prev\"><\/p>\n<p>          previsamente<br \/>\n        <\/label> <!----><\/p>\n<\/div>\n<div class=\"info\">\n<div class=\"caption\">\n<p><span>El presidente de los Estados Unidos, Donald Trump y la primera dama Melania Trump. El presidente de Francia, Emmanuel Macron, y su esposa Brigitte Macron, y el presidente de Finlandia, Alexander Stubb, asisten a la misa f\u00fanebre del Papa Francisco, en el Vaticano, el 26 de abril de 2025.<\/span> <span>(Reuters\/Kai Pfaffenbach)<\/span><\/p>\n<\/div>\n<\/div>\n<\/li>\n<\/div>\n<\/fieldset>\n<\/ul>\n<\/div>\n<\/div>\n<\/div>\n<p>  <!----> <!----><\/div>\n<footer class=\"article-footer\"><!----> <!---->        <!----> <!----> <!---->   <!----> <!----><\/footer>\n<\/div><\/div>\n<\/div>\n\n","protected":false},"excerpt":{"rendered":"<p>Publicado 26 de abril de 2025 9:08 AM EDT Imagen 1 de 14 pr\u00f3ximo Las personas se re\u00fanen mientras esperan para ver al coche f\u00fanebre transferir el ata\u00fad del Papa Francisco, el d\u00eda de la masa funeraria del Papa Francisco en la Plaza de San Pedro, en Roma, Italia, 26 de abril de 2025. Reuters\/Kevin &hellip;<\/p>\n","protected":false},"author":1,"featured_media":24612,"comment_status":"open","ping_status":"open","sticky":false,"template":"","format":"standard","meta":{"fifu_image_url":"https:\/\/static.foxnews.com\/foxnews.com\/content\/uploads\/2025\/04\/2025-04-26t104739z_1419642509_rc2m5eawgltw_rtrmadp_3_pope-francis-funeral-1.jpg","fifu_image_alt":"","footnotes":""},"categories":[13],"tags":[],"class_list":["post-24610","post","type-post","status-publish","format-standard","has-post-thumbnail","","category-mundo"],"_links":{"self":[{"href":"https:\/\/noticiasveraces.com\/index.php?rest_route=\/wp\/v2\/posts\/24610","targetHints":{"allow":["GET"]}}],"collection":[{"href":"https:\/\/noticiasveraces.com\/index.php?rest_route=\/wp\/v2\/posts"}],"about":[{"href":"https:\/\/noticiasveraces.com\/index.php?rest_route=\/wp\/v2\/types\/post"}],"author":[{"embeddable":true,"href":"https:\/\/noticiasveraces.com\/index.php?rest_route=\/wp\/v2\/users\/1"}],"replies":[{"embeddable":true,"href":"https:\/\/noticiasveraces.com\/index.php?rest_route=%2Fwp%2Fv2%2Fcomments&post=24610"}],"version-history":[{"count":0,"href":"https:\/\/noticiasveraces.com\/index.php?rest_route=\/wp\/v2\/posts\/24610\/revisions"}],"wp:featuredmedia":[{"embeddable":true,"href":"https:\/\/noticiasveraces.com\/index.php?rest_route=\/wp\/v2\/media\/24612"}],"wp:attachment":[{"href":"https:\/\/noticiasveraces.com\/index.php?rest_route=%2Fwp%2Fv2%2Fmedia&parent=24610"}],"wp:term":[{"taxonomy":"category","embeddable":true,"href":"https:\/\/noticiasveraces.com\/index.php?rest_route=%2Fwp%2Fv2%2Fcategories&post=24610"},{"taxonomy":"post_tag","embeddable":true,"href":"https:\/\/noticiasveraces.com\/index.php?rest_route=%2Fwp%2Fv2%2Ftags&post=24610"}],"curies":[{"name":"wp","href":"https:\/\/api.w.org\/{rel}","templated":true}]}}