{"id":24607,"date":"2025-04-26T09:31:15","date_gmt":"2025-04-26T13:31:15","guid":{"rendered":"https:\/\/noticiasveraces.com\/?p=24607"},"modified":"2025-04-26T09:31:15","modified_gmt":"2025-04-26T13:31:15","slug":"de-los-peregrinos-a-los-presidentes-el-mundo-llora-al-papa-francisco","status":"publish","type":"post","link":"https:\/\/noticiasveraces.com\/?p=24607","title":{"rendered":"De los peregrinos a los presidentes, el mundo llora al Papa Francisco"},"content":{"rendered":"<p> \n<br \/><img decoding=\"async\" src=\"https:\/\/media-cldnry.s-nbcnews.com\/image\/upload\/t_fit_1500w\/rockcms\/2025-04\/250426-pope-mb-1139-87e102.jpg\" \/><\/p>\n<div>\n<p class=\"body-graf\">Fuera de la Bas\u00edlica de St. Mary Major, un lugar m\u00e1s peque\u00f1o donde el Papa Francisco ser\u00e1 enterrado, una pancarta lea \u00abGracias, Francis\u00bb en italiano. <\/p>\n<p class=\"endmark body-graf\">Si bien el funeral en el Vaticano fue atendido por jefes de estado y monarcas, hubo un gran simbolismo en el hecho de que, seg\u00fan los \u00faltimos deseos del Papa, su ata\u00fad fue recibido en los escalones de St. Mary Major por los pobres y desechados, que permanecieron a la vanguardia de los ministerios de Francis a su muerte. <\/p>\n<\/div>\n\n","protected":false},"excerpt":{"rendered":"<p>Fuera de la Bas\u00edlica de St. Mary Major, un lugar m\u00e1s peque\u00f1o donde el Papa Francisco ser\u00e1 enterrado, una pancarta lea \u00abGracias, Francis\u00bb en italiano. Si bien el funeral en el Vaticano fue atendido por jefes de estado y monarcas, hubo un gran simbolismo en el hecho de que, seg\u00fan los \u00faltimos deseos del Papa, &hellip;<\/p>\n","protected":false},"author":1,"featured_media":24609,"comment_status":"open","ping_status":"open","sticky":false,"template":"","format":"standard","meta":{"fifu_image_url":"https:\/\/media-cldnry.s-nbcnews.com\/image\/upload\/t_nbcnews-fp-1200-630,f_auto,q_auto:best\/rockcms\/2025-04\/250426-pope-funeral-mb-0954-8f0d79.jpg","fifu_image_alt":"","footnotes":""},"categories":[4],"tags":[],"class_list":["post-24607","post","type-post","status-publish","format-standard","has-post-thumbnail","","category-historias-destacadas"],"_links":{"self":[{"href":"https:\/\/noticiasveraces.com\/index.php?rest_route=\/wp\/v2\/posts\/24607","targetHints":{"allow":["GET"]}}],"collection":[{"href":"https:\/\/noticiasveraces.com\/index.php?rest_route=\/wp\/v2\/posts"}],"about":[{"href":"https:\/\/noticiasveraces.com\/index.php?rest_route=\/wp\/v2\/types\/post"}],"author":[{"embeddable":true,"href":"https:\/\/noticiasveraces.com\/index.php?rest_route=\/wp\/v2\/users\/1"}],"replies":[{"embeddable":true,"href":"https:\/\/noticiasveraces.com\/index.php?rest_route=%2Fwp%2Fv2%2Fcomments&post=24607"}],"version-history":[{"count":0,"href":"https:\/\/noticiasveraces.com\/index.php?rest_route=\/wp\/v2\/posts\/24607\/revisions"}],"wp:featuredmedia":[{"embeddable":true,"href":"https:\/\/noticiasveraces.com\/index.php?rest_route=\/wp\/v2\/media\/24609"}],"wp:attachment":[{"href":"https:\/\/noticiasveraces.com\/index.php?rest_route=%2Fwp%2Fv2%2Fmedia&parent=24607"}],"wp:term":[{"taxonomy":"category","embeddable":true,"href":"https:\/\/noticiasveraces.com\/index.php?rest_route=%2Fwp%2Fv2%2Fcategories&post=24607"},{"taxonomy":"post_tag","embeddable":true,"href":"https:\/\/noticiasveraces.com\/index.php?rest_route=%2Fwp%2Fv2%2Ftags&post=24607"}],"curies":[{"name":"wp","href":"https:\/\/api.w.org\/{rel}","templated":true}]}}