{"id":24604,"date":"2025-04-26T08:31:14","date_gmt":"2025-04-26T12:31:14","guid":{"rendered":"https:\/\/noticiasveraces.com\/?p=24604"},"modified":"2025-04-26T08:31:14","modified_gmt":"2025-04-26T12:31:14","slug":"el-legado-del-papa-francisco-destaca-la-misericordia-la-esperanza-el-cambio-climatico-e-igualdad","status":"publish","type":"post","link":"https:\/\/noticiasveraces.com\/?p=24604","title":{"rendered":"El legado del Papa Francisco destaca la misericordia, la esperanza, el cambio clim\u00e1tico e igualdad"},"content":{"rendered":"<p> \n<\/p>\n<div>\n<p class=\"speakable\">Entre sus logros hist\u00f3ricos como el primer pont\u00edfice del Sur Global y el primog\u00e9nito fuera de Europa en m\u00e1s de un milenio, el Papa Francisco es recordado en los d\u00edas posteriores a su muerte como \u00abel Papa del Pueblo\u00bb.<\/p>\n<p class=\"speakable\">Las caracter\u00edsticas pol\u00edticas de su papado a veces controvertido se dedicaron a la protecci\u00f3n del medio ambiente, apoyando a las comunidades cat\u00f3licas pasadas por alto y agravando la igualdad en la iglesia.<\/p>\n<p>\u00ab[The People\u2019s Pope] es absolutamente la mejor manera de describirlo \u00ab, dijo a Fox Digital, Jana Bennett, profesora y presidenta del Departamento de Estudios Religiosos de la Universidad de Dayton en Ohio.<\/p>\n<p><strong><u>El Papa Francisco revel\u00f3 deseos de entierro solo unos d\u00edas despu\u00e9s de convertirse en Pope en 2013<\/u><\/strong><\/p>\n<div class=\"image-ct inline\">\n<div class=\"m\"><picture><source media=\"(max-width: 767px)\" srcset=\"https:\/\/a57.foxnews.com\/static.foxnews.com\/foxnews.com\/content\/uploads\/2018\/09\/343\/192\/2e42a093-pope-francis.jpg?ve=1&amp;tl=1, https:\/\/a57.foxnews.com\/static.foxnews.com\/foxnews.com\/content\/uploads\/2018\/09\/686\/384\/2e42a093-pope-francis.jpg?ve=1&amp;tl=1 2x\" height=\"192\" width=\"343\"><source media=\"(min-width: 768px) and (max-width: 1023px)\" srcset=\"https:\/\/a57.foxnews.com\/static.foxnews.com\/foxnews.com\/content\/uploads\/2018\/09\/672\/378\/2e42a093-pope-francis.jpg?ve=1&amp;tl=1, https:\/\/a57.foxnews.com\/static.foxnews.com\/foxnews.com\/content\/uploads\/2018\/09\/1344\/756\/2e42a093-pope-francis.jpg?ve=1&amp;tl=1 2x\" height=\"378\" width=\"672\"><source media=\"(min-width: 1024px) and (max-width: 1279px)\" srcset=\"https:\/\/a57.foxnews.com\/static.foxnews.com\/foxnews.com\/content\/uploads\/2018\/09\/931\/523\/2e42a093-pope-francis.jpg?ve=1&amp;tl=1, https:\/\/a57.foxnews.com\/static.foxnews.com\/foxnews.com\/content\/uploads\/2018\/09\/1862\/1046\/2e42a093-pope-francis.jpg?ve=1&amp;tl=1 2x\" height=\"523\" width=\"931\"><source media=\"(min-width: 1280px)\" srcset=\"https:\/\/a57.foxnews.com\/static.foxnews.com\/foxnews.com\/content\/uploads\/2018\/09\/720\/405\/2e42a093-pope-francis.jpg?ve=1&amp;tl=1, https:\/\/a57.foxnews.com\/static.foxnews.com\/foxnews.com\/content\/uploads\/2018\/09\/1440\/810\/2e42a093-pope-francis.jpg?ve=1&amp;tl=1 2x\" height=\"405\" width=\"720\"><img loading=\"lazy\" decoding=\"async\" src=\"https:\/\/a57.foxnews.com\/static.foxnews.com\/foxnews.com\/content\/uploads\/2018\/09\/1200\/675\/2e42a093-pope-francis.jpg?ve=1&amp;tl=1\" alt=\"El Papa Francisco celebra una misa en 2018\" width=\"1200\" height=\"675\"\/><\/source><\/source><\/source><\/source><\/picture><\/div>\n<div class=\"info\">\n<div class=\"caption\">\n<p><span>El Papa Francisco fue el l\u00edder de la Iglesia Cat\u00f3lica durante 12 a\u00f1os antes de fallecer el 21 de abril de 2025.<\/span> <span>(AP)<\/span><\/p>\n<\/div>\n<\/div>\n<\/div>\n<p>Los expertos en teolog\u00eda, cat\u00f3licos y cr\u00edticos de todo el mundo est\u00e1n de luto por la p\u00e9rdida del Papa Francisco, de 88 a\u00f1os, nacido Jorge Mario Bergoglio en Argentina, y diseccionando su papado.<\/p>\n<p>El Papa Francisco muri\u00f3 el lunes 21 de abril de 2025, despu\u00e9s de luchar contra la neumon\u00eda bilateral en los meses anteriores a su muerte.<\/p>\n<p>\u00abIncluso como Pope, quer\u00eda ser tratado como una persona com\u00fan\u00bb, dijo Bennett. \u00abCreo que es evidente en la forma en que quiere ser enterrado\u00bb.<\/p>\n<p>El Papa Francisco seleccion\u00f3 la Bas\u00edlica de Santa Mar\u00eda Maggiore, un lugar sagrado familiar, ya que su lugar de descanso final solo unos d\u00edas despu\u00e9s de ser elegido Papa en 2013. Separan de los l\u00edderes de la Santa See ante \u00e9l, el Papa Francisco eligi\u00f3 un ata\u00fad versus tres, hecho de madera, para ser presentado como un fragilidad de sus respetos.<\/p>\n<p><strong><u>Te\u00f3logo sobre la precisi\u00f3n del \u00abc\u00f3nclave\u00bb, las expectativas para el pr\u00f3ximo evento secreto despu\u00e9s de la muerte del Papa Francisco<\/u><\/strong><\/p>\n<div class=\"image-ct inline\">\n<div class=\"m\"><picture><source media=\"(max-width: 767px)\" srcset=\"https:\/\/a57.foxnews.com\/static.foxnews.com\/foxnews.com\/content\/uploads\/2025\/04\/343\/192\/pope-francis-dead_001.jpg?ve=1&amp;tl=1, https:\/\/a57.foxnews.com\/static.foxnews.com\/foxnews.com\/content\/uploads\/2025\/04\/686\/384\/pope-francis-dead_001.jpg?ve=1&amp;tl=1 2x\" height=\"192\" width=\"343\"><source media=\"(min-width: 768px) and (max-width: 1023px)\" srcset=\"https:\/\/a57.foxnews.com\/static.foxnews.com\/foxnews.com\/content\/uploads\/2025\/04\/672\/378\/pope-francis-dead_001.jpg?ve=1&amp;tl=1, https:\/\/a57.foxnews.com\/static.foxnews.com\/foxnews.com\/content\/uploads\/2025\/04\/1344\/756\/pope-francis-dead_001.jpg?ve=1&amp;tl=1 2x\" height=\"378\" width=\"672\"><source media=\"(min-width: 1024px) and (max-width: 1279px)\" srcset=\"https:\/\/a57.foxnews.com\/static.foxnews.com\/foxnews.com\/content\/uploads\/2025\/04\/931\/523\/pope-francis-dead_001.jpg?ve=1&amp;tl=1, https:\/\/a57.foxnews.com\/static.foxnews.com\/foxnews.com\/content\/uploads\/2025\/04\/1862\/1046\/pope-francis-dead_001.jpg?ve=1&amp;tl=1 2x\" height=\"523\" width=\"931\"><source media=\"(min-width: 1280px)\" srcset=\"https:\/\/a57.foxnews.com\/static.foxnews.com\/foxnews.com\/content\/uploads\/2025\/04\/720\/405\/pope-francis-dead_001.jpg?ve=1&amp;tl=1, https:\/\/a57.foxnews.com\/static.foxnews.com\/foxnews.com\/content\/uploads\/2025\/04\/1440\/810\/pope-francis-dead_001.jpg?ve=1&amp;tl=1 2x\" height=\"405\" width=\"720\"><img loading=\"lazy\" decoding=\"async\" src=\"https:\/\/a57.foxnews.com\/static.foxnews.com\/foxnews.com\/content\/uploads\/2025\/04\/1200\/675\/pope-francis-dead_001.jpg?ve=1&amp;tl=1\" alt=\"Papa Francisco en su silla de ruedas rodeado de cardenales\" width=\"1200\" height=\"675\"\/><\/source><\/source><\/source><\/source><\/picture><\/div>\n<div class=\"info\">\n<div class=\"caption\">\n<p><span>El Papa Francisco luch\u00f3 contra la neumon\u00eda bilateral en los meses previos a su muerte.<\/span> <span>(Yara Nardi\/Reuters)<\/span><\/p>\n<\/div>\n<\/div>\n<\/div>\n<p>El ex pont\u00edfice public\u00f3 declaraciones y documentos a lo largo de su papado que apuntaba a los avances para el mejoramiento de los cat\u00f3licos cotidianos y los no cat\u00f3licos. Inst\u00f3 a los fieles a tener esperanza y buscar misericordia todo el tiempo, especialmente a trav\u00e9s del sacramento de la confesi\u00f3n.<\/p>\n<p>\u00ab\u00c9l cre\u00eda que todos deber\u00edan tener esperanzas\u00bb, dijo Bennett. \u00abQue deber\u00edamos esperar en Dios y que siempre hay esperanza disponible, incluso en los momentos m\u00e1s oscuros, para una nueva vida y para algo nuevo en el horizonte\u00bb.<\/p>\n<p>Agreg\u00f3 que el Papa Francisco predic\u00f3 un camino hacia adelante, incluso para los pecadores m\u00e1s atroces.<\/p>\n<p>\u00abVi la forma en que interactu\u00f3\u00bb, dijo Bennett a Fox News Digital. \u00abIncluso en el Popemobile intentar\u00eda bendecir a la gente y hablar con ellos. Fue sobre la forma en que respondi\u00f3 a la gente com\u00fan\u00bb.<\/p>\n<p><strong>Papa Francisco para mentir en el estado, los dolientes bienvenidos: qu\u00e9 esperar del funeral del pont\u00edfice<\/strong><\/p>\n<div class=\"image-ct inline\">\n<div class=\"m\"><picture><source media=\"(max-width: 767px)\" srcset=\"https:\/\/a57.foxnews.com\/static.foxnews.com\/foxnews.com\/content\/uploads\/2025\/02\/343\/192\/pope-francis-world-leaders-celebrities_10.jpg?ve=1&amp;tl=1, https:\/\/a57.foxnews.com\/static.foxnews.com\/foxnews.com\/content\/uploads\/2025\/02\/686\/384\/pope-francis-world-leaders-celebrities_10.jpg?ve=1&amp;tl=1 2x\" height=\"192\" width=\"343\"><source media=\"(min-width: 768px) and (max-width: 1023px)\" srcset=\"https:\/\/a57.foxnews.com\/static.foxnews.com\/foxnews.com\/content\/uploads\/2025\/02\/672\/378\/pope-francis-world-leaders-celebrities_10.jpg?ve=1&amp;tl=1, https:\/\/a57.foxnews.com\/static.foxnews.com\/foxnews.com\/content\/uploads\/2025\/02\/1344\/756\/pope-francis-world-leaders-celebrities_10.jpg?ve=1&amp;tl=1 2x\" height=\"378\" width=\"672\"><source media=\"(min-width: 1024px) and (max-width: 1279px)\" srcset=\"https:\/\/a57.foxnews.com\/static.foxnews.com\/foxnews.com\/content\/uploads\/2025\/02\/931\/523\/pope-francis-world-leaders-celebrities_10.jpg?ve=1&amp;tl=1, https:\/\/a57.foxnews.com\/static.foxnews.com\/foxnews.com\/content\/uploads\/2025\/02\/1862\/1046\/pope-francis-world-leaders-celebrities_10.jpg?ve=1&amp;tl=1 2x\" height=\"523\" width=\"931\"><source media=\"(min-width: 1280px)\" srcset=\"https:\/\/a57.foxnews.com\/static.foxnews.com\/foxnews.com\/content\/uploads\/2025\/02\/720\/405\/pope-francis-world-leaders-celebrities_10.jpg?ve=1&amp;tl=1, https:\/\/a57.foxnews.com\/static.foxnews.com\/foxnews.com\/content\/uploads\/2025\/02\/1440\/810\/pope-francis-world-leaders-celebrities_10.jpg?ve=1&amp;tl=1 2x\" height=\"405\" width=\"720\"><img loading=\"lazy\" decoding=\"async\" src=\"https:\/\/a57.foxnews.com\/static.foxnews.com\/foxnews.com\/content\/uploads\/2025\/02\/1200\/675\/pope-francis-world-leaders-celebrities_10.jpg?ve=1&amp;tl=1\" alt=\"El Papa Francisco saluda a Donald Trump y Melania Trump\" width=\"1200\" height=\"675\"\/><\/source><\/source><\/source><\/source><\/picture><\/div>\n<div class=\"info\">\n<div class=\"caption\">\n<p><span>Durante su papado de 12 a\u00f1os, el Papa Francisco se reuni\u00f3 con muchos l\u00edderes mundiales, incluido el presidente Donald Trump.<\/span> <span>(Vatican Pool\/Getty Images)<\/span><\/p>\n<\/div>\n<\/div>\n<\/div>\n<p>\u00abCreo que no puedes entender el papado del Papa Francisco sin atender la forma muy directa de uno a uno que \u00e9l se acercar\u00eda a la gente\u00bb, dijo. \u00abDesde el peque\u00f1o beb\u00e9 que bendecir\u00eda en la plaza hasta personas con discapacidades. Occidi\u00f3 al p\u00fablico solo una variedad de personas; ambas personas que fueron las m\u00e1s empobrecidas para las personas entre las m\u00e1s poderosas\u00bb.<\/p>\n<p>Durante su papado de 12 a\u00f1os, el Papa Francisco se reuni\u00f3 con muchos l\u00edderes mundiales, incluido el presidente Donald Trump, la reina Isabel II, el rey Carlos III, el presidente de Rusia, Vladimir Putin, y el presidente de Ucrania, Volodymyr Zelenskyy.<\/p>\n<p>\u00abCreo que para \u00e9l, todos merecen una bendici\u00f3n\u00bb, dijo Bennett.<\/p>\n<p>Entre los actos de servicio vocacionales y misericordiosos, el Papa Francisco lavaba y besaba los pies de hombres, mujeres y ni\u00f1os, incluidos los de los reclusos de la prisi\u00f3n, durante un ritual anual del Jueves Santo.<\/p>\n<div class=\"image-ct inline\">\n<div class=\"m\"><picture><source media=\"(max-width: 767px)\" srcset=\"https:\/\/a57.foxnews.com\/static.foxnews.com\/foxnews.com\/content\/uploads\/2025\/02\/343\/192\/2025-02-14t145838z_1466030710_rc28ucatauuy_rtrmadp_3_pope-health.jpg?ve=1&amp;tl=1, https:\/\/a57.foxnews.com\/static.foxnews.com\/foxnews.com\/content\/uploads\/2025\/02\/686\/384\/2025-02-14t145838z_1466030710_rc28ucatauuy_rtrmadp_3_pope-health.jpg?ve=1&amp;tl=1 2x\" height=\"192\" width=\"343\"><source media=\"(min-width: 768px) and (max-width: 1023px)\" srcset=\"https:\/\/a57.foxnews.com\/static.foxnews.com\/foxnews.com\/content\/uploads\/2025\/02\/672\/378\/2025-02-14t145838z_1466030710_rc28ucatauuy_rtrmadp_3_pope-health.jpg?ve=1&amp;tl=1, https:\/\/a57.foxnews.com\/static.foxnews.com\/foxnews.com\/content\/uploads\/2025\/02\/1344\/756\/2025-02-14t145838z_1466030710_rc28ucatauuy_rtrmadp_3_pope-health.jpg?ve=1&amp;tl=1 2x\" height=\"378\" width=\"672\"><source media=\"(min-width: 1024px) and (max-width: 1279px)\" srcset=\"https:\/\/a57.foxnews.com\/static.foxnews.com\/foxnews.com\/content\/uploads\/2025\/02\/931\/523\/2025-02-14t145838z_1466030710_rc28ucatauuy_rtrmadp_3_pope-health.jpg?ve=1&amp;tl=1, https:\/\/a57.foxnews.com\/static.foxnews.com\/foxnews.com\/content\/uploads\/2025\/02\/1862\/1046\/2025-02-14t145838z_1466030710_rc28ucatauuy_rtrmadp_3_pope-health.jpg?ve=1&amp;tl=1 2x\" height=\"523\" width=\"931\"><source media=\"(min-width: 1280px)\" srcset=\"https:\/\/a57.foxnews.com\/static.foxnews.com\/foxnews.com\/content\/uploads\/2025\/02\/720\/405\/2025-02-14t145838z_1466030710_rc28ucatauuy_rtrmadp_3_pope-health.jpg?ve=1&amp;tl=1, https:\/\/a57.foxnews.com\/static.foxnews.com\/foxnews.com\/content\/uploads\/2025\/02\/1440\/810\/2025-02-14t145838z_1466030710_rc28ucatauuy_rtrmadp_3_pope-health.jpg?ve=1&amp;tl=1 2x\" height=\"405\" width=\"720\"><img loading=\"lazy\" decoding=\"async\" src=\"https:\/\/a57.foxnews.com\/static.foxnews.com\/foxnews.com\/content\/uploads\/2025\/02\/1200\/675\/2025-02-14t145838z_1466030710_rc28ucatauuy_rtrmadp_3_pope-health.jpg?ve=1&amp;tl=1\" alt=\"Papa Francisco con un beb\u00e9 que proporciona una bendici\u00f3n\" width=\"1200\" height=\"675\"\/><\/source><\/source><\/source><\/source><\/picture><\/div>\n<div class=\"info\">\n<div class=\"caption\">\n<p><span>Anualmente, el Papa Francisco lav\u00f3 los pies de hombres, mujeres y ni\u00f1os, incluidos los reclusos, el Jueves Santo.<\/span> <span>(Media Vatican\/Simone resolucioni\/Handout a trav\u00e9s de Reuters)<\/span><\/p>\n<\/div>\n<\/div>\n<\/div>\n<p><strong>El Papa Francisco enfatiz\u00f3 el catolicismo a nivel mundial, lleg\u00f3 m\u00e1s all\u00e1 de los Estados Unidos, Europa en naciones empobrecidas<\/strong><\/p>\n<p>\u00abCambi\u00f3 la forma en que pensamos en el servicio a otros y al servicio a todos y a qui\u00e9n es digno de ser atendido por un Papa y respetado por un Papa\u00bb, dijo Bennett.<\/p>\n<p>El Papa Francisco fue el primer Papa en tomar el nombre de San Francisco de As\u00eds, conocido por su llamado al compromiso con el empobrecido, el amor por la creaci\u00f3n y la iglesia.<\/p>\n<p>\u00abCreo que todas esas cosas aparecieron en el papado del Papa Francisco\u00bb, dijo Bennett.<\/p>\n<p>Nacido en Buenos Aires, el Papa Francisco aplic\u00f3 su liderazgo mundial para subrayar la atenci\u00f3n y la preocupaci\u00f3n por las personas en los m\u00e1rgenes, espec\u00edficamente en \u00e1reas que carec\u00edan de una gran cantidad de cl\u00e9rigos.<\/p>\n<div class=\"image-ct inline\">\n<div class=\"m\"><picture><source media=\"(max-width: 767px)\" srcset=\"https:\/\/a57.foxnews.com\/static.foxnews.com\/foxnews.com\/content\/uploads\/2022\/07\/343\/192\/AP22205664919514.jpg?ve=1&amp;tl=1, https:\/\/a57.foxnews.com\/static.foxnews.com\/foxnews.com\/content\/uploads\/2022\/07\/686\/384\/AP22205664919514.jpg?ve=1&amp;tl=1 2x\" height=\"192\" width=\"343\"><source media=\"(min-width: 768px) and (max-width: 1023px)\" srcset=\"https:\/\/a57.foxnews.com\/static.foxnews.com\/foxnews.com\/content\/uploads\/2022\/07\/672\/378\/AP22205664919514.jpg?ve=1&amp;tl=1, https:\/\/a57.foxnews.com\/static.foxnews.com\/foxnews.com\/content\/uploads\/2022\/07\/1344\/756\/AP22205664919514.jpg?ve=1&amp;tl=1 2x\" height=\"378\" width=\"672\"><source media=\"(min-width: 1024px) and (max-width: 1279px)\" srcset=\"https:\/\/a57.foxnews.com\/static.foxnews.com\/foxnews.com\/content\/uploads\/2022\/07\/931\/523\/AP22205664919514.jpg?ve=1&amp;tl=1, https:\/\/a57.foxnews.com\/static.foxnews.com\/foxnews.com\/content\/uploads\/2022\/07\/1862\/1046\/AP22205664919514.jpg?ve=1&amp;tl=1 2x\" height=\"523\" width=\"931\"><source media=\"(min-width: 1280px)\" srcset=\"https:\/\/a57.foxnews.com\/static.foxnews.com\/foxnews.com\/content\/uploads\/2022\/07\/720\/405\/AP22205664919514.jpg?ve=1&amp;tl=1, https:\/\/a57.foxnews.com\/static.foxnews.com\/foxnews.com\/content\/uploads\/2022\/07\/1440\/810\/AP22205664919514.jpg?ve=1&amp;tl=1 2x\" height=\"405\" width=\"720\"><img loading=\"lazy\" decoding=\"async\" src=\"https:\/\/a57.foxnews.com\/static.foxnews.com\/foxnews.com\/content\/uploads\/2022\/07\/1200\/675\/AP22205664919514.jpg?ve=1&amp;tl=1\" alt=\"El Papa Francisco se disculpa con los ind\u00edgenas de Canad\u00e1\" width=\"1200\" height=\"675\"\/><\/source><\/source><\/source><\/source><\/picture><\/div>\n<div class=\"info\">\n<div class=\"caption\">\n<p><span>El Papa Francisco a menudo mostraba misericordia a los empobrecidos y los de los m\u00e1rgenes.<\/span> <span>(The Associated Press)<\/span><\/p>\n<\/div>\n<\/div>\n<\/div>\n<p><strong><u>Haga clic aqu\u00ed para llegar a la aplicaci\u00f3n Fox News<\/u><\/strong><\/p>\n<p>\u00abTambi\u00e9n ten\u00eda una fuerte conciencia de la naturaleza global de la iglesia\u00bb, dijo Bennett. \u00abTen\u00eda una forma de responder a personas de diferentes pa\u00edses, diferentes continentes. Era un pol\u00edtico muy agudo. Era especialmente consciente de la corrupci\u00f3n financiera en el Vaticano, y pudo responder a eso\u00bb.<\/p>\n<p>El Papa Francisco instituy\u00f3 reformas para garantizar pr\u00e1cticas comerciales caritativas y de buena reputaci\u00f3n en el Banco Vaticano.<\/p>\n<p>\u00abSe rode\u00f3 de asesores\u00bb, dijo Bennett.<\/p>\n<p> <!----> <\/p>\n<div class=\"article-meta\">\n<div class=\"author-bio\">\n<p>Gabriele Regalbuto es editor senior de SEO en Fox News Digital. Gabriele tiene un t\u00edtulo de periodismo y comunicaciones de la Universidad de West Virginia. Ha trabajado para producir contenido para peri\u00f3dicos, revistas y plataformas digitales. En Fox, ha ayudado en la cobertura de eventos de noticias de \u00faltima hora, incluido el ciclo presidencial de 2024, las elecciones de mitad de per\u00edodo de 2022, la muerte de la reina Isabel II, la guerra en curso entre Rusia y Ucrania.<\/p>\n<\/div>\n<\/div>\n<\/div>\n\n","protected":false},"excerpt":{"rendered":"<p>Entre sus logros hist\u00f3ricos como el primer pont\u00edfice del Sur Global y el primog\u00e9nito fuera de Europa en m\u00e1s de un milenio, el Papa Francisco es recordado en los d\u00edas posteriores a su muerte como \u00abel Papa del Pueblo\u00bb. Las caracter\u00edsticas pol\u00edticas de su papado a veces controvertido se dedicaron a la protecci\u00f3n del medio &hellip;<\/p>\n","protected":false},"author":1,"featured_media":24606,"comment_status":"open","ping_status":"open","sticky":false,"template":"","format":"standard","meta":{"fifu_image_url":"https:\/\/static.foxnews.com\/foxnews.com\/content\/uploads\/2018\/09\/2e42a093-pope-francis.jpg","fifu_image_alt":"","footnotes":""},"categories":[13],"tags":[],"class_list":["post-24604","post","type-post","status-publish","format-standard","has-post-thumbnail","","category-mundo"],"_links":{"self":[{"href":"https:\/\/noticiasveraces.com\/index.php?rest_route=\/wp\/v2\/posts\/24604","targetHints":{"allow":["GET"]}}],"collection":[{"href":"https:\/\/noticiasveraces.com\/index.php?rest_route=\/wp\/v2\/posts"}],"about":[{"href":"https:\/\/noticiasveraces.com\/index.php?rest_route=\/wp\/v2\/types\/post"}],"author":[{"embeddable":true,"href":"https:\/\/noticiasveraces.com\/index.php?rest_route=\/wp\/v2\/users\/1"}],"replies":[{"embeddable":true,"href":"https:\/\/noticiasveraces.com\/index.php?rest_route=%2Fwp%2Fv2%2Fcomments&post=24604"}],"version-history":[{"count":0,"href":"https:\/\/noticiasveraces.com\/index.php?rest_route=\/wp\/v2\/posts\/24604\/revisions"}],"wp:featuredmedia":[{"embeddable":true,"href":"https:\/\/noticiasveraces.com\/index.php?rest_route=\/wp\/v2\/media\/24606"}],"wp:attachment":[{"href":"https:\/\/noticiasveraces.com\/index.php?rest_route=%2Fwp%2Fv2%2Fmedia&parent=24604"}],"wp:term":[{"taxonomy":"category","embeddable":true,"href":"https:\/\/noticiasveraces.com\/index.php?rest_route=%2Fwp%2Fv2%2Fcategories&post=24604"},{"taxonomy":"post_tag","embeddable":true,"href":"https:\/\/noticiasveraces.com\/index.php?rest_route=%2Fwp%2Fv2%2Ftags&post=24604"}],"curies":[{"name":"wp","href":"https:\/\/api.w.org\/{rel}","templated":true}]}}