{"id":24598,"date":"2025-04-26T07:30:19","date_gmt":"2025-04-26T11:30:19","guid":{"rendered":"https:\/\/noticiasveraces.com\/?p=24598"},"modified":"2025-04-26T07:30:19","modified_gmt":"2025-04-26T11:30:19","slug":"iran-ee-uu-comienza-las-negociaciones-sobre-el-programa-nuclear-avanzado-de-teheran","status":"publish","type":"post","link":"https:\/\/noticiasveraces.com\/?p=24598","title":{"rendered":"Ir\u00e1n, EE. UU. Comienza las negociaciones sobre el programa nuclear avanzado de Teher\u00e1n"},"content":{"rendered":"<p> \n<\/p>\n<div>\n<p class=\"speakable\">Ir\u00e1n y Estados Unidos comenzaron las negociaciones en Om\u00e1n el s\u00e1bado sobre el programa nuclear avanzado de Teher\u00e1n, y las conversaciones probablemente depender\u00e1n del enriquecimiento de uranio por parte de la Rep\u00fablica Isl\u00e1mica.<\/p>\n<p class=\"speakable\">Seg\u00fan los medios estatales iran\u00edes, las conversaciones comenzaron el s\u00e1bado en la capital de Om\u00e1n en Muscat. Pero el ministro de Relaciones Exteriores iran\u00ed, Abbas Araghchi y el enviado del Medio Oriente de los Estados Unidos, Steve Witkoff, no ofrecieron detalles inmediatos sobre las conversaciones.<\/p>\n<p>Araghchi lleg\u00f3 el viernes en Om\u00e1n y se reuni\u00f3 con el ministro de Relaciones Exteriores de Om\u00e1n, Badr al-Busidi, quien hab\u00eda mediado las dos rondas anteriores de conversaciones en Muscat y Roma. Araghchi fue visto dirigi\u00e9ndose a las conversaciones el s\u00e1bado por la ma\u00f1ana.<\/p>\n<p><strong>Trump dice que &#8216;liderar\u00e1 la manada&#8217; a la guerra con Ir\u00e1n si las perspectivas de acuerdo se alejan<\/strong><\/p>\n<div class=\"image-ct inline\">\n<div class=\"m\"><picture><source media=\"(max-width: 767px)\" srcset=\"https:\/\/a57.foxnews.com\/static.foxnews.com\/foxnews.com\/content\/uploads\/2025\/04\/343\/192\/iranenvoy.png?ve=1&amp;tl=1, https:\/\/a57.foxnews.com\/static.foxnews.com\/foxnews.com\/content\/uploads\/2025\/04\/686\/384\/iranenvoy.png?ve=1&amp;tl=1 2x\" height=\"192\" width=\"343\"><source media=\"(min-width: 768px) and (max-width: 1023px)\" srcset=\"https:\/\/a57.foxnews.com\/static.foxnews.com\/foxnews.com\/content\/uploads\/2025\/04\/672\/378\/iranenvoy.png?ve=1&amp;tl=1, https:\/\/a57.foxnews.com\/static.foxnews.com\/foxnews.com\/content\/uploads\/2025\/04\/1344\/756\/iranenvoy.png?ve=1&amp;tl=1 2x\" height=\"378\" width=\"672\"><source media=\"(min-width: 1024px) and (max-width: 1279px)\" srcset=\"https:\/\/a57.foxnews.com\/static.foxnews.com\/foxnews.com\/content\/uploads\/2025\/04\/931\/523\/iranenvoy.png?ve=1&amp;tl=1, https:\/\/a57.foxnews.com\/static.foxnews.com\/foxnews.com\/content\/uploads\/2025\/04\/1862\/1046\/iranenvoy.png?ve=1&amp;tl=1 2x\" height=\"523\" width=\"931\"><source media=\"(min-width: 1280px)\" srcset=\"https:\/\/a57.foxnews.com\/static.foxnews.com\/foxnews.com\/content\/uploads\/2025\/04\/720\/405\/iranenvoy.png?ve=1&amp;tl=1, https:\/\/a57.foxnews.com\/static.foxnews.com\/foxnews.com\/content\/uploads\/2025\/04\/1440\/810\/iranenvoy.png?ve=1&amp;tl=1 2x\" height=\"405\" width=\"720\"><img loading=\"lazy\" decoding=\"async\" src=\"https:\/\/a57.foxnews.com\/static.foxnews.com\/foxnews.com\/content\/uploads\/2025\/04\/1200\/675\/iranenvoy.png?ve=1&amp;tl=1\" alt=\"Ministro de Relaciones Exteriores iran\u00ed Abbas Araghchi\" width=\"1200\" height=\"675\"\/><\/source><\/source><\/source><\/source><\/picture><\/div>\n<div class=\"info\">\n<div class=\"caption\">\n<p><span>El ministro de Relaciones Exteriores iran\u00ed, Abbas Araghchi, a la derecha, sale de su avi\u00f3n cuando llega a Muscat, Om\u00e1n, el viernes 25 de abril de 2025, un d\u00eda antes de las negociaciones con el enviado del Medio Oriente de EE. UU. Steve Witkoff.<\/span> <span>(AP)<\/span><\/p>\n<\/div>\n<\/div>\n<\/div>\n<p>Witkoff lleg\u00f3 el s\u00e1bado para las conversaciones que se esperaba que comenzaran en las pr\u00f3ximas horas.<\/p>\n<p>Las negociaciones buscan limitar el programa nuclear de Ir\u00e1n a cambio de que los EE. UU. Levanten algunas sanciones econ\u00f3micas que ha impuesto a la Rep\u00fablica Isl\u00e1mica.<\/p>\n<p>El presidente de los Estados Unidos, Donald Trump, ha amenazado repetidamente con lanzar ataques a\u00e9reos dirigidos al programa de Ir\u00e1n si no se llega a un acuerdo. Funcionarios iran\u00edes advierten que podr\u00edan perseguir un arma nuclear con su arsenal de uranio enriquecida a niveles cercanos de grado de armas.<\/p>\n<div class=\"image-ct inline\">\n<div class=\"m\"><picture><source media=\"(max-width: 767px)\" srcset=\"https:\/\/a57.foxnews.com\/static.foxnews.com\/foxnews.com\/content\/uploads\/2025\/04\/343\/192\/oman.png?ve=1&amp;tl=1, https:\/\/a57.foxnews.com\/static.foxnews.com\/foxnews.com\/content\/uploads\/2025\/04\/686\/384\/oman.png?ve=1&amp;tl=1 2x\" height=\"192\" width=\"343\"><source media=\"(min-width: 768px) and (max-width: 1023px)\" srcset=\"https:\/\/a57.foxnews.com\/static.foxnews.com\/foxnews.com\/content\/uploads\/2025\/04\/672\/378\/oman.png?ve=1&amp;tl=1, https:\/\/a57.foxnews.com\/static.foxnews.com\/foxnews.com\/content\/uploads\/2025\/04\/1344\/756\/oman.png?ve=1&amp;tl=1 2x\" height=\"378\" width=\"672\"><source media=\"(min-width: 1024px) and (max-width: 1279px)\" srcset=\"https:\/\/a57.foxnews.com\/static.foxnews.com\/foxnews.com\/content\/uploads\/2025\/04\/931\/523\/oman.png?ve=1&amp;tl=1, https:\/\/a57.foxnews.com\/static.foxnews.com\/foxnews.com\/content\/uploads\/2025\/04\/1862\/1046\/oman.png?ve=1&amp;tl=1 2x\" height=\"523\" width=\"931\"><source media=\"(min-width: 1280px)\" srcset=\"https:\/\/a57.foxnews.com\/static.foxnews.com\/foxnews.com\/content\/uploads\/2025\/04\/720\/405\/oman.png?ve=1&amp;tl=1, https:\/\/a57.foxnews.com\/static.foxnews.com\/foxnews.com\/content\/uploads\/2025\/04\/1440\/810\/oman.png?ve=1&amp;tl=1 2x\" height=\"405\" width=\"720\"><img loading=\"lazy\" decoding=\"async\" src=\"https:\/\/a57.foxnews.com\/static.foxnews.com\/foxnews.com\/content\/uploads\/2025\/04\/1200\/675\/oman.png?ve=1&amp;tl=1\" alt=\"El ministro de Relaciones Exteriores iran\u00ed, Abbas Araghchi, habla con un funcionario oman\u00ed\" width=\"1200\" height=\"675\"\/><\/source><\/source><\/source><\/source><\/picture><\/div>\n<div class=\"info\">\n<div class=\"caption\">\n<p><span>El ministro de Relaciones Exteriores iran\u00ed, Abbas Araghchi, se fue, habla con un funcionario oman\u00ed no identificado a su llegada a Muscat, Om\u00e1n, el viernes 25 de abril de 2025, un d\u00eda antes de las negociaciones con el enviado del Medio Oriente, Steve Witkoff.<\/span> <span>(AP)<\/span><\/p>\n<\/div>\n<\/div>\n<\/div>\n<p>El acuerdo nuclear de Ir\u00e1n en 2015 con las naciones extranjeras limit\u00f3 el programa de Teher\u00e1n antes de que Trump se retirara unilateralmente del acuerdo en 2018, lo que llev\u00f3 a a\u00f1os de conflicto y tensiones.<\/p>\n<p>Trump reiter\u00f3 que esperaba que las negociaciones condujeran a un nuevo acuerdo nuclear, aunque a\u00fan sugiri\u00f3 la posibilidad de una huelga militar si no se lleg\u00f3 a un acuerdo.<\/p>\n<p>\u00abLa situaci\u00f3n de Ir\u00e1n est\u00e1 saliendo muy bien\u00bb, dijo Trump en Air Force One mientras viajaba a Roma para el funeral del Papa Francisco. \u00abHemos tenido muchas conversaciones con ellos y creo que vamos a tener un trato. Prefiero tener un trato que la otra alternativa. Eso ser\u00eda bueno para la humanidad\u00bb.<\/p>\n<p><strong><u>Fetterman pide bombardeo de instalaciones nucleares iran\u00edes: &#8216;desperdiciar ese &#8212;&#8216; &#8216;<\/u><\/strong><\/p>\n<div class=\"image-ct inline\">\n<div class=\"m\"><picture><source media=\"(max-width: 767px)\" srcset=\"https:\/\/a57.foxnews.com\/static.foxnews.com\/foxnews.com\/content\/uploads\/2025\/04\/343\/192\/steve-witkoff.png?ve=1&amp;tl=1, https:\/\/a57.foxnews.com\/static.foxnews.com\/foxnews.com\/content\/uploads\/2025\/04\/686\/384\/steve-witkoff.png?ve=1&amp;tl=1 2x\" height=\"192\" width=\"343\"><source media=\"(min-width: 768px) and (max-width: 1023px)\" srcset=\"https:\/\/a57.foxnews.com\/static.foxnews.com\/foxnews.com\/content\/uploads\/2025\/04\/672\/378\/steve-witkoff.png?ve=1&amp;tl=1, https:\/\/a57.foxnews.com\/static.foxnews.com\/foxnews.com\/content\/uploads\/2025\/04\/1344\/756\/steve-witkoff.png?ve=1&amp;tl=1 2x\" height=\"378\" width=\"672\"><source media=\"(min-width: 1024px) and (max-width: 1279px)\" srcset=\"https:\/\/a57.foxnews.com\/static.foxnews.com\/foxnews.com\/content\/uploads\/2025\/04\/931\/523\/steve-witkoff.png?ve=1&amp;tl=1, https:\/\/a57.foxnews.com\/static.foxnews.com\/foxnews.com\/content\/uploads\/2025\/04\/1862\/1046\/steve-witkoff.png?ve=1&amp;tl=1 2x\" height=\"523\" width=\"931\"><source media=\"(min-width: 1280px)\" srcset=\"https:\/\/a57.foxnews.com\/static.foxnews.com\/foxnews.com\/content\/uploads\/2025\/04\/720\/405\/steve-witkoff.png?ve=1&amp;tl=1, https:\/\/a57.foxnews.com\/static.foxnews.com\/foxnews.com\/content\/uploads\/2025\/04\/1440\/810\/steve-witkoff.png?ve=1&amp;tl=1 2x\" height=\"405\" width=\"720\"><img loading=\"lazy\" decoding=\"async\" src=\"https:\/\/a57.foxnews.com\/static.foxnews.com\/foxnews.com\/content\/uploads\/2025\/04\/1200\/675\/steve-witkoff.png?ve=1&amp;tl=1\" alt=\"Steve Witkoff\" width=\"1200\" height=\"675\"\/><\/source><\/source><\/source><\/source><\/picture><\/div>\n<div class=\"info\">\n<div class=\"caption\">\n<p><span>El enviado especial del presidente de los Estados Unidos, Steve Witkoff, lleg\u00f3 el s\u00e1bado en Om\u00e1n por negociaciones con Ir\u00e1n.<\/span> <span>(AP)<\/span><\/p>\n<\/div>\n<\/div>\n<\/div>\n<p><strong><u>Haga clic aqu\u00ed para obtener la aplicaci\u00f3n Fox News<\/u><\/strong><\/p>\n<p>\u00abHay algunas personas que quieren hacer un tipo diferente de trato, un trato mucho m\u00e1s desagradable, y no quiero que eso le suceda a Ir\u00e1n si podemos evitarlo\u00bb, agreg\u00f3.<\/p>\n<p><i>Associated Press contribuy\u00f3 a este informe.<\/i><\/p>\n<\/p><\/div>\n\n","protected":false},"excerpt":{"rendered":"<p>Ir\u00e1n y Estados Unidos comenzaron las negociaciones en Om\u00e1n el s\u00e1bado sobre el programa nuclear avanzado de Teher\u00e1n, y las conversaciones probablemente depender\u00e1n del enriquecimiento de uranio por parte de la Rep\u00fablica Isl\u00e1mica. Seg\u00fan los medios estatales iran\u00edes, las conversaciones comenzaron el s\u00e1bado en la capital de Om\u00e1n en Muscat. Pero el ministro de Relaciones &hellip;<\/p>\n","protected":false},"author":1,"featured_media":24600,"comment_status":"open","ping_status":"open","sticky":false,"template":"","format":"standard","meta":{"fifu_image_url":"https:\/\/static.foxnews.com\/foxnews.com\/content\/uploads\/2025\/04\/iranenvoy.png","fifu_image_alt":"","footnotes":""},"categories":[13],"tags":[],"class_list":["post-24598","post","type-post","status-publish","format-standard","has-post-thumbnail","","category-mundo"],"_links":{"self":[{"href":"https:\/\/noticiasveraces.com\/index.php?rest_route=\/wp\/v2\/posts\/24598","targetHints":{"allow":["GET"]}}],"collection":[{"href":"https:\/\/noticiasveraces.com\/index.php?rest_route=\/wp\/v2\/posts"}],"about":[{"href":"https:\/\/noticiasveraces.com\/index.php?rest_route=\/wp\/v2\/types\/post"}],"author":[{"embeddable":true,"href":"https:\/\/noticiasveraces.com\/index.php?rest_route=\/wp\/v2\/users\/1"}],"replies":[{"embeddable":true,"href":"https:\/\/noticiasveraces.com\/index.php?rest_route=%2Fwp%2Fv2%2Fcomments&post=24598"}],"version-history":[{"count":0,"href":"https:\/\/noticiasveraces.com\/index.php?rest_route=\/wp\/v2\/posts\/24598\/revisions"}],"wp:featuredmedia":[{"embeddable":true,"href":"https:\/\/noticiasveraces.com\/index.php?rest_route=\/wp\/v2\/media\/24600"}],"wp:attachment":[{"href":"https:\/\/noticiasveraces.com\/index.php?rest_route=%2Fwp%2Fv2%2Fmedia&parent=24598"}],"wp:term":[{"taxonomy":"category","embeddable":true,"href":"https:\/\/noticiasveraces.com\/index.php?rest_route=%2Fwp%2Fv2%2Fcategories&post=24598"},{"taxonomy":"post_tag","embeddable":true,"href":"https:\/\/noticiasveraces.com\/index.php?rest_route=%2Fwp%2Fv2%2Ftags&post=24598"}],"curies":[{"name":"wp","href":"https:\/\/api.w.org\/{rel}","templated":true}]}}