{"id":24593,"date":"2025-04-26T07:02:26","date_gmt":"2025-04-26T11:02:26","guid":{"rendered":"https:\/\/noticiasveraces.com\/?p=24593"},"modified":"2025-04-26T07:02:26","modified_gmt":"2025-04-26T11:02:26","slug":"solucion-facil-y-menos-dolorosa-que-afeitar-para-piernas-lisas-100-de-descuento","status":"publish","type":"post","link":"https:\/\/noticiasveraces.com\/?p=24593","title":{"rendered":"Soluci\u00f3n &#8216;f\u00e1cil y menos dolorosa que afeitar&#8217; para piernas lisas \u00a3 100 de descuento"},"content":{"rendered":"<p> \n<\/p>\n<div>\n<p>Con la llegada del clima m\u00e1s c\u00e1lido, es hora de desempolvar esos vestidos de verano. Sin embargo, con las piernas desnudas viene el inevitable dilema: c\u00f3mo mantenerlas suaves, suaves y listas para exhibir, sin gastar una eternidad en la ducha con una maquinilla de afeitar. Si bien el afeitado puede ser r\u00e1pido, no siempre es suave para su piel, a menudo deja que las piernas se sientan secas, irritadas y susceptibles a los pelos encarnados con uso regular. Aqu\u00ed es donde intervienen los dispositivos IPL (luz pulsada intensa); Est\u00e1n dise\u00f1ados para atacar el cabello en la ra\u00edz, trabajando para minimizar permanentemente el regreso con el tiempo.<\/p>\n<p>Estos dispositivos tienden a ser costosos (a veces cuestan hasta \u00a3 300), pero Keskine actualmente ofrece un descuento de \u00a3 100 en su auricular altamente calificado de depilaci\u00f3n IPL, reduciendo el precio a \u00a3 199 de \u00a3 299. Ese es un ahorro sustancial en un dispositivo que se encarga del trabajo duro cuando se trata de depilaci\u00f3n. El tel\u00e9fono est\u00e1 equipado con cinco modos inteligentes para uso de cuerpo completo, que se dirige a las axilas, las piernas o el \u00e1rea del bikini, y promete resultados notables en una a cuatro semanas. Tambi\u00e9n ofrece una garant\u00eda de dinero sin cabello de 90 d\u00edas, lo que permite a los clientes probarlo sin riesgos.<\/p>\n<\/div>\n<div>\n<p>Sin embargo, no es adecuado para todos. Keskine aconseja contra el uso si tiene ciertas afecciones de la piel, como el eccema, est\u00e1 embarazada o amamantando, o posee una piel muy oscura o quemada por el sol, informa las noticias de la noche de Manchester. Tambi\u00e9n debe evitarse en la piel rota y tatuada.<\/p>\n<p>El dispositivo de Keskine est\u00e1 recibiendo excelentes cr\u00edticas de aquellos que lo han probado. Un cliente entusiasmado: \u00abEste es el mejor m\u00e9todo de depilaci\u00f3n que he probado. Es mucho m\u00e1s f\u00e1cil y menos doloroso que la depilaci\u00f3n o el afeitado. He notado una gran diferencia despu\u00e9s de solo unos pocos usos\u00bb.<\/p>\n<p>Otro agreg\u00f3 su elogio, diciendo: \u00abHe estado usando esto durante unos dos meses y estoy asombrado. Mi cabello es mucho m\u00e1s ligero y lento para volver a crecer. Los resultados hablan por s\u00ed mismos\u00bb.<\/p>\n<p>Sin embargo, no toda la retroalimentaci\u00f3n es inequ\u00edvocamente positiva. Un usuario expres\u00f3 precauci\u00f3n: \u00abMuy r\u00e1pido y f\u00e1cil de usar, pero hasta ahora, no tengo idea de cu\u00e1nto tiempo durar\u00e1n\u00bb.<\/p>\n<\/div>\n<div>\n<p>No obstante, otro entusiasta de Keskine recomend\u00f3 firmemente el producto: \u00abHe probado m\u00faltiples m\u00e9todos de depilaci\u00f3n, y este es, con mucho, el m\u00e1s efectivo. Despu\u00e9s de solo unas pocas sesiones, ya puedo decir que mi cabello est\u00e1 creciendo mucho m\u00e1s lento. Lo recomiendo para cualquiera que busque resultados a largo plazo\u00bb.<\/p>\n<p>Entonces, para cualquiera que busque una forma sin problemas de mantenerse suave este verano, y ansioso por minimizar el tiempo dedicado a afeitarse, el auricular de depilaci\u00f3n IPL de Keskine podr\u00eda ser una compra de temporada ideal. <\/p>\n<p data-mce-linkchecker-status=\"valid\">Para aquellos que todav\u00eda est\u00e1n en la cerca, otros dispositivos IPL est\u00e1n disponibles en el mercado, aunque a precios m\u00e1s pronunciados. Por ejemplo, la depilaci\u00f3n de Philips Lumea Series 7000 Bri920\/00 con cable IPL tiene un precio de \u00a3 310 en Argos, y Feo Peachtm 2 Peach se vende por \u00a3 369 en Sephora.<\/p>\n<\/div>\n\n","protected":false},"excerpt":{"rendered":"<p>Con la llegada del clima m\u00e1s c\u00e1lido, es hora de desempolvar esos vestidos de verano. Sin embargo, con las piernas desnudas viene el inevitable dilema: c\u00f3mo mantenerlas suaves, suaves y listas para exhibir, sin gastar una eternidad en la ducha con una maquinilla de afeitar. Si bien el afeitado puede ser r\u00e1pido, no siempre es &hellip;<\/p>\n","protected":false},"author":1,"featured_media":24594,"comment_status":"open","ping_status":"open","sticky":false,"template":"","format":"standard","meta":{"fifu_image_url":"https:\/\/cdn.images.express.co.uk\/img\/dynamic\/12\/1200x630\/6116831.jpg","fifu_image_alt":"","footnotes":""},"categories":[10],"tags":[],"class_list":["post-24593","post","type-post","status-publish","format-standard","has-post-thumbnail","","category-moda"],"_links":{"self":[{"href":"https:\/\/noticiasveraces.com\/index.php?rest_route=\/wp\/v2\/posts\/24593","targetHints":{"allow":["GET"]}}],"collection":[{"href":"https:\/\/noticiasveraces.com\/index.php?rest_route=\/wp\/v2\/posts"}],"about":[{"href":"https:\/\/noticiasveraces.com\/index.php?rest_route=\/wp\/v2\/types\/post"}],"author":[{"embeddable":true,"href":"https:\/\/noticiasveraces.com\/index.php?rest_route=\/wp\/v2\/users\/1"}],"replies":[{"embeddable":true,"href":"https:\/\/noticiasveraces.com\/index.php?rest_route=%2Fwp%2Fv2%2Fcomments&post=24593"}],"version-history":[{"count":0,"href":"https:\/\/noticiasveraces.com\/index.php?rest_route=\/wp\/v2\/posts\/24593\/revisions"}],"wp:featuredmedia":[{"embeddable":true,"href":"https:\/\/noticiasveraces.com\/index.php?rest_route=\/wp\/v2\/media\/24594"}],"wp:attachment":[{"href":"https:\/\/noticiasveraces.com\/index.php?rest_route=%2Fwp%2Fv2%2Fmedia&parent=24593"}],"wp:term":[{"taxonomy":"category","embeddable":true,"href":"https:\/\/noticiasveraces.com\/index.php?rest_route=%2Fwp%2Fv2%2Fcategories&post=24593"},{"taxonomy":"post_tag","embeddable":true,"href":"https:\/\/noticiasveraces.com\/index.php?rest_route=%2Fwp%2Fv2%2Ftags&post=24593"}],"curies":[{"name":"wp","href":"https:\/\/api.w.org\/{rel}","templated":true}]}}