{"id":24583,"date":"2025-04-26T06:29:11","date_gmt":"2025-04-26T10:29:11","guid":{"rendered":"https:\/\/noticiasveraces.com\/?p=24583"},"modified":"2025-04-26T06:29:11","modified_gmt":"2025-04-26T10:29:11","slug":"la-prueba-de-caras-heredadas-del-papa-francisco-mientras-los-cardenales-se-preparan-para-elegir-el-sucesor","status":"publish","type":"post","link":"https:\/\/noticiasveraces.com\/?p=24583","title":{"rendered":"La prueba de caras heredadas del Papa Francisco mientras los Cardenales se preparan para elegir el sucesor"},"content":{"rendered":"<p> \n<\/p>\n<div>\n<p class=\"speakable\">El \u00e9nfasis del Papa Francisco en llegar a las \u00abperiferias\u00bb de la Iglesia Cat\u00f3lica y el Mundo dar\u00e1 como resultado la colecci\u00f3n m\u00e1s diversa de l\u00edderes de la iglesia en la reuni\u00f3n de historia para seleccionar al nuevo Papa. <\/p>\n<p class=\"speakable\">Seg\u00fan Mary Fiorito, experta en elecciones papales y miembro principal de la Asociaci\u00f3n Cat\u00f3lica, esto podr\u00eda dar como resultado que el pr\u00f3ximo Papa tenga un conjunto muy diferente de prioridades que el Pontiff tard\u00edo. <\/p>\n<p>Francis ha seleccionado alrededor del 80% de los 135 l\u00edderes de la iglesia, llamados cardenales, que votar\u00e1n por el pr\u00f3ximo Papa en el pr\u00f3ximo c\u00f3nclave papal.<\/p>\n<p>El resultado ser\u00e1 que en lugar de estar dominado por cardenales europeos o incluso occidentales, el c\u00f3nclave tendr\u00e1 grandes contingentes de regiones como \u00c1frica y Asia.<\/p>\n<p><strong>\u00bfCu\u00e1l es el c\u00f3nclave papal? Dentro del antiguo proceso de elecci\u00f3n del pr\u00f3ximo papa<\/strong><\/p>\n<div class=\"image-ct inline\">\n<div class=\"m\"><picture><source media=\"(max-width: 767px)\" srcset=\"https:\/\/a57.foxnews.com\/static.foxnews.com\/foxnews.com\/content\/uploads\/2025\/04\/343\/192\/pope-franicis-dead_027.jpg?ve=1&amp;tl=1, https:\/\/a57.foxnews.com\/static.foxnews.com\/foxnews.com\/content\/uploads\/2025\/04\/686\/384\/pope-franicis-dead_027.jpg?ve=1&amp;tl=1 2x\" height=\"192\" width=\"343\"><source media=\"(min-width: 768px) and (max-width: 1023px)\" srcset=\"https:\/\/a57.foxnews.com\/static.foxnews.com\/foxnews.com\/content\/uploads\/2025\/04\/672\/378\/pope-franicis-dead_027.jpg?ve=1&amp;tl=1, https:\/\/a57.foxnews.com\/static.foxnews.com\/foxnews.com\/content\/uploads\/2025\/04\/1344\/756\/pope-franicis-dead_027.jpg?ve=1&amp;tl=1 2x\" height=\"378\" width=\"672\"><source media=\"(min-width: 1024px) and (max-width: 1279px)\" srcset=\"https:\/\/a57.foxnews.com\/static.foxnews.com\/foxnews.com\/content\/uploads\/2025\/04\/931\/523\/pope-franicis-dead_027.jpg?ve=1&amp;tl=1, https:\/\/a57.foxnews.com\/static.foxnews.com\/foxnews.com\/content\/uploads\/2025\/04\/1862\/1046\/pope-franicis-dead_027.jpg?ve=1&amp;tl=1 2x\" height=\"523\" width=\"931\"><source media=\"(min-width: 1280px)\" srcset=\"https:\/\/a57.foxnews.com\/static.foxnews.com\/foxnews.com\/content\/uploads\/2025\/04\/720\/405\/pope-franicis-dead_027.jpg?ve=1&amp;tl=1, https:\/\/a57.foxnews.com\/static.foxnews.com\/foxnews.com\/content\/uploads\/2025\/04\/1440\/810\/pope-franicis-dead_027.jpg?ve=1&amp;tl=1 2x\" height=\"405\" width=\"720\"><img loading=\"lazy\" decoding=\"async\" src=\"https:\/\/a57.foxnews.com\/static.foxnews.com\/foxnews.com\/content\/uploads\/2025\/04\/1200\/675\/pope-franicis-dead_027.jpg?ve=1&amp;tl=1\" alt=\"Cat\u00f3licos fieles lloran la muerte del Papa Francisco\" width=\"1200\" height=\"675\"\/><\/source><\/source><\/source><\/source><\/picture><\/div>\n<div class=\"info\">\n<div class=\"caption\">\n<p><span>Una persona tiene un retrato del difunto Papa Francisco en el Bas\u00edlica de San Jos\u00e9 de Flores, donde ador\u00f3 cuando era joven, luego del anuncio del Vaticano de su muerte, en Buenos Aires, Argentina, lunes 21 de abril de 2025.<\/span> <span>(Gustavo Garello\/AP)<\/span><\/p>\n<\/div>\n<\/div>\n<\/div>\n<p>\u00abEste ser\u00e1 el c\u00f3nclave m\u00e1s diverso en la historia de la iglesia\u00bb, dijo Fiorito.<\/p>\n<p>Pero esta diversidad podr\u00eda deletrear una desviaci\u00f3n de algunos de los enfoques definitorios del pontificado de Francis, como su \u00e9nfasis en la \u00absinodalidad\u00bb, es decir, reuniones de peque\u00f1os grupos de todo el mundo para discutir cuestiones de teolog\u00eda y pr\u00e1ctica de la iglesia.<\/p>\n<p>Fiorito ve este pr\u00f3ximo c\u00f3nclave, que, seg\u00fan ella, probablemente comenzar\u00e1 el 5 de mayo, como una cuesti\u00f3n de si el pr\u00f3ximo Papa ser\u00e1 un hombre que contin\u00faa el legado de Francis o cambia el enfoque de la Iglesia a problemas como la persecuci\u00f3n y la pobreza, que son problemas importantes en pa\u00edses como Nigeria, Pakist\u00e1n e India.<\/p>\n<p>Solo en Nigeria, donde aproximadamente la mitad de la poblaci\u00f3n es cristiana, 3,100 cristianos fueron asesinados y 2.830 fueron secuestrados en 2024, seg\u00fan un informe de las puertas abiertas de los regelos internacionales de la libertad religiosa. <\/p>\n<p><strong>El obispo Barron reacciona a la muerte del Papa Francisco, elogia el papado marcado por la &#8216;misericordia y la evangelizaci\u00f3n&#8217;<\/strong><\/p>\n<div class=\"image-ct inline\">\n<div class=\"m\"><picture><source media=\"(max-width: 767px)\" srcset=\"https:\/\/a57.foxnews.com\/static.foxnews.com\/foxnews.com\/content\/uploads\/2023\/11\/343\/192\/GettyImages-1814736114.jpg?ve=1&amp;tl=1, https:\/\/a57.foxnews.com\/static.foxnews.com\/foxnews.com\/content\/uploads\/2023\/11\/686\/384\/GettyImages-1814736114.jpg?ve=1&amp;tl=1 2x\" height=\"192\" width=\"343\"><source media=\"(min-width: 768px) and (max-width: 1023px)\" srcset=\"https:\/\/a57.foxnews.com\/static.foxnews.com\/foxnews.com\/content\/uploads\/2023\/11\/672\/378\/GettyImages-1814736114.jpg?ve=1&amp;tl=1, https:\/\/a57.foxnews.com\/static.foxnews.com\/foxnews.com\/content\/uploads\/2023\/11\/1344\/756\/GettyImages-1814736114.jpg?ve=1&amp;tl=1 2x\" height=\"378\" width=\"672\"><source media=\"(min-width: 1024px) and (max-width: 1279px)\" srcset=\"https:\/\/a57.foxnews.com\/static.foxnews.com\/foxnews.com\/content\/uploads\/2023\/11\/931\/523\/GettyImages-1814736114.jpg?ve=1&amp;tl=1, https:\/\/a57.foxnews.com\/static.foxnews.com\/foxnews.com\/content\/uploads\/2023\/11\/1862\/1046\/GettyImages-1814736114.jpg?ve=1&amp;tl=1 2x\" height=\"523\" width=\"931\"><source media=\"(min-width: 1280px)\" srcset=\"https:\/\/a57.foxnews.com\/static.foxnews.com\/foxnews.com\/content\/uploads\/2023\/11\/720\/405\/GettyImages-1814736114.jpg?ve=1&amp;tl=1, https:\/\/a57.foxnews.com\/static.foxnews.com\/foxnews.com\/content\/uploads\/2023\/11\/1440\/810\/GettyImages-1814736114.jpg?ve=1&amp;tl=1 2x\" height=\"405\" width=\"720\"><img loading=\"lazy\" decoding=\"async\" src=\"https:\/\/a57.foxnews.com\/static.foxnews.com\/foxnews.com\/content\/uploads\/2023\/11\/1200\/675\/GettyImages-1814736114.jpg?ve=1&amp;tl=1\" alt=\"Papa Francisco sentado\" width=\"1200\" height=\"675\"\/><\/source><\/source><\/source><\/source><\/picture><\/div>\n<div class=\"info\">\n<div class=\"caption\">\n<p><span>El Papa Francisco entrega su bendici\u00f3n del domingo Angelus de su residencia en la Casa Santa Marta el 26 de noviembre de 2023 en la ciudad del Vaticano.<\/span> <span>(Medios del Vaticano a trav\u00e9s de Vatican Pool\/Getty Images)<\/span><\/p>\n<\/div>\n<\/div>\n<\/div>\n<p>En este sentido, Fiorito predijo que los cardenales africanos, que ahora forman un bloque de votaci\u00f3n significativo en el C\u00f3nclave, desempe\u00f1ar\u00e1 un papel importante en la selecci\u00f3n del pr\u00f3ximo Papa.<\/p>\n<p>Explic\u00f3 que la Iglesia Africana tiene un conjunto muy diferente de prioridades, que han sido moldeadas en gran parte por las realidades del r\u00e1pido crecimiento junto con una intensa persecuci\u00f3n.<\/p>\n<p>\u00abEstamos preocupados por cosas como el cambio clim\u00e1tico, y est\u00e1n preocupados por no estar encerrados en una iglesia y incendiar\u00bb, explic\u00f3. \u00abNo est\u00e1n sentados en estas mesas para 10 discutiendo grandes ideas. Solo quieren asegurarse de que sus hijos lleguen a la escuela sin recibir un disparo y puedan pagar su alquiler este mes\u00bb.<\/p>\n<p>Con eso vendr\u00e1 un deseo de seleccionar a un Papa que respetar\u00e1 a la Iglesia Africana como un igual y que se enfrentar\u00e1 a la \u00abcolonizaci\u00f3n ideol\u00f3gica\u00bb de Occidente con conceptos como el cambio clim\u00e1tico, el aborto y la ideolog\u00eda de g\u00e9nero.<\/p>\n<p><strong>Trump, los l\u00edderes mundiales reaccionan a la muerte del Papa Francisco<\/strong><\/p>\n<div class=\"image-ct inline\">\n<div class=\"m\"><picture><source media=\"(max-width: 767px)\" srcset=\"https:\/\/a57.foxnews.com\/static.foxnews.com\/foxnews.com\/content\/uploads\/2025\/02\/343\/192\/ghanaian-cardinal-peter-kodwo-appiah-turkson-scaled.jpg?ve=1&amp;tl=1, https:\/\/a57.foxnews.com\/static.foxnews.com\/foxnews.com\/content\/uploads\/2025\/02\/686\/384\/ghanaian-cardinal-peter-kodwo-appiah-turkson-scaled.jpg?ve=1&amp;tl=1 2x\" height=\"192\" width=\"343\"><source media=\"(min-width: 768px) and (max-width: 1023px)\" srcset=\"https:\/\/a57.foxnews.com\/static.foxnews.com\/foxnews.com\/content\/uploads\/2025\/02\/672\/378\/ghanaian-cardinal-peter-kodwo-appiah-turkson-scaled.jpg?ve=1&amp;tl=1, https:\/\/a57.foxnews.com\/static.foxnews.com\/foxnews.com\/content\/uploads\/2025\/02\/1344\/756\/ghanaian-cardinal-peter-kodwo-appiah-turkson-scaled.jpg?ve=1&amp;tl=1 2x\" height=\"378\" width=\"672\"><source media=\"(min-width: 1024px) and (max-width: 1279px)\" srcset=\"https:\/\/a57.foxnews.com\/static.foxnews.com\/foxnews.com\/content\/uploads\/2025\/02\/931\/523\/ghanaian-cardinal-peter-kodwo-appiah-turkson-scaled.jpg?ve=1&amp;tl=1, https:\/\/a57.foxnews.com\/static.foxnews.com\/foxnews.com\/content\/uploads\/2025\/02\/1862\/1046\/ghanaian-cardinal-peter-kodwo-appiah-turkson-scaled.jpg?ve=1&amp;tl=1 2x\" height=\"523\" width=\"931\"><source media=\"(min-width: 1280px)\" srcset=\"https:\/\/a57.foxnews.com\/static.foxnews.com\/foxnews.com\/content\/uploads\/2025\/02\/720\/405\/ghanaian-cardinal-peter-kodwo-appiah-turkson-scaled.jpg?ve=1&amp;tl=1, https:\/\/a57.foxnews.com\/static.foxnews.com\/foxnews.com\/content\/uploads\/2025\/02\/1440\/810\/ghanaian-cardinal-peter-kodwo-appiah-turkson-scaled.jpg?ve=1&amp;tl=1 2x\" height=\"405\" width=\"720\"><img loading=\"lazy\" decoding=\"async\" src=\"https:\/\/a57.foxnews.com\/static.foxnews.com\/foxnews.com\/content\/uploads\/2025\/02\/1200\/675\/ghanaian-cardinal-peter-kodwo-appiah-turkson-scaled.jpg?ve=1&amp;tl=1\" alt=\"Ghanai Changker del Cordroy Cadwo Korkson Turksson\" width=\"1200\" height=\"675\"\/><\/source><\/source><\/source><\/source><\/picture><\/div>\n<div class=\"info\">\n<div class=\"caption\">\n<p><span>El cardenal ghan\u00e9s Peter Kodwo Appiah Turkson espera para intercambiar saludos navide\u00f1os con el Papa Francisco en el Clementina Hall el 21 de diciembre de 2013 en la ciudad del Vaticano.<\/span> <span>(Franco Origlia\/Vatican Pool\/Getty Images)<\/span><\/p>\n<\/div>\n<\/div>\n<\/div>\n<p>\u00abLos cardenales en \u00c1frica son muy sensibles a este tipo de colonizaci\u00f3n ideol\u00f3gica donde no est\u00e1n siendo colonizados de la manera tradicional, pero las ideas de Occidente est\u00e1n entrando e intentando cambiar la cultura africana con ideas occidentales sin escuchar a las personas primero\u00bb, dijo.<\/p>\n<p>Con esto en mente, el Fiorito se\u00f1al\u00f3 al cardenal h\u00fangaro P\u00e9ter Erd\u0151, quien a los 71 a\u00f1os es lo suficientemente joven como para ser seleccionado y muchos lo ve como una \u00abpersonalidad tipo John Paul ii\u00bb. Es respetado tanto por los campos de sinodalidad del Papa Francisco como por los obispos africanos.<\/p>\n<p>Otro candidato, dijo Fiorito, quien posiblemente podr\u00eda \u00abcerrar la brecha\u00bb entre los diferentes mundos es el cardenal Robert Prevost, que actualmente se desempe\u00f1a como presidente de la Comisi\u00f3n Pontificia para Am\u00e9rica Latina. Sin embargo, Fiorito se\u00f1al\u00f3 que Prevost puede ser menos probable si los cardenales \u00abno quieren ver tanto el poder del mundo concentrado en los Estados Unidos\u00bb.<\/p>\n<p>Fiorito tambi\u00e9n predijo problemas de modernidad versus tradici\u00f3n, que han deletreado algunas de las controversias m\u00e1s significativas durante el pontificado de Francis en Occidente, tambi\u00e9n jugar\u00e1n un factor.<\/p>\n<p><strong>\u00bfQui\u00e9n podr\u00eda ser el pr\u00f3ximo Papa?<\/strong><\/p>\n<div class=\"image-ct inline\">\n<div class=\"m\"><picture><source media=\"(max-width: 767px)\" srcset=\"https:\/\/a57.foxnews.com\/static.foxnews.com\/foxnews.com\/content\/uploads\/2025\/04\/343\/192\/cardinals-conclave.jpg?ve=1&amp;tl=1, https:\/\/a57.foxnews.com\/static.foxnews.com\/foxnews.com\/content\/uploads\/2025\/04\/686\/384\/cardinals-conclave.jpg?ve=1&amp;tl=1 2x\" height=\"192\" width=\"343\"><source media=\"(min-width: 768px) and (max-width: 1023px)\" srcset=\"https:\/\/a57.foxnews.com\/static.foxnews.com\/foxnews.com\/content\/uploads\/2025\/04\/672\/378\/cardinals-conclave.jpg?ve=1&amp;tl=1, https:\/\/a57.foxnews.com\/static.foxnews.com\/foxnews.com\/content\/uploads\/2025\/04\/1344\/756\/cardinals-conclave.jpg?ve=1&amp;tl=1 2x\" height=\"378\" width=\"672\"><source media=\"(min-width: 1024px) and (max-width: 1279px)\" srcset=\"https:\/\/a57.foxnews.com\/static.foxnews.com\/foxnews.com\/content\/uploads\/2025\/04\/931\/523\/cardinals-conclave.jpg?ve=1&amp;tl=1, https:\/\/a57.foxnews.com\/static.foxnews.com\/foxnews.com\/content\/uploads\/2025\/04\/1862\/1046\/cardinals-conclave.jpg?ve=1&amp;tl=1 2x\" height=\"523\" width=\"931\"><source media=\"(min-width: 1280px)\" srcset=\"https:\/\/a57.foxnews.com\/static.foxnews.com\/foxnews.com\/content\/uploads\/2025\/04\/720\/405\/cardinals-conclave.jpg?ve=1&amp;tl=1, https:\/\/a57.foxnews.com\/static.foxnews.com\/foxnews.com\/content\/uploads\/2025\/04\/1440\/810\/cardinals-conclave.jpg?ve=1&amp;tl=1 2x\" height=\"405\" width=\"720\"><img loading=\"lazy\" decoding=\"async\" src=\"https:\/\/a57.foxnews.com\/static.foxnews.com\/foxnews.com\/content\/uploads\/2025\/04\/1200\/675\/cardinals-conclave.jpg?ve=1&amp;tl=1\" alt=\"Los cardenales cat\u00f3licos se re\u00fanen para el c\u00f3nclave en 2005\" width=\"1200\" height=\"675\"\/><\/source><\/source><\/source><\/source><\/picture><\/div>\n<div class=\"info\">\n<div class=\"caption\">\n<p><span>Los cardenales caminan en procesi\u00f3n a la Capilla Sixtina en el Vaticano, al comienzo del c\u00f3nclave el 18 de abril de 2005.<\/span> <span>(Observador Romano a trav\u00e9s de AP)<\/span><\/p>\n<\/div>\n<\/div>\n<\/div>\n<p>Ella dijo que en medio de una disminuci\u00f3n general de la fe en Occidente, ha habido un cambio palpable en los j\u00f3venes que abarcan formas de adoraci\u00f3n m\u00e1s tradicionales en la iglesia, como la misa latina tradicional.<\/p>\n<p>\u00abAh\u00ed es donde los 20 y tantos van a mis misa\u00bb, dijo. \u00abEn un mundo donde hay tanta groser\u00eda y vulgaridad, tienes algo aqu\u00ed que es atemporal y te transporta a otro mundo\u00bb.<\/p>\n<p>A pesar de esto, dijo que el problema de la masa latina tradicional es m\u00e1s un \u00abproblema lit\u00fargico de nicho que no creo que tenga mucho impacto\u00bb.<\/p>\n<p>Fiorito se\u00f1al\u00f3 que, a diferencia de las elecciones pol\u00edticas, la selecci\u00f3n del pr\u00f3ximo Papa tiene menos que ver con un conjunto de problemas o pol\u00edticas, pero en cambio se trata m\u00e1s del hombre mismo.<\/p>\n<p><strong>5 maneras del Papa Francisco impact\u00f3 la Iglesia Cat\u00f3lica<\/strong><\/p>\n<div class=\"image-ct inline\">\n<div class=\"m\"><picture><source media=\"(max-width: 767px)\" srcset=\"https:\/\/a57.foxnews.com\/static.foxnews.com\/foxnews.com\/content\/uploads\/2023\/12\/343\/192\/GettyImages-52645715-e1701992839638.jpg?ve=1&amp;tl=1, https:\/\/a57.foxnews.com\/static.foxnews.com\/foxnews.com\/content\/uploads\/2023\/12\/686\/384\/GettyImages-52645715-e1701992839638.jpg?ve=1&amp;tl=1 2x\" height=\"192\" width=\"343\"><source media=\"(min-width: 768px) and (max-width: 1023px)\" srcset=\"https:\/\/a57.foxnews.com\/static.foxnews.com\/foxnews.com\/content\/uploads\/2023\/12\/672\/378\/GettyImages-52645715-e1701992839638.jpg?ve=1&amp;tl=1, https:\/\/a57.foxnews.com\/static.foxnews.com\/foxnews.com\/content\/uploads\/2023\/12\/1344\/756\/GettyImages-52645715-e1701992839638.jpg?ve=1&amp;tl=1 2x\" height=\"378\" width=\"672\"><source media=\"(min-width: 1024px) and (max-width: 1279px)\" srcset=\"https:\/\/a57.foxnews.com\/static.foxnews.com\/foxnews.com\/content\/uploads\/2023\/12\/931\/523\/GettyImages-52645715-e1701992839638.jpg?ve=1&amp;tl=1, https:\/\/a57.foxnews.com\/static.foxnews.com\/foxnews.com\/content\/uploads\/2023\/12\/1862\/1046\/GettyImages-52645715-e1701992839638.jpg?ve=1&amp;tl=1 2x\" height=\"523\" width=\"931\"><source media=\"(min-width: 1280px)\" srcset=\"https:\/\/a57.foxnews.com\/static.foxnews.com\/foxnews.com\/content\/uploads\/2023\/12\/720\/405\/GettyImages-52645715-e1701992839638.jpg?ve=1&amp;tl=1, https:\/\/a57.foxnews.com\/static.foxnews.com\/foxnews.com\/content\/uploads\/2023\/12\/1440\/810\/GettyImages-52645715-e1701992839638.jpg?ve=1&amp;tl=1 2x\" height=\"405\" width=\"720\"><img loading=\"lazy\" decoding=\"async\" src=\"https:\/\/a57.foxnews.com\/static.foxnews.com\/foxnews.com\/content\/uploads\/2023\/12\/1200\/675\/GettyImages-52645715-e1701992839638.jpg?ve=1&amp;tl=1\" alt=\"C\u00f3nclave Vaticano\" width=\"1200\" height=\"675\"\/><\/source><\/source><\/source><\/source><\/picture><\/div>\n<div class=\"info\">\n<div class=\"caption\">\n<p><span>Los cardenales de la Iglesia Cat\u00f3lica asisten al c\u00f3nclave electoral en la Capilla Sixtina el 18 de abril de 2005 en el Vaticano.<\/span> <span>(Arturo Mari, piscina del Vaticano)<\/span><\/p>\n<\/div>\n<\/div>\n<\/div>\n<p>\u00abNo lo expresar\u00eda en t\u00e9rminos de problemas, como si estuvi\u00e9ramos hablando de la econom\u00eda o la migraci\u00f3n. Estamos mirando a los hombres individuales y pregunt\u00e1ndonos a nosotros mismos, \u00bfqui\u00e9n puede servir mejor a la iglesia en este momento y qui\u00e9n es la persona mejor equipada para asumir este papel internacional?\u00bb ella dijo.<\/p>\n<p><strong><u>Haga clic aqu\u00ed para obtener la aplicaci\u00f3n Fox News<\/u><\/strong><\/p>\n<p>\u00abEl papel del Santo Padre es ser un centro de unidad para la iglesia para predicar el mensaje y el evangelio\u00bb, continu\u00f3 Fiorito. \u00abEntonces, est\u00e1 mirando a las personas individuales, sus fortalezas, sus debilidades, sus antecedentes, qu\u00e9 limitaciones podr\u00edan tener. Y luego realmente, de una manera muy oradora, preguntando, \u00bfqu\u00e9 necesita la iglesia ahora en un nuevo Papa?\u00bb<\/p>\n<p>\u00abMi sentido de ello\u00bb, continu\u00f3, \u00abcreo que los Cardenales necesitan mirar a la iglesia hoy a nivel mundial y no solo en sus propios patios traseros, sino en todo el mundo y diciendo: &#8216;\u00bfQui\u00e9n es el hombre que mejor puede llevar a la iglesia a esta nueva era?'\u00bb <\/p>\n<p> <!----> <\/p>\n<div class=\"article-meta\">\n<div class=\"author-bio\">\n<p>Peter Pinedo es un escritor de pol\u00edtica de Fox News Digital.<\/p>\n<\/div>\n<\/div>\n<\/div>\n\n","protected":false},"excerpt":{"rendered":"<p>El \u00e9nfasis del Papa Francisco en llegar a las \u00abperiferias\u00bb de la Iglesia Cat\u00f3lica y el Mundo dar\u00e1 como resultado la colecci\u00f3n m\u00e1s diversa de l\u00edderes de la iglesia en la reuni\u00f3n de historia para seleccionar al nuevo Papa. Seg\u00fan Mary Fiorito, experta en elecciones papales y miembro principal de la Asociaci\u00f3n Cat\u00f3lica, esto podr\u00eda &hellip;<\/p>\n","protected":false},"author":1,"featured_media":24585,"comment_status":"open","ping_status":"open","sticky":false,"template":"","format":"standard","meta":{"fifu_image_url":"https:\/\/static.foxnews.com\/foxnews.com\/content\/uploads\/2023\/12\/GettyImages-52645715-e1701992839638.jpg","fifu_image_alt":"","footnotes":""},"categories":[13],"tags":[],"class_list":["post-24583","post","type-post","status-publish","format-standard","has-post-thumbnail","","category-mundo"],"_links":{"self":[{"href":"https:\/\/noticiasveraces.com\/index.php?rest_route=\/wp\/v2\/posts\/24583","targetHints":{"allow":["GET"]}}],"collection":[{"href":"https:\/\/noticiasveraces.com\/index.php?rest_route=\/wp\/v2\/posts"}],"about":[{"href":"https:\/\/noticiasveraces.com\/index.php?rest_route=\/wp\/v2\/types\/post"}],"author":[{"embeddable":true,"href":"https:\/\/noticiasveraces.com\/index.php?rest_route=\/wp\/v2\/users\/1"}],"replies":[{"embeddable":true,"href":"https:\/\/noticiasveraces.com\/index.php?rest_route=%2Fwp%2Fv2%2Fcomments&post=24583"}],"version-history":[{"count":0,"href":"https:\/\/noticiasveraces.com\/index.php?rest_route=\/wp\/v2\/posts\/24583\/revisions"}],"wp:featuredmedia":[{"embeddable":true,"href":"https:\/\/noticiasveraces.com\/index.php?rest_route=\/wp\/v2\/media\/24585"}],"wp:attachment":[{"href":"https:\/\/noticiasveraces.com\/index.php?rest_route=%2Fwp%2Fv2%2Fmedia&parent=24583"}],"wp:term":[{"taxonomy":"category","embeddable":true,"href":"https:\/\/noticiasveraces.com\/index.php?rest_route=%2Fwp%2Fv2%2Fcategories&post=24583"},{"taxonomy":"post_tag","embeddable":true,"href":"https:\/\/noticiasveraces.com\/index.php?rest_route=%2Fwp%2Fv2%2Ftags&post=24583"}],"curies":[{"name":"wp","href":"https:\/\/api.w.org\/{rel}","templated":true}]}}