{"id":24578,"date":"2025-04-26T05:27:35","date_gmt":"2025-04-26T09:27:35","guid":{"rendered":"https:\/\/noticiasveraces.com\/?p=24578"},"modified":"2025-04-26T05:27:35","modified_gmt":"2025-04-26T09:27:35","slug":"comienza-el-funeral-del-papa-francisco-en-el-vaticano-dw-26-04-2025","status":"publish","type":"post","link":"https:\/\/noticiasveraces.com\/?p=24578","title":{"rendered":"Comienza el funeral del papa Francisco en el Vaticano \u2013 DW \u2013 26\/04\/2025"},"content":{"rendered":"<p> \n<\/p>\n<div id=\"liveblog-post-72361290\"><span class=\"hr9hvkd hb7nbxk seipclg b1ho1h07\">Ir a la siguiente secci\u00f3n Homil\u00eda del funeral destaca la importancia de los migrantes en pontificado de Francisco<\/span><svg xmlns=\"http:\/\/www.w3.org\/2000\/svg\" viewbox=\"0 0 20 20\" class=\"s1ly0d8v\"><g fill=\"none\" fill-rule=\"evenodd\" stroke=\"#002D5A\" stroke-width=\"2\"><path d=\"M4 9L4 16 11 16\" transform=\"rotate(45 7.5 12.5)\"\/><path stroke-linecap=\"square\" d=\"M3.5 12.5L17.5 12.5M17.5 12.5L17.5 5.5M17.5 5L12 5\"\/><\/g><\/svg><\/p>\n<p><span class=\"time-area s1i8qhb9 icns9en i1sf8oqe m1km9ap7 wgx1hx2 b1ho1h07\"><span class=\"publication icns9en i1sf8oqe m1km9ap7 wgx1hx2 b1ho1h07\"><time aria-hidden=\"true\">26\/04\/2025<\/time><span class=\"sr-only s28j2rd\">26 de abril de 2025<\/span><\/span><\/span><\/p>\n<h2 class=\"hr9hvkd h16xqir8 seipclg b1ho1h07\">Homil\u00eda del funeral destaca la importancia de los migrantes en pontificado de Francisco<\/h2>\n<\/p>\n<div class=\"post-rich-text cc0m0op s1ebneao rich-text t1it8i9i r1wgtjne wgx1hx2 b1ho1h07\">\n<p>El decano del colegio cardenalicio, Giovanni Battista Re, destac\u00f3 este s\u00e1bado (26.04.2025) en la homil\u00eda del funeral del papa Francisco la importancia de los migrantes en su pontificado, con alusiones a la misa que celebr\u00f3 en la frontera entre EE.UU y M\u00e9xico y a su primer viaje oficial, a la isla de Lampedusa. Francisco se afan\u00f3 en \u00abconstruir puentes y no muros\u00bb, una frase que repiti\u00f3 a lo largo de su pontificado, tal y como se record\u00f3 en la homil\u00eda de su funeral, en presencia del presidente de EE.UU, Donald Trump, y otros muchos l\u00edderes mundiales. (EFE)<\/p>\n<\/div>\n<p><span class=\"svdcmki\">https:\/\/p.dw.com\/p\/4tcta<\/span><\/p>\n<\/div>\n<div id=\"liveblog-post-72361060\"><span class=\"hr9hvkd hb7nbxk seipclg b1ho1h07\">Ir a la siguiente secci\u00f3n Francisco \u00abfue un papa entre la gente, abierto a todos\u00bb<\/span><svg xmlns=\"http:\/\/www.w3.org\/2000\/svg\" viewbox=\"0 0 20 20\" class=\"s1ly0d8v\"><g fill=\"none\" fill-rule=\"evenodd\" stroke=\"#002D5A\" stroke-width=\"2\"><path d=\"M4 9L4 16 11 16\" transform=\"rotate(45 7.5 12.5)\"\/><path stroke-linecap=\"square\" d=\"M3.5 12.5L17.5 12.5M17.5 12.5L17.5 5.5M17.5 5L12 5\"\/><\/g><\/svg><\/p>\n<p><span class=\"time-area s1i8qhb9 icns9en i1sf8oqe m1km9ap7 wgx1hx2 b1ho1h07\"><span class=\"publication icns9en i1sf8oqe m1km9ap7 wgx1hx2 b1ho1h07\"><time aria-hidden=\"true\">26\/04\/2025<\/time><span class=\"sr-only s28j2rd\">26 de abril de 2025<\/span><\/span><\/span><\/p>\n<h2 class=\"hr9hvkd h16xqir8 seipclg b1ho1h07\">Francisco \u00abfue un papa entre la gente, abierto a todos\u00bb<\/h2>\n<\/p>\n<div class=\"post-rich-text cc0m0op s1ebneao rich-text t1it8i9i r1wgtjne wgx1hx2 b1ho1h07\">\n<figure class=\"placeholder-image master_landscape big\"><img data-format=\"MASTER_LANDSCAPE\" data-id=\"72361047\" data-url=\"https:\/\/static.dw.com\/image\/72361047_${formatId}.jpg\" data-aspect-ratio=\"16\/9\" alt=\"El cardenal Giovanni Battista Re.\" style=\"padding-bottom: 56.25%; height: 0; max-height: 0;\"\/><figcaption class=\"img-caption\">El cardenal Giovanni Battista Re.<small class=\"copyright\">Imagen: Alessandra Tarantino\/AP Photo\/Picture Alliance <\/small><\/figcaption><\/figure>\n<p>El difunto papa Francisco fue recordado este s\u00e1bado (26.04.2025) en la homil\u00eda de su funeral como un pont\u00edfice que estaba \u00abentre la gente\u00bb, \u00abcon el coraz\u00f3n abierto a todos\u00bb y que \u00abse dedic\u00f3 sin medida a los \u00faltimos de la Tierra y los marginados\u00bb.\u00a0\u00abInstaur\u00f3 un contacto directo con las personas y poblaciones, deseoso de estar cerca de todos, con una marcada atenci\u00f3n a las personas con dificultades, dedic\u00e1ndose sin medida sobre todo a los \u00faltimos de la Tierra y marginados. Fue un papa entre la gente con el coraz\u00f3n abierto a todos\u00bb, dijo el cardenal decano, Giovanni Battista Re, encargado de oficiar las exequias del pont\u00edfice argentino. (EFE)<\/p>\n<p>26.04.2025 08:48 UTC<\/p>\n<\/div>\n<p><span class=\"svdcmki\">https:\/\/p.dw.com\/p\/4tcps<\/span><\/p>\n<\/div>\n<div id=\"liveblog-post-72360844\"><span class=\"hr9hvkd hb7nbxk seipclg b1ho1h07\">Ir a la siguiente secci\u00f3n Vaticano cifra en 200.000 los fieles congregados para despedir a Francisco<\/span><svg xmlns=\"http:\/\/www.w3.org\/2000\/svg\" viewbox=\"0 0 20 20\" class=\"s1ly0d8v\"><g fill=\"none\" fill-rule=\"evenodd\" stroke=\"#002D5A\" stroke-width=\"2\"><path d=\"M4 9L4 16 11 16\" transform=\"rotate(45 7.5 12.5)\"\/><path stroke-linecap=\"square\" d=\"M3.5 12.5L17.5 12.5M17.5 12.5L17.5 5.5M17.5 5L12 5\"\/><\/g><\/svg><\/p>\n<p><span class=\"time-area s1i8qhb9 icns9en i1sf8oqe m1km9ap7 wgx1hx2 b1ho1h07\"><span class=\"publication icns9en i1sf8oqe m1km9ap7 wgx1hx2 b1ho1h07\"><time aria-hidden=\"true\">26\/04\/2025<\/time><span class=\"sr-only s28j2rd\">26 de abril de 2025<\/span><\/span><\/span><\/p>\n<h2 class=\"hr9hvkd h16xqir8 seipclg b1ho1h07\">Vaticano cifra en 200.000 los fieles congregados para despedir a Francisco<\/h2>\n<\/p>\n<div class=\"post-rich-text cc0m0op s1ebneao rich-text t1it8i9i r1wgtjne wgx1hx2 b1ho1h07\">\n<p>Cerca de 200.000 personas abarrotan la plaza de San Pedro y la V\u00eda de la Conciliaci\u00f3n, la gran avenida que la precede, para asistir este s\u00e1bado (26.04.2025) al funeral del papa Francisco, seg\u00fan inform\u00f3 el Vaticano. La plaza, con una capacidad para 40.000 personas, lleg\u00f3 a su m\u00e1xima capacidad y las autoridades reubicaron a la marea de fieles en los aleda\u00f1os, donde se colocaron pantallas gigantes para seguir la ceremonia. (EFE)<\/p>\n<\/div>\n<p><span class=\"svdcmki\">https:\/\/p.dw.com\/p\/4tcmo<\/span><\/p>\n<\/div>\n<div id=\"liveblog-post-72360109\"><span class=\"hr9hvkd hb7nbxk seipclg b1ho1h07\">Ir a la siguiente secci\u00f3n Comienza el funeral del papa Francisco<\/span><svg xmlns=\"http:\/\/www.w3.org\/2000\/svg\" viewbox=\"0 0 20 20\" class=\"s1ly0d8v\"><g fill=\"none\" fill-rule=\"evenodd\" stroke=\"#002D5A\" stroke-width=\"2\"><path d=\"M4 9L4 16 11 16\" transform=\"rotate(45 7.5 12.5)\"\/><path stroke-linecap=\"square\" d=\"M3.5 12.5L17.5 12.5M17.5 12.5L17.5 5.5M17.5 5L12 5\"\/><\/g><\/svg><\/p>\n<p><span class=\"time-area s1i8qhb9 icns9en i1sf8oqe m1km9ap7 wgx1hx2 b1ho1h07\"><span class=\"publication icns9en i1sf8oqe m1km9ap7 wgx1hx2 b1ho1h07\"><time aria-hidden=\"true\">26\/04\/2025<\/time><span class=\"sr-only s28j2rd\">26 de abril de 2025<\/span><\/span><\/span><\/p>\n<h2 class=\"hr9hvkd h16xqir8 seipclg b1ho1h07\">Comienza el funeral del papa Francisco<\/h2>\n<\/p>\n<div class=\"post-rich-text cc0m0op s1ebneao rich-text t1it8i9i r1wgtjne wgx1hx2 b1ho1h07\">\n<p>El funeral del papa Francisco comenz\u00f3 este s\u00e1bado (26.04.2025) en el Vaticano, en presencia de miles de personas y l\u00edderes internacionales, con la marcha en procesi\u00f3n del f\u00e9retro seguido por los cardenales concelebrantes en la bas\u00edlica de San Pedro del Vaticano. Minutos despu\u00e9s, el f\u00e9retro con los restos mortales del pont\u00edfice, fallecido este lunes a los 88 a\u00f1os, lleg\u00f3 a hombros de los &#8216;sediarios&#8217; a la plaza de San Pedro tras atravesar la puerta central de la bas\u00edlica para dar inicio al funeral.<\/p>\n<p>El ata\u00fad fue colocado frente al altar, sobre una alfombra y junto a un cirio encendido y entonces se escuch\u00f3 el aplauso de los cerca 140.000 fieles presentes. Despu\u00e9s se coloc\u00f3 encima el libro del Evangelio abierto y la plaza de San Pedro se sumi\u00f3 en un absoluto silencio y los cardenales concelebrantes ocuparon su puesto en el lado izquierdo del sagrado.\u00a0Con anterioridad hab\u00edan entrado el resto de cardenales, obispos y sacerdotes.<\/p>\n<p>Las exequias de Francisco se celebran ante la presencia de 140 delegaciones, 50 jefes de Estado y gobierno y una decena de soberanos, situados en la parte de derecha de la plaza. (AFP, EFE)<\/p>\n<\/div>\n<p><span class=\"svdcmki\">https:\/\/p.dw.com\/p\/4tcax<\/span><\/p>\n<\/div>\n<div id=\"liveblog-post-72359754\"><span class=\"hr9hvkd hb7nbxk seipclg b1ho1h07\">Ir a la siguiente secci\u00f3n Von der Leyen, Meloni, Biden y Guterres, presentes en la plaza de San Pedro para el funeral<\/span><svg xmlns=\"http:\/\/www.w3.org\/2000\/svg\" viewbox=\"0 0 20 20\" class=\"s1ly0d8v\"><g fill=\"none\" fill-rule=\"evenodd\" stroke=\"#002D5A\" stroke-width=\"2\"><path d=\"M4 9L4 16 11 16\" transform=\"rotate(45 7.5 12.5)\"\/><path stroke-linecap=\"square\" d=\"M3.5 12.5L17.5 12.5M17.5 12.5L17.5 5.5M17.5 5L12 5\"\/><\/g><\/svg><\/p>\n<p><span class=\"time-area s1i8qhb9 icns9en i1sf8oqe m1km9ap7 wgx1hx2 b1ho1h07\"><span class=\"publication icns9en i1sf8oqe m1km9ap7 wgx1hx2 b1ho1h07\"><time aria-hidden=\"true\">26\/04\/2025<\/time><span class=\"sr-only s28j2rd\">26 de abril de 2025<\/span><\/span><\/span><\/p>\n<h2 class=\"hr9hvkd h16xqir8 seipclg b1ho1h07\">Von der Leyen, Meloni, Biden y Guterres, presentes en la plaza de San Pedro para el funeral<\/h2>\n<\/p>\n<div class=\"post-rich-text cc0m0op s1ebneao rich-text t1it8i9i r1wgtjne wgx1hx2 b1ho1h07\">\n<figure class=\"placeholder-image master_landscape big\"><img data-format=\"MASTER_LANDSCAPE\" data-id=\"72359717\" data-url=\"https:\/\/static.dw.com\/image\/72359717_${formatId}.jpg\" data-aspect-ratio=\"16\/9\" alt=\"La presidenta de la Uni\u00f3n Europea, Ursula von der Leyen, llega al funeral de Francisco.\" style=\"padding-bottom: 56.25%; height: 0; max-height: 0;\"\/><figcaption class=\"img-caption\">La presidenta de la Uni\u00f3n Europea, Ursula von der Leyen, llega al funeral de Francisco.<small class=\"copyright\">Imagen: Guglielmo Mangiapane\/REUTERS<\/small><\/figcaption><\/figure>\n<p>La primera ministra italiana, Giorgia Meloni, la presidenta de la Comisi\u00f3n Europea, Ursula Von der Leyen, el secretario general de Naciones Unidas, Ant\u00f3nio Guteres, y el expresidente estadounidense Joe Biden, ya est\u00e1n presentes en la plaza de San Pedro para asistir al funeral del papa Francisco.\u00a0Tambi\u00e9n llegaron el presidente argentino, Javier Milei, y el brasile\u00f1o, Luiz In\u00e1cio Lula da Silva.<\/p>\n<p>Un total de 140 delegaciones extranjeras se encuentra en la plaza, junto a unas 140.000 personas -40.000 en la plaza y el resto en los alrededores- para el funeral. (EFE)<\/p>\n<\/div>\n<p><span class=\"svdcmki\">https:\/\/p.dw.com\/p\/4tc4o<\/span><\/p>\n<\/div>\n<div id=\"liveblog-post-72359666\"><span class=\"hr9hvkd hb7nbxk seipclg b1ho1h07\">Ir a la siguiente secci\u00f3n Donald y Melania Trump rinden tributo al f\u00e9retro del papa Francisco antes del funeral<\/span><svg xmlns=\"http:\/\/www.w3.org\/2000\/svg\" viewbox=\"0 0 20 20\" class=\"s1ly0d8v\"><g fill=\"none\" fill-rule=\"evenodd\" stroke=\"#002D5A\" stroke-width=\"2\"><path d=\"M4 9L4 16 11 16\" transform=\"rotate(45 7.5 12.5)\"\/><path stroke-linecap=\"square\" d=\"M3.5 12.5L17.5 12.5M17.5 12.5L17.5 5.5M17.5 5L12 5\"\/><\/g><\/svg><\/p>\n<p><span class=\"time-area s1i8qhb9 icns9en i1sf8oqe m1km9ap7 wgx1hx2 b1ho1h07\"><span class=\"publication icns9en i1sf8oqe m1km9ap7 wgx1hx2 b1ho1h07\"><time aria-hidden=\"true\">26\/04\/2025<\/time><span class=\"sr-only s28j2rd\">26 de abril de 2025<\/span><\/span><\/span><\/p>\n<h2 class=\"hr9hvkd h16xqir8 seipclg b1ho1h07\">Donald y Melania Trump rinden tributo al f\u00e9retro del papa Francisco antes del funeral<\/h2>\n<\/p>\n<div class=\"post-rich-text cc0m0op s1ebneao rich-text t1it8i9i r1wgtjne wgx1hx2 b1ho1h07\">\n<figure class=\"placeholder-image master_landscape big\"><img data-format=\"MASTER_LANDSCAPE\" data-id=\"72359618\" data-url=\"https:\/\/static.dw.com\/image\/72359618_${formatId}.jpg\" data-aspect-ratio=\"16\/9\" alt=\"Donald y Melania Trump durante su arribo al aeropuerto romano de Fiumicino.\" style=\"padding-bottom: 56.25%; height: 0; max-height: 0;\"\/><figcaption class=\"img-caption\">Donald y Melania Trump durante su arribo al aeropuerto romano de Fiumicino.<small class=\"copyright\">Imagen: Nathan Howard\/Reuters <\/small><\/figcaption><\/figure>\n<p>El presidente de Estados Unidos, Donald Trump, y su esposa\u00a0Melania, rindieron este s\u00e1bado (26.04.2025) tributo al f\u00e9retro del papa Francisco en la bas\u00edlica de San Pedro, antes de asistir a su funeraal. Ambos de negro y ella con un velo en la cabeza, la pareja accedi\u00f3 al Estado vaticano a bordo de un veh\u00edculo escoltado por las autoridades italianas, procedente de la Villa Taverna, la residencia del embajador estadounidense en Roma. (EFE)<\/p>\n<\/div>\n<p><span class=\"svdcmki\">https:\/\/p.dw.com\/p\/4tc3o<\/span><\/p>\n<\/div>\n<div id=\"liveblog-post-72359585\"><span class=\"hr9hvkd hb7nbxk seipclg b1ho1h07\">Ir a la siguiente secci\u00f3n Casi 150.000 personas abarrotan San Pedro y aleda\u00f1os por el funeral del papa<\/span><svg xmlns=\"http:\/\/www.w3.org\/2000\/svg\" viewbox=\"0 0 20 20\" class=\"s1ly0d8v\"><g fill=\"none\" fill-rule=\"evenodd\" stroke=\"#002D5A\" stroke-width=\"2\"><path d=\"M4 9L4 16 11 16\" transform=\"rotate(45 7.5 12.5)\"\/><path stroke-linecap=\"square\" d=\"M3.5 12.5L17.5 12.5M17.5 12.5L17.5 5.5M17.5 5L12 5\"\/><\/g><\/svg><\/p>\n<p><span class=\"time-area s1i8qhb9 icns9en i1sf8oqe m1km9ap7 wgx1hx2 b1ho1h07\"><span class=\"publication icns9en i1sf8oqe m1km9ap7 wgx1hx2 b1ho1h07\"><time aria-hidden=\"true\">26\/04\/2025<\/time><span class=\"sr-only s28j2rd\">26 de abril de 2025<\/span><\/span><\/span><\/p>\n<h2 class=\"hr9hvkd h16xqir8 seipclg b1ho1h07\">Casi 150.000 personas abarrotan San Pedro y aleda\u00f1os por el funeral del papa<\/h2>\n<\/p>\n<div class=\"post-rich-text cc0m0op s1ebneao rich-text t1it8i9i r1wgtjne wgx1hx2 b1ho1h07\">\n<p>Decenas de miles de personas abarrotan ya la plaza de San Pedro del Vaticano una hora antes del comienzo del funeral del papa Francisco, mientras que alrededor de otras 100.000 se concentran en la V\u00eda de la Conciliaci\u00f3n, la gran avenida que la precede.\u00a0La plaza, con una capacidad para 40.000 personas, est\u00e1 \u00abcasi llena\u00bb, informaron a EFE fuentes de la Jefatura de Polic\u00eda romana. (EFE).<\/p>\n<\/div>\n<p><span class=\"svdcmki\">https:\/\/p.dw.com\/p\/4tc25<\/span><\/p>\n<\/div>\n<div id=\"liveblog-post-72359380\"><span class=\"hr9hvkd hb7nbxk seipclg b1ho1h07\">Ir a la siguiente secci\u00f3n Fundador de Open Arms: \u00abEl papa fue un aliado valiente y comprometido\u00bb<\/span><svg xmlns=\"http:\/\/www.w3.org\/2000\/svg\" viewbox=\"0 0 20 20\" class=\"s1ly0d8v\"><g fill=\"none\" fill-rule=\"evenodd\" stroke=\"#002D5A\" stroke-width=\"2\"><path d=\"M4 9L4 16 11 16\" transform=\"rotate(45 7.5 12.5)\"\/><path stroke-linecap=\"square\" d=\"M3.5 12.5L17.5 12.5M17.5 12.5L17.5 5.5M17.5 5L12 5\"\/><\/g><\/svg><\/p>\n<p><span class=\"time-area s1i8qhb9 icns9en i1sf8oqe m1km9ap7 wgx1hx2 b1ho1h07\"><span class=\"publication icns9en i1sf8oqe m1km9ap7 wgx1hx2 b1ho1h07\"><time aria-hidden=\"true\">26\/04\/2025<\/time><span class=\"sr-only s28j2rd\">26 de abril de 2025<\/span><\/span><\/span><\/p>\n<h2 class=\"hr9hvkd h16xqir8 seipclg b1ho1h07\">Fundador de Open Arms: \u00abEl papa fue un aliado valiente y comprometido\u00bb<\/h2>\n<\/p>\n<div class=\"post-rich-text cc0m0op s1ebneao rich-text t1it8i9i r1wgtjne wgx1hx2 b1ho1h07\">\n<p>El fundador de la ONG de rescate de migrantes espa\u00f1ola Open Arms, \u00d2scar Camps, presente este s\u00e1bado (26.04.2025) en el funeral del papa Francisco en la plaza de San Pedro del Vaticano, record\u00f3 al pont\u00edfice argentino como \u00abun aliado valiente y comprometido con los m\u00e1s vulnerables\u00bb.\u00a0\u00abLamentablemente hoy despedimos no solo a un l\u00edder espiritual, sino a un aliado valiente y comprometido con los m\u00e1s vulnerables, con los invisibles\u00bb, explic\u00f3 Camps. <\/p>\n<p>Para el fundador de Open Arms, Francisco fue \u201cun c\u00f3mplice en la lucha por la vida\u201d, alguien que entendi\u00f3 \u00abdesde el primer momento que el Mediterr\u00e1neo no pod\u00eda convertirse en una fosa com\u00fan\u00bb.\u00a0\u00abFue \u00a0uno de los pocos l\u00edderes globales que se atrevi\u00f3 a nombrar las cosas por su nombre, a nombrar la indiferencia y la hipocres\u00eda delante de la muerte de miles de seres humanos en el mar\u00bb, se\u00f1al\u00f3. (EFE)<\/p>\n<\/div>\n<p><span class=\"svdcmki\">https:\/\/p.dw.com\/p\/4tbym<\/span><\/p>\n<\/div>\n<div id=\"liveblog-post-72359378\"><span class=\"hr9hvkd hb7nbxk seipclg b1ho1h07\">Ir a la siguiente secci\u00f3n Zelenski llega a Roma para asistir al funeral de Francisco<\/span><svg xmlns=\"http:\/\/www.w3.org\/2000\/svg\" viewbox=\"0 0 20 20\" class=\"s1ly0d8v\"><g fill=\"none\" fill-rule=\"evenodd\" stroke=\"#002D5A\" stroke-width=\"2\"><path d=\"M4 9L4 16 11 16\" transform=\"rotate(45 7.5 12.5)\"\/><path stroke-linecap=\"square\" d=\"M3.5 12.5L17.5 12.5M17.5 12.5L17.5 5.5M17.5 5L12 5\"\/><\/g><\/svg><\/p>\n<p><span class=\"time-area s1i8qhb9 icns9en i1sf8oqe m1km9ap7 wgx1hx2 b1ho1h07\"><span class=\"publication icns9en i1sf8oqe m1km9ap7 wgx1hx2 b1ho1h07\"><time aria-hidden=\"true\">26\/04\/2025<\/time><span class=\"sr-only s28j2rd\">26 de abril de 2025<\/span><\/span><\/span><\/p>\n<h2 class=\"hr9hvkd h16xqir8 seipclg b1ho1h07\">Zelenski llega a Roma para asistir al funeral de Francisco<\/h2>\n<\/p>\n<div class=\"post-rich-text cc0m0op s1ebneao rich-text t1it8i9i r1wgtjne wgx1hx2 b1ho1h07\">\n<p>El presidente ucraniano, Volodimir Zelenski, lleg\u00f3 este s\u00e1bado (26.04.2025) a Roma acompa\u00f1ado de su esposa, Olena Zelenska, para asistir al funeral del papa Francisco, que muri\u00f3 esta semana a los 88 a\u00f1os, seg\u00fan inform\u00f3 el portavoz de Zelenski.\u00a0Medios ucranianos publicaron esta semana, citando fuentes de la presidencia ucraniana, que Zelenski est\u00e1 abierto a reunirse con el presidente de EE.UU., Donald Trump, durante su viaje a Roma para el entierro de Francisco. <\/p>\n<p>Ucrania y EE.UU. mantienen estos d\u00edas intensos contactos en el marco de la iniciativa de Washington de poner fin a la guerra ruso-ucraniana con un acuerdo negociado. Zelenski, su esposa y el resto de la delegaci\u00f3n que aterriz\u00f3 en Roma se unir\u00e1 al ministro de Exteriores ucraniano, Andri Sibiga, que ya estaba en la capital italiana y honr\u00f3 el viernes la memoria de Francisco en la bas\u00edlica de San Pedro. Sibiga se reuni\u00f3 en el Vaticano con el \u00fanico cardenal ucraniano que participar\u00e1 en el c\u00f3nclave, Mikola Bichok. (EFE)<\/p>\n<\/div>\n<p><span class=\"svdcmki\">https:\/\/p.dw.com\/p\/4tbyk<\/span><\/p>\n<\/div>\n<div id=\"liveblog-post-72359377\"><span class=\"hr9hvkd hb7nbxk seipclg b1ho1h07\">Ir a la siguiente secci\u00f3n La plaza de San Pedro se llena de fieles horas antes del inicio del funeral del papa<\/span><svg xmlns=\"http:\/\/www.w3.org\/2000\/svg\" viewbox=\"0 0 20 20\" class=\"s1ly0d8v\"><g fill=\"none\" fill-rule=\"evenodd\" stroke=\"#002D5A\" stroke-width=\"2\"><path d=\"M4 9L4 16 11 16\" transform=\"rotate(45 7.5 12.5)\"\/><path stroke-linecap=\"square\" d=\"M3.5 12.5L17.5 12.5M17.5 12.5L17.5 5.5M17.5 5L12 5\"\/><\/g><\/svg><\/p>\n<p><span class=\"time-area s1i8qhb9 icns9en i1sf8oqe m1km9ap7 wgx1hx2 b1ho1h07\"><span class=\"publication icns9en i1sf8oqe m1km9ap7 wgx1hx2 b1ho1h07\"><time aria-hidden=\"true\">26\/04\/2025<\/time><span class=\"sr-only s28j2rd\">26 de abril de 2025<\/span><\/span><\/span><\/p>\n<h2 class=\"hr9hvkd h16xqir8 seipclg b1ho1h07\">La plaza de San Pedro se llena de fieles horas antes del inicio del funeral del papa<\/h2>\n<\/p>\n<div class=\"post-rich-text cc0m0op s1ebneao rich-text t1it8i9i r1wgtjne wgx1hx2 b1ho1h07\">\n<p>Miles de fieles empiezan a llenar este s\u00e1bado (26.04.2025) la plaza de San Pedro del Vaticano horas antes de que comience el funeral del papa Francisco, una ceremonia que se espera congregue a unas 200.000 personas, adem\u00e1s de a decenas de autoridades internacionales.\u00a0A dos horas del inicio de las exequias, previsto para las 10:00 hora local (08:00 GMT), siguen llegando fieles que abarrotan la plaza para asegurarse una buena visi\u00f3n de la ceremonia, pues una vez alcance su capacidad m\u00e1xima los devotos que accedan deber\u00e1n colocarse a lo largo de la V\u00eda de la Conciliaci\u00f3n, donde se han instalado pantallas gigantes.<\/p>\n<p>Los grupos de peregrinos y devotos, muchos con banderas, retratos y objetos religiosos vinculados al papa Francisco, abarrotan la plaza de San Pedro mientras esperan al inicio de la misa exequial, que ser\u00e1 su \u00faltima vez ante los fieles y su despedida definitiva del Vaticano.\u00a0Los accesos al p\u00fablico se abrieron a las 06:00 hora local (04:00 GMT), en medio de un amplio dispositivo de seguridad, y el ingreso se realiz\u00f3 de forma escalonada y bajo estricta supervisi\u00f3n para evitar aglomeraciones.<\/p>\n<p>Una vez terminado el funeral, el f\u00e9retro de Francisco cruzar\u00e1 Roma con un cortejo f\u00fanebre para ser trasladado a la bas\u00edlica romana de Santa Mar\u00eda la Mayor, como pidi\u00f3 en su testamento. (EFE)<\/p>\n<\/div>\n<p><span class=\"svdcmki\">https:\/\/p.dw.com\/p\/4tbyj<\/span><\/p>\n<\/div>\n\n","protected":false},"excerpt":{"rendered":"<p>Ir a la siguiente secci\u00f3n Homil\u00eda del funeral destaca la importancia de los migrantes en pontificado de Francisco 26\/04\/202526 de abril de 2025 Homil\u00eda del funeral destaca la importancia de los migrantes en pontificado de Francisco El decano del colegio cardenalicio, Giovanni Battista Re, destac\u00f3 este s\u00e1bado (26.04.2025) en la homil\u00eda del funeral del papa &hellip;<\/p>\n","protected":false},"author":1,"featured_media":24579,"comment_status":"open","ping_status":"open","sticky":false,"template":"","format":"standard","meta":{"fifu_image_url":"https:\/\/static.dw.com\/image\/72360063_6.jpg","fifu_image_alt":"","footnotes":""},"categories":[13],"tags":[],"class_list":["post-24578","post","type-post","status-publish","format-standard","has-post-thumbnail","","category-mundo"],"_links":{"self":[{"href":"https:\/\/noticiasveraces.com\/index.php?rest_route=\/wp\/v2\/posts\/24578","targetHints":{"allow":["GET"]}}],"collection":[{"href":"https:\/\/noticiasveraces.com\/index.php?rest_route=\/wp\/v2\/posts"}],"about":[{"href":"https:\/\/noticiasveraces.com\/index.php?rest_route=\/wp\/v2\/types\/post"}],"author":[{"embeddable":true,"href":"https:\/\/noticiasveraces.com\/index.php?rest_route=\/wp\/v2\/users\/1"}],"replies":[{"embeddable":true,"href":"https:\/\/noticiasveraces.com\/index.php?rest_route=%2Fwp%2Fv2%2Fcomments&post=24578"}],"version-history":[{"count":0,"href":"https:\/\/noticiasveraces.com\/index.php?rest_route=\/wp\/v2\/posts\/24578\/revisions"}],"wp:featuredmedia":[{"embeddable":true,"href":"https:\/\/noticiasveraces.com\/index.php?rest_route=\/wp\/v2\/media\/24579"}],"wp:attachment":[{"href":"https:\/\/noticiasveraces.com\/index.php?rest_route=%2Fwp%2Fv2%2Fmedia&parent=24578"}],"wp:term":[{"taxonomy":"category","embeddable":true,"href":"https:\/\/noticiasveraces.com\/index.php?rest_route=%2Fwp%2Fv2%2Fcategories&post=24578"},{"taxonomy":"post_tag","embeddable":true,"href":"https:\/\/noticiasveraces.com\/index.php?rest_route=%2Fwp%2Fv2%2Ftags&post=24578"}],"curies":[{"name":"wp","href":"https:\/\/api.w.org\/{rel}","templated":true}]}}