{"id":24574,"date":"2025-04-26T04:01:25","date_gmt":"2025-04-26T08:01:25","guid":{"rendered":"https:\/\/noticiasveraces.com\/?p=24574"},"modified":"2025-04-26T04:01:25","modified_gmt":"2025-04-26T08:01:25","slug":"alberto-gamero-analizo-derrota-de-atletico-nacional-en-libertadores-y-defendio-a-javier-gandolfi-curiosidades-de-futbol","status":"publish","type":"post","link":"https:\/\/noticiasveraces.com\/?p=24574","title":{"rendered":"Alberto Gamero analiz\u00f3 derrota de Atl\u00e9tico Nacional en Libertadores y defendi\u00f3 a Javier Gandolfi | Curiosidades de f\u00fatbol"},"content":{"rendered":"<p> \n<\/p>\n<div id=\"cuerpoArticulo\">\n<p class=\"texto intro\" id=\"p243534-m1057-1056-1058\">Mucho se ha comentado sobre la reciente derrota de Atl\u00e9tico Nacional ante Bah\u00eda por Copa Libertadores, el pasado jueves 24 de abril. Los dirigidos por Javier Gandolfi no lograron sumar en condici\u00f3n de visitante y complicaron su objetivo de avanzar a octavos de final. <\/p>\n<p>Al t\u00e9rmino del partido, uno de los m\u00e1s criticados por las decisiones adoptadas, especialmente, por no haber dejado a Edwin Cardona en el once titular. <\/p>\n<p>Aunque el experimentado jugador ingres\u00f3 al campo, minutos despu\u00e9s, se abri\u00f3 el marcador a favor de los brasile\u00f1os y se firm\u00f3 la derrota para el cuadro &#8216;antioque\u00f1o&#8217;. <\/p>\n<p class=\"texto contenido-parrafo-articulo\" id=\"p243534-m1133-3-1134\">Horas despu\u00e9s de lo ocurrido, una de las reacciones que m\u00e1s ha venido llamando la atenci\u00f3n fue la de Alberto Gamero, ex director t\u00e9cnico de Millonarios y quien actualmente se encuentra tomando un descanso del f\u00fatbol. <\/p>\n<p>El estratega samario, en conversaci\u00f3n con el programa Los Intocables de Meca TV, fue cuestionado sobre el actuar de Gandolfi y lo que vivi\u00f3 Nacional en territorio brasile\u00f1o. <\/p>\n<div class=\"fotografia caja-articulo\" id=\"p243534-m1139-4-1140\">\n<div class=\"imagen-cuerpo-bk\">\n<figure itemscope=\"\" itemtype=\"https:\/\/schema.org\/ImageObject\" itemprop=\"image\" id=\"m1144-1143-1145\" class=\"foto-galeria-articulo imagen-articulo foto-texto-articulo-galeria\"><img decoding=\"async\" alt=\"William Tesillo y Andr\u00e9s Rom\u00e1n - Atl\u00e9tico Nacional\" src=\"data:image\/png;base64,iVBORw0KGgoAAAANSUhEUgAAAAEAAAABCAQAAAC1HAwCAAAAC0lEQVR42mP8\/x0AAvsB+DlKarAAAAAASUVORK5CYII=\" style=\" display: inline;\" data-original=\"\/files\/article_content\/uploads\/2025\/04\/24\/680af6ae1dff1.jpeg\"\/><meta itemprop=\"width\" content=\"600\"\/><meta itemprop=\"height\" content=\"450\"\/> <meta itemprop=\"url\" content=\"https:\/\/www.futbolred.com\/files\/article_content\/uploads\/2025\/04\/24\/680af6ae1dff1.jpeg\"\/><\/figure>\n<\/div>\n<div class=\"figcaption-cuerpo-bk credito-image-bk\"><figcaption class=\"foto-info\">\n<div class=\"titulo-foto-bk\">\n<p id=\"m1151-1-1152\" class=\"titulo pie-de-foto\">William Tesillo y Andr\u00e9s Rom\u00e1n &#8211; Atl\u00e9tico Nacional<\/p>\n<\/div>\n<p class=\"credito\">\n                            <span class=\"linea pre_credito\">Foto:<\/span><\/p>\n<p>                        <span id=\"m1157-2-1158\" class=\"autor\">Arisson Marinho \/ AFP<\/span><\/p>\n<\/figcaption><\/div>\n<\/p><\/div>\n<p class=\"texto contenido-parrafo-articulo\" id=\"p243534-m1165-5-1166\">All\u00ed, sorprendi\u00f3, pues defendi\u00f3 a su colega y al equipo que en su momento fue uno de sus rivales. <\/p>\n<p>En manera de cuestionamiento, Gamero afirm\u00f3 que: \u00abLo perdi\u00f3 el t\u00e9cnico, porque no jug\u00f3 un solo jugador (&#8230;) Yo me hago la pregunta, cuando Cardona entr\u00f3 el partido iba 0-0. <b>Ah\u00ed es f\u00e1cil decir &#8216;el t\u00e9cnico la embarr\u00f3&#8217; porque no meti\u00f3 a Cardona\u00bb.<\/b><\/p>\n<div class=\"fotografia caja-articulo\" id=\"p243534-m1171-6-1172\">\n<div class=\"imagen-cuerpo-bk\">\n<figure itemscope=\"\" itemtype=\"https:\/\/schema.org\/ImageObject\" itemprop=\"image\" id=\"m1176-1175-1177\" class=\"foto-galeria-articulo imagen-articulo foto-texto-articulo-galeria\"><img decoding=\"async\" alt=\"Bah\u00eda vs Atl\u00e9tico Nacional\" src=\"data:image\/png;base64,iVBORw0KGgoAAAANSUhEUgAAAAEAAAABCAQAAAC1HAwCAAAAC0lEQVR42mP8\/x0AAvsB+DlKarAAAAAASUVORK5CYII=\" style=\" display: inline;\" data-original=\"\/files\/article_content\/uploads\/2025\/04\/24\/680aebe74b1fc.jpeg\"\/><meta itemprop=\"width\" content=\"600\"\/><meta itemprop=\"height\" content=\"450\"\/> <meta itemprop=\"url\" content=\"https:\/\/www.futbolred.com\/files\/article_content\/uploads\/2025\/04\/24\/680aebe74b1fc.jpeg\"\/><\/figure>\n<\/div>\n<div class=\"figcaption-cuerpo-bk credito-image-bk\"><figcaption class=\"foto-info\">\n<div class=\"titulo-foto-bk\">\n<p id=\"m1183-1-1184\" class=\"titulo pie-de-foto\">Bah\u00eda vs Atl\u00e9tico Nacional<\/p>\n<\/div>\n<p class=\"credito\">\n                            <span class=\"linea pre_credito\">Foto:<\/span><\/p>\n<p>                        <span id=\"m1189-2-1190\" class=\"autor\">Arisson Marinho \/ AFP<\/span><\/p>\n<\/figcaption><\/div>\n<\/p><\/div>\n<p class=\"texto contenido-parrafo-articulo\" id=\"p243534-m1197-7-1198\"><b>\u00abLas cr\u00edticas lo hacen crecer y lo hacen m\u00e1s fuertes (&#8230;) Yo, por ejemplo, si veo que est\u00e1n criticando al t\u00e9cnico de Nacional, yo no estoy de acuerdo, pero la acepto. Yo, en el radar m\u00edo, no estoy de acuerdo\u00bb, sentenci\u00f3 Gamero.<\/b><\/p>\n<p>As\u00ed mismo, enfatiz\u00f3 que: <b>\u00abUstedes (los periodistas) pueden que tengan raz\u00f3n, pero nosotros (t\u00e9cnicos) tambi\u00e9n tenemos raz\u00f3n\u00bb.<\/b><\/p>\n<p><a href=\"https:\/\/www.youtube.com\/watch?v=krhf1l-5dum\">https:\/\/www.youtube.com\/watch?v=krhf1l-5dum<\/a><\/p>\n<\/p><\/div>\n\n","protected":false},"excerpt":{"rendered":"<p>Mucho se ha comentado sobre la reciente derrota de Atl\u00e9tico Nacional ante Bah\u00eda por Copa Libertadores, el pasado jueves 24 de abril. Los dirigidos por Javier Gandolfi no lograron sumar en condici\u00f3n de visitante y complicaron su objetivo de avanzar a octavos de final. Al t\u00e9rmino del partido, uno de los m\u00e1s criticados por las &hellip;<\/p>\n","protected":false},"author":1,"featured_media":24575,"comment_status":"open","ping_status":"open","sticky":false,"template":"","format":"standard","meta":{"fifu_image_url":"https:\/\/www.futbolred.com\/files\/og_thumbnail\/uploads\/2024\/12\/03\/674e93c323bc7.jpeg","fifu_image_alt":"","footnotes":""},"categories":[6],"tags":[],"class_list":["post-24574","post","type-post","status-publish","format-standard","has-post-thumbnail","","category-deportes"],"_links":{"self":[{"href":"https:\/\/noticiasveraces.com\/index.php?rest_route=\/wp\/v2\/posts\/24574","targetHints":{"allow":["GET"]}}],"collection":[{"href":"https:\/\/noticiasveraces.com\/index.php?rest_route=\/wp\/v2\/posts"}],"about":[{"href":"https:\/\/noticiasveraces.com\/index.php?rest_route=\/wp\/v2\/types\/post"}],"author":[{"embeddable":true,"href":"https:\/\/noticiasveraces.com\/index.php?rest_route=\/wp\/v2\/users\/1"}],"replies":[{"embeddable":true,"href":"https:\/\/noticiasveraces.com\/index.php?rest_route=%2Fwp%2Fv2%2Fcomments&post=24574"}],"version-history":[{"count":0,"href":"https:\/\/noticiasveraces.com\/index.php?rest_route=\/wp\/v2\/posts\/24574\/revisions"}],"wp:featuredmedia":[{"embeddable":true,"href":"https:\/\/noticiasveraces.com\/index.php?rest_route=\/wp\/v2\/media\/24575"}],"wp:attachment":[{"href":"https:\/\/noticiasveraces.com\/index.php?rest_route=%2Fwp%2Fv2%2Fmedia&parent=24574"}],"wp:term":[{"taxonomy":"category","embeddable":true,"href":"https:\/\/noticiasveraces.com\/index.php?rest_route=%2Fwp%2Fv2%2Fcategories&post=24574"},{"taxonomy":"post_tag","embeddable":true,"href":"https:\/\/noticiasveraces.com\/index.php?rest_route=%2Fwp%2Fv2%2Ftags&post=24574"}],"curies":[{"name":"wp","href":"https:\/\/api.w.org\/{rel}","templated":true}]}}