{"id":24564,"date":"2025-04-26T02:24:24","date_gmt":"2025-04-26T06:24:24","guid":{"rendered":"https:\/\/noticiasveraces.com\/?p=24564"},"modified":"2025-04-26T02:24:24","modified_gmt":"2025-04-26T06:24:24","slug":"a-que-lideres-mundiales-asistiran-al-funeral-del-papa-francisco","status":"publish","type":"post","link":"https:\/\/noticiasveraces.com\/?p=24564","title":{"rendered":"\u00bfA qu\u00e9 l\u00edderes mundiales asistir\u00e1n al funeral del Papa Francisco?"},"content":{"rendered":"<p> \n<\/p>\n<div>\n<p class=\"speakable\">Se espera que el funeral para el Papa Francisco, que ten\u00eda 88 a\u00f1os cuando muri\u00f3 el 21 de abril, sea ampliamente asistido no solo por los fieles, a quienes se espera que viajen en todo el mundo para el evento, sino tambi\u00e9n por l\u00edderes mundiales. <\/p>\n<p class=\"speakable\">Unas 130 delegaciones confirmaron que viajar\u00e1n a Roma para el funeral en la Bas\u00edlica de San Pedro, incluidos aproximadamente 50 jefes de estado y al menos otros 10 l\u00edderes mundiales.<\/p>\n<h2>A NOSOTROS<\/h2>\n<p>El presidente Donald Trump viajar\u00e1 con su esposa, la primera dama Melani Trump, que es cat\u00f3lica romana, para el funeral en una muestra de respeto a pesar del hecho de que el presidente y el Papa a veces se encuentran cabezas. <\/p>\n<p>Ni el vicepresidente JD Vance, quien visit\u00f3 al Papa en la v\u00edspera de su muerte, ni se espera que su esposa, Usha, est\u00e9 en el funeral. <\/p>\n<p>Se espera que el ex presidente Joe Biden est\u00e9 presente, seg\u00fan informes de los medios italianos.<\/p>\n<p><strong>Trump asistir\u00e1 al funeral del Papa Francisco en Roma a pesar del pasado pol\u00e9mico: \u00ab\u00a1Espero estar all\u00ed!\u00bb<\/strong><\/p>\n<div class=\"image-ct inline\">\n<div class=\"m\"><picture><source media=\"(max-width: 767px)\" srcset=\"https:\/\/a57.foxnews.com\/static.foxnews.com\/foxnews.com\/content\/uploads\/2025\/02\/343\/192\/pope-francis-world-leaders-celebrities_10.jpg?ve=1&amp;tl=1, https:\/\/a57.foxnews.com\/static.foxnews.com\/foxnews.com\/content\/uploads\/2025\/02\/686\/384\/pope-francis-world-leaders-celebrities_10.jpg?ve=1&amp;tl=1 2x\" height=\"192\" width=\"343\"><source media=\"(min-width: 768px) and (max-width: 1023px)\" srcset=\"https:\/\/a57.foxnews.com\/static.foxnews.com\/foxnews.com\/content\/uploads\/2025\/02\/672\/378\/pope-francis-world-leaders-celebrities_10.jpg?ve=1&amp;tl=1, https:\/\/a57.foxnews.com\/static.foxnews.com\/foxnews.com\/content\/uploads\/2025\/02\/1344\/756\/pope-francis-world-leaders-celebrities_10.jpg?ve=1&amp;tl=1 2x\" height=\"378\" width=\"672\"><source media=\"(min-width: 1024px) and (max-width: 1279px)\" srcset=\"https:\/\/a57.foxnews.com\/static.foxnews.com\/foxnews.com\/content\/uploads\/2025\/02\/931\/523\/pope-francis-world-leaders-celebrities_10.jpg?ve=1&amp;tl=1, https:\/\/a57.foxnews.com\/static.foxnews.com\/foxnews.com\/content\/uploads\/2025\/02\/1862\/1046\/pope-francis-world-leaders-celebrities_10.jpg?ve=1&amp;tl=1 2x\" height=\"523\" width=\"931\"><source media=\"(min-width: 1280px)\" srcset=\"https:\/\/a57.foxnews.com\/static.foxnews.com\/foxnews.com\/content\/uploads\/2025\/02\/720\/405\/pope-francis-world-leaders-celebrities_10.jpg?ve=1&amp;tl=1, https:\/\/a57.foxnews.com\/static.foxnews.com\/foxnews.com\/content\/uploads\/2025\/02\/1440\/810\/pope-francis-world-leaders-celebrities_10.jpg?ve=1&amp;tl=1 2x\" height=\"405\" width=\"720\"><img loading=\"lazy\" decoding=\"async\" src=\"https:\/\/a57.foxnews.com\/static.foxnews.com\/foxnews.com\/content\/uploads\/2025\/02\/1200\/675\/pope-francis-world-leaders-celebrities_10.jpg?ve=1&amp;tl=1\" alt=\"El Papa Francisco saluda a Donald Trump y Melania Trump\" width=\"1200\" height=\"675\"\/><\/source><\/source><\/source><\/source><\/picture><\/div>\n<div class=\"info\">\n<div class=\"caption\">\n<p><span>El Papa Francisco se encuentra con el presidente Donald Trump y la primera dama Melania Trump en el Palacio Apost\u00f3lico el 24 de mayo de 2017, en la ciudad del Vaticano, Vaticano.<\/span> <span>(Vatican Pool\/Getty Images)<\/span><\/p>\n<\/div>\n<\/div>\n<\/div>\n<h2>REINO UNIDO<\/h2>\n<p>Justo cuando su padre, ahora, Carlos III, represent\u00f3 a la fallecida reina Isabel II en el funeral del Papa Juan Pablo II en 2005, el hijo mayor y el pr\u00f3ximo en la fila para el trono, el Pr\u00edncipe William, asistir\u00e1 al funeral el s\u00e1bado.<\/p>\n<p>No se espera que su familia est\u00e9 con \u00e9l, aunque se espera que el primer ministro Kier Starmer asista al funeral del pont\u00edfice.<\/p>\n<h2>ITALIA<\/h2>\n<p>Seg\u00fan los informes, el primer ministro italiano Giorgia Meloni cancel\u00f3 los planes de viaje a Uzbekist\u00e1n y Kazajst\u00e1n para que pudiera asistir al funeral del Papa. <\/p>\n<p>En un homenaje al Papa Francisco publicado en las redes sociales el d\u00eda que muri\u00f3, Meloni dijo: \u00abTuve el privilegio de disfrutar de su amistad, sus consejos, sus ense\u00f1anzas, que nunca cesaron, ni siquiera durante tiempos de juicio y sufrimiento\u00bb.<\/p>\n<div class=\"image-ct inline\">\n<div class=\"m\"><picture><source media=\"(max-width: 767px)\" srcset=\"https:\/\/a57.foxnews.com\/static.foxnews.com\/foxnews.com\/content\/uploads\/2025\/02\/343\/192\/giorgia-meloni-pope-francis.jpg?ve=1&amp;tl=1, https:\/\/a57.foxnews.com\/static.foxnews.com\/foxnews.com\/content\/uploads\/2025\/02\/686\/384\/giorgia-meloni-pope-francis.jpg?ve=1&amp;tl=1 2x\" height=\"192\" width=\"343\"><source media=\"(min-width: 768px) and (max-width: 1023px)\" srcset=\"https:\/\/a57.foxnews.com\/static.foxnews.com\/foxnews.com\/content\/uploads\/2025\/02\/672\/378\/giorgia-meloni-pope-francis.jpg?ve=1&amp;tl=1, https:\/\/a57.foxnews.com\/static.foxnews.com\/foxnews.com\/content\/uploads\/2025\/02\/1344\/756\/giorgia-meloni-pope-francis.jpg?ve=1&amp;tl=1 2x\" height=\"378\" width=\"672\"><source media=\"(min-width: 1024px) and (max-width: 1279px)\" srcset=\"https:\/\/a57.foxnews.com\/static.foxnews.com\/foxnews.com\/content\/uploads\/2025\/02\/931\/523\/giorgia-meloni-pope-francis.jpg?ve=1&amp;tl=1, https:\/\/a57.foxnews.com\/static.foxnews.com\/foxnews.com\/content\/uploads\/2025\/02\/1862\/1046\/giorgia-meloni-pope-francis.jpg?ve=1&amp;tl=1 2x\" height=\"523\" width=\"931\"><source media=\"(min-width: 1280px)\" srcset=\"https:\/\/a57.foxnews.com\/static.foxnews.com\/foxnews.com\/content\/uploads\/2025\/02\/720\/405\/giorgia-meloni-pope-francis.jpg?ve=1&amp;tl=1, https:\/\/a57.foxnews.com\/static.foxnews.com\/foxnews.com\/content\/uploads\/2025\/02\/1440\/810\/giorgia-meloni-pope-francis.jpg?ve=1&amp;tl=1 2x\" height=\"405\" width=\"720\"><img loading=\"lazy\" decoding=\"async\" src=\"https:\/\/a57.foxnews.com\/static.foxnews.com\/foxnews.com\/content\/uploads\/2025\/02\/1200\/675\/giorgia-meloni-pope-francis.jpg?ve=1&amp;tl=1\" alt=\"PM italiano Meloni y Papa Frsancis\" width=\"1200\" height=\"675\"\/><\/source><\/source><\/source><\/source><\/picture><\/div>\n<div class=\"info\">\n<div class=\"caption\">\n<p><span>El primer ministro italiano, Giorgia Meloni, saluda al Papa Francisco mientras asiste a la cumbre del G7 en el complejo Borgo Egnazia en Savelletri, Italia, el 14 de junio de 2024.<\/span> <span>(Vaticano Media\/folleto a trav\u00e9s de Reuters)<\/span><\/p>\n<\/div>\n<\/div>\n<\/div>\n<p><strong>Milei, el Papa Francisco se abraza en Roma a pesar de los insultos pasados<\/strong><\/p>\n<h2>Argentina<\/h2>\n<p>Javier Milei, presidente del pa\u00eds nativo del Papa Francisco de Argentina, confirm\u00f3 que har\u00eda el viaje para presentar sus respetos al hombre del que a menudo era cr\u00edtico.<\/p>\n<p>En una declaraci\u00f3n emitida despu\u00e9s de la muerte del Papa, Milei dijo: \u00abA pesar de las diferencias que parecen menores hoy, haber podido conocerlo en su bondad y sabidur\u00eda fue un verdadero honor para m\u00ed\u00bb.<\/p>\n<h2>IRLANDA<\/h2>\n<p>Irlanda, una naci\u00f3n cat\u00f3lica, estar\u00e1 representada por el presidente Michael Higgins y el primer ministro Martin para el funeral del pont\u00edfice.<\/p>\n<h2>UCRANIA <\/h2>\n<p>El presidente ucraniano, Volodymyr Zelenskyy, confirm\u00f3 que asistir\u00e1 al funeral del Papa Francisco en la Bas\u00edlica de San Pedro, y en un homenaje al pont\u00edfice, dijo: \u00abRecordamos sus oraciones por la paz en Ucrania. Nuestro estado estar\u00e1 representado en Roma en la ceremonia de despedida de este pr\u00f3ximo s\u00e1bado\u00bb.<\/p>\n<p>Zelenskyy visit\u00f3 por \u00faltima vez al Papa en octubre de 2024.<\/p>\n<div class=\"image-ct inline\">\n<div class=\"m\"><picture><source media=\"(max-width: 767px)\" srcset=\"https:\/\/a57.foxnews.com\/static.foxnews.com\/foxnews.com\/content\/uploads\/2025\/02\/343\/192\/pope-francis-world-leaders-celebrities_24.jpg?ve=1&amp;tl=1, https:\/\/a57.foxnews.com\/static.foxnews.com\/foxnews.com\/content\/uploads\/2025\/02\/686\/384\/pope-francis-world-leaders-celebrities_24.jpg?ve=1&amp;tl=1 2x\" height=\"192\" width=\"343\"><source media=\"(min-width: 768px) and (max-width: 1023px)\" srcset=\"https:\/\/a57.foxnews.com\/static.foxnews.com\/foxnews.com\/content\/uploads\/2025\/02\/672\/378\/pope-francis-world-leaders-celebrities_24.jpg?ve=1&amp;tl=1, https:\/\/a57.foxnews.com\/static.foxnews.com\/foxnews.com\/content\/uploads\/2025\/02\/1344\/756\/pope-francis-world-leaders-celebrities_24.jpg?ve=1&amp;tl=1 2x\" height=\"378\" width=\"672\"><source media=\"(min-width: 1024px) and (max-width: 1279px)\" srcset=\"https:\/\/a57.foxnews.com\/static.foxnews.com\/foxnews.com\/content\/uploads\/2025\/02\/931\/523\/pope-francis-world-leaders-celebrities_24.jpg?ve=1&amp;tl=1, https:\/\/a57.foxnews.com\/static.foxnews.com\/foxnews.com\/content\/uploads\/2025\/02\/1862\/1046\/pope-francis-world-leaders-celebrities_24.jpg?ve=1&amp;tl=1 2x\" height=\"523\" width=\"931\"><source media=\"(min-width: 1280px)\" srcset=\"https:\/\/a57.foxnews.com\/static.foxnews.com\/foxnews.com\/content\/uploads\/2025\/02\/720\/405\/pope-francis-world-leaders-celebrities_24.jpg?ve=1&amp;tl=1, https:\/\/a57.foxnews.com\/static.foxnews.com\/foxnews.com\/content\/uploads\/2025\/02\/1440\/810\/pope-francis-world-leaders-celebrities_24.jpg?ve=1&amp;tl=1 2x\" height=\"405\" width=\"720\"><img loading=\"lazy\" decoding=\"async\" src=\"https:\/\/a57.foxnews.com\/static.foxnews.com\/foxnews.com\/content\/uploads\/2025\/02\/1200\/675\/pope-francis-world-leaders-celebrities_24.jpg?ve=1&amp;tl=1\" alt=\"El Papa Francisco saluda a Volodymyr Zelensky\" width=\"1200\" height=\"675\"\/><\/source><\/source><\/source><\/source><\/picture><\/div>\n<div class=\"info\">\n<div class=\"caption\">\n<p><span>El Papa Francisco se re\u00fane con el presidente ucraniano Volodymyr Zelensky durante una audiencia en el Palacio Apost\u00f3lico el 11 de octubre de 2024 en la ciudad del Vaticano, Vaticano.<\/span> <span>(Medios del Vaticano a trav\u00e9s de Vatican Pool\/Getty Images)<\/span><\/p>\n<\/div>\n<\/div>\n<\/div>\n<p><strong>Haga clic aqu\u00ed para obtener la aplicaci\u00f3n Fox News<\/strong><\/p>\n<h2>UNI\u00d3N EUROPEA<\/h2>\n<p>El presidente de la Comisi\u00f3n de la UE, Ursula von der Leyen, confirm\u00f3 que asistir\u00e1 al funeral del Papa en lo que marcar\u00e1 el primer evento que ella y Trump han asistido desde que asumi\u00f3 el cargo.<\/p>\n<p>Se espera que asistan muchos otros l\u00edderes mundiales, aunque notablemente l\u00edderes de naciones adversas como el presidente ruso Vladimir Putin y el presidente chino Xi Jinping, as\u00ed como l\u00edderes de las naciones, el Papa fue cr\u00edtico con las preocupaciones sobre los derechos humanos, como el primer ministro israel\u00ed Benjamin Netanyahu, no asistir\u00e1n el s\u00e1bado.<\/p>\n<p> <!----> <\/p>\n<div class=\"article-meta\">\n<div class=\"author-bio\">\n<p>Caitlin McFall es reportero de Fox News Digital Cubting Politics, US y World News.<\/p>\n<\/div>\n<\/div>\n<\/div>\n\n","protected":false},"excerpt":{"rendered":"<p>Se espera que el funeral para el Papa Francisco, que ten\u00eda 88 a\u00f1os cuando muri\u00f3 el 21 de abril, sea ampliamente asistido no solo por los fieles, a quienes se espera que viajen en todo el mundo para el evento, sino tambi\u00e9n por l\u00edderes mundiales. Unas 130 delegaciones confirmaron que viajar\u00e1n a Roma para el &hellip;<\/p>\n","protected":false},"author":1,"featured_media":24566,"comment_status":"open","ping_status":"open","sticky":false,"template":"","format":"standard","meta":{"fifu_image_url":"https:\/\/static.foxnews.com\/foxnews.com\/content\/uploads\/2025\/04\/pope-franicis-dead_027.jpg","fifu_image_alt":"","footnotes":""},"categories":[13],"tags":[],"class_list":["post-24564","post","type-post","status-publish","format-standard","has-post-thumbnail","","category-mundo"],"_links":{"self":[{"href":"https:\/\/noticiasveraces.com\/index.php?rest_route=\/wp\/v2\/posts\/24564","targetHints":{"allow":["GET"]}}],"collection":[{"href":"https:\/\/noticiasveraces.com\/index.php?rest_route=\/wp\/v2\/posts"}],"about":[{"href":"https:\/\/noticiasveraces.com\/index.php?rest_route=\/wp\/v2\/types\/post"}],"author":[{"embeddable":true,"href":"https:\/\/noticiasveraces.com\/index.php?rest_route=\/wp\/v2\/users\/1"}],"replies":[{"embeddable":true,"href":"https:\/\/noticiasveraces.com\/index.php?rest_route=%2Fwp%2Fv2%2Fcomments&post=24564"}],"version-history":[{"count":0,"href":"https:\/\/noticiasveraces.com\/index.php?rest_route=\/wp\/v2\/posts\/24564\/revisions"}],"wp:featuredmedia":[{"embeddable":true,"href":"https:\/\/noticiasveraces.com\/index.php?rest_route=\/wp\/v2\/media\/24566"}],"wp:attachment":[{"href":"https:\/\/noticiasveraces.com\/index.php?rest_route=%2Fwp%2Fv2%2Fmedia&parent=24564"}],"wp:term":[{"taxonomy":"category","embeddable":true,"href":"https:\/\/noticiasveraces.com\/index.php?rest_route=%2Fwp%2Fv2%2Fcategories&post=24564"},{"taxonomy":"post_tag","embeddable":true,"href":"https:\/\/noticiasveraces.com\/index.php?rest_route=%2Fwp%2Fv2%2Ftags&post=24564"}],"curies":[{"name":"wp","href":"https:\/\/api.w.org\/{rel}","templated":true}]}}