{"id":24562,"date":"2025-04-26T02:04:44","date_gmt":"2025-04-26T06:04:44","guid":{"rendered":"https:\/\/noticiasveraces.com\/?p=24562"},"modified":"2025-04-26T02:04:44","modified_gmt":"2025-04-26T06:04:44","slug":"una-vida-desentranando-el-clima-se-retira-el-experto-que-definio-que-es-una-ola-de-calor-en-espana-clima-y-medio-ambiente","status":"publish","type":"post","link":"https:\/\/noticiasveraces.com\/?p=24562","title":{"rendered":"Una vida desentra\u00f1ando el clima: se retira el experto que defini\u00f3 qu\u00e9 es una ola de calor en Espa\u00f1a | Clima y Medio Ambiente"},"content":{"rendered":"<p> \n<\/p>\n<div data-dtm-region=\"articulo_cuerpo\">\n<p class=\"\">\u00ab<i>Estrella de rock and roll <\/i>de Aemet\u201d, \u201clo mejor que hemos tenido\u201d, \u201cejemplo de servidor p\u00fablico\u201d&#8230; se escucha en la Agencia Estatal de Meteorolog\u00eda, donde se ha reunido m\u00e1s gente que en el D\u00eda Meteorol\u00f3gico Mundial. \u201dMenudo poder de convocatoria\u201d, se admira una compa\u00f1era al entrar al comedor, donde decenas de trabajadores, incluida la directora, Mar\u00eda Jos\u00e9 Rallo del Olmo,<b> <\/b>despiden por jubilaci\u00f3n a C\u00e9sar Rodr\u00edguez-Ballesteros (Madrid, 1959), el climat\u00f3logo que defini\u00f3 qu\u00e9 es una ola de calor en Espa\u00f1a. En sus 38 a\u00f1os de carrera bajo la premisa de que \u201cfrente a la subjetividad del clima, los datos\u201d, este f\u00edsico de formaci\u00f3n, programador en la pr\u00e1ctica e infografista autodidacta ha creado m\u00e1s de 40 aplicaciones que se usan a diario para recoger y clasificar informaci\u00f3n en la agencia.<\/p>\n<p class=\"\">El suyo es uno de esos casos de vocaci\u00f3n temprana: ni\u00f1o apasionado por el tiempo que estudia F\u00edsica, se prepara la oposici\u00f3n y entra en el cuerpo de meteor\u00f3logos del Estado en 1986. \u201cLo m\u00e1s curioso es que, del curso selectivo que recibimos al llegar, lo que menos me gustaba era la climatolog\u00eda\u201d, r\u00ede Ballesteros, que pas\u00f3 los primeros 12 a\u00f1os como observador en Cuatro Vientos, C\u00e1ceres y Getafe y los siguientes 26, \u201ccomo pez en el agua\u201d, alimentando el Banco Nacional de Datos Climatol\u00f3gicos (BDCN). Adem\u00e1s, ha formado a casi todo el personal en sus 25 a\u00f1os como profesor. \u201cDe no haber sido meteor\u00f3logo, habr\u00eda sido docente de alguna rama de la ciencia\u201d, confiesa.<\/p>\n<figure class=\"a_m a_m-h \"><span class=\"_db a_m_w _pr lb_btn\"><img alt=\"Ana Ambrana, C\u00e9sar Rodr\u00edguez Ballesteros, Rub\u00e9n del Campo y Maite Huarte, en la entrada de la Aemet en Madrid.  \" decoding=\"auto\" class=\"_re lazyload a_m-h\" height=\"270\" srcset=\"https:\/\/imagenes.elpais.com\/resizer\/v2\/JUBGNLSS3ND63LSSNAZBRIPZXU.jpg?auth=2f833214c010aae5ecc78495cf1a151b0dfd2e76db27c977e92ad39cff5f2b2c&amp;width=414 414w,https:\/\/imagenes.elpais.com\/resizer\/v2\/JUBGNLSS3ND63LSSNAZBRIPZXU.jpg?auth=2f833214c010aae5ecc78495cf1a151b0dfd2e76db27c977e92ad39cff5f2b2c&amp;width=828 640w,https:\/\/imagenes.elpais.com\/resizer\/v2\/JUBGNLSS3ND63LSSNAZBRIPZXU.jpg?auth=2f833214c010aae5ecc78495cf1a151b0dfd2e76db27c977e92ad39cff5f2b2c&amp;width=980 1000w,https:\/\/imagenes.elpais.com\/resizer\/v2\/JUBGNLSS3ND63LSSNAZBRIPZXU.jpg?auth=2f833214c010aae5ecc78495cf1a151b0dfd2e76db27c977e92ad39cff5f2b2c&amp;width=1960 1960w\" width=\"414\" sizes=\"auto, (min-width:1199px) 1155px,(min-width:1001px) calc(100vw - 44px),(min-width:768px) 767px, 100vw\" src=\"https:\/\/imagenes.elpais.com\/resizer\/v2\/JUBGNLSS3ND63LSSNAZBRIPZXU.jpg?auth=2f833214c010aae5ecc78495cf1a151b0dfd2e76db27c977e92ad39cff5f2b2c&amp;width=414\" loading=\"lazy\"\/><svg aria-hidden=\"true\" class=\"icon_multimedia_ampliar | _pa a_m_i a_m_i-a _dn\" viewbox=\"0 0 40 40\"><use xlink:href=\"#svg-ampliar\"\/><\/svg><\/span><figcaption class=\"a_m_p\" aria-hidden=\"true\"><span>Ana Ambrana, C\u00e9sar Rodr\u00edguez Ballesteros, Rub\u00e9n del Campo y Maite Huarte, en la entrada de la Aemet en Madrid.  <\/span><span class=\"a_m_m\">Jaime Villanueva<\/span><\/figcaption><\/figure>\n<p class=\"\">Su desembarco en climatolog\u00eda se produjo en 1995, cuando le pidieron que ampliara a todos los observatorios un programa que hab\u00eda creado para informatizar datos en sus destinos. \u201cLo hice con un Spectrum 48K y ha tenido hasta nietos<i>. <\/i>He desarrollado m\u00e1s de 40 programas y la estrella es Consultas BDCN, muy potente, flexible y personalizable\u201d, explica.<\/p>\n<p class=\"\">Su departamento es uno de los tres pilares de la agencia junto con observaci\u00f3n y predicci\u00f3n. \u201cElaboran informes del estado del clima, proyecciones de cambio clim\u00e1tico y predicciones estacionales\u201d, detalla el portavoz, Rub\u00e9n del Campo. \u201cEn el banco, vigilamos que funcionen el <i>software <\/i>y el <i>hardware <\/i>para la recogida de datos y realizamos an\u00e1lisis para poner en valor un episodio\u201d, a\u00f1ade el jubilado. Es \u201cun ser vivo en constante evoluci\u00f3n\u201d: cada 10 minutos entra un paquete de datos de los 93 observatorios principales y 900 autom\u00e1ticos, 144 al d\u00eda.<\/p>\n<p class=\"\">\u201cEs un tesoro, el gran legado de Aemet. El dato m\u00e1s antiguo es de 1805, del primer observatorio, el de la Marina en San Fernando (C\u00e1diz)\u201d, acaricia el climat\u00f3logo como quien habla de su gran amor. \u201cC\u00e9sar lo es todo, deja un agujero enorme, todos los programas son suyos, ha hecho la base, llevamos semanas llorando\u201d, lamenta Maite Huarte, jefa del banco. \u201cSe nos va el Messi de la climatolog\u00eda\u201d, compara Del Campo, a lo que su compa\u00f1era Ana Ambrona agrega: \u201cEs de lo mejor de Aemet, muy eficiente, r\u00e1pido y creativo\u201d. \u201cEl jefe maniobr\u00f3 para qued\u00e1rselo y dijo \u2018qu\u00e9 buen fichaje hemos hecho\u2019. No sospech\u00e1bamos cu\u00e1nto\u201d, rememora.<\/p>\n<p class=\"\">Parte de ese cuanto es su estudio de las olas de calor en Espa\u00f1a, publicado en 2013 y que actualiza todos los a\u00f1os. \u201cCada verano nos preguntaban si esa ola hab\u00eda sido la peor, as\u00ed que propuse hacer un an\u00e1lisis para clasificarlas, cuantificarlas y compararlas y lo primero que me pregunt\u00e9 es qu\u00e9 consideramos ola. Hasta entonces, no hab\u00eda una definici\u00f3n exacta ni una metodolog\u00eda clara\u201d, recuerda. A grandes rasgos, la Organizaci\u00f3n Meteorol\u00f3gica Mundial las define como un tiempo c\u00e1lido inusual que persiste durante un periodo prolongado con registros por encima de los umbrales en una zona amplia, pero la concreci\u00f3n de estas fronteras de intensidad, extensi\u00f3n y duraci\u00f3n depende de cada pa\u00eds.<\/p>\n<p class=\"\">\u201cProb\u00e9 distintos umbrales hasta que di con los que daban buenos resultados. Tambi\u00e9n lo hice para las olas de fr\u00edo porque, aunque casi no haya, hay que estudiarlas igual. La definici\u00f3n gust\u00f3 y se adopt\u00f3 como oficial\u201d, detalla. As\u00ed, desde 2013 la Aemet determina que se tienen que registrar temperaturas entre el 5% de las m\u00e1s c\u00e1lidas de julio y agosto del periodo de referencia 1971-2000, afectar al 10% de un grupo de estaciones representativas \u2015131 en Pen\u00ednsula y Baleares y seis en Canarias, repartidas de manera uniforme y con series de datos largas\u2015 y durar al menos tres d\u00edas. \u00bfHabr\u00e1 que cambiar la definici\u00f3n porque los criterios se cumplan f\u00e1cilmente y vivamos en una ola de calor permanente? \u201cEs un indicador de cambio clim\u00e1tico, por lo que no va a cambiar a corto o medio plazo. Hay que mantener el criterio, si no ser\u00eda imposible hacer climatolog\u00eda. Otra cosa es que se cambie la metodolog\u00eda\u201d, responde.<\/p>\n<p class=\"\">\u00bfCu\u00e1l ha sido la peor? \u201cLa m\u00e1s excepcional fue la del 9 al 16 de julio de 2022. Es la segunda m\u00e1s larga con 18 d\u00edas, la m\u00e1s extensa al afectar a 44 provincias y la m\u00e1s intensa, con una anomal\u00eda \u2015desviaci\u00f3n entre la temperatura a partir de la cual es una ola y la alcanzada\u2015de 4,5\u00b0\u201d, responde Ballesteros. Sin embargo, \u201cla ola marcada a fuego en la memoria por los miles de muertos y porque fue con mucho la m\u00e1s potente hasta ese momento es la de 2003, entre el 30 de julio y el 14 de agosto. Dur\u00f3 16 d\u00edas, el doble que la m\u00e1s larga hasta entonces, alcanz\u00f3 a 38 provincias y se desvi\u00f3 3,7\u00b0\u201d.<\/p>\n<aside class=\"a_ei\">\n<header class=\"a_ei_h _db\">M\u00e1s informaci\u00f3n<\/header>\n<\/aside>\n<p class=\"\">Supuso un doble punto de inflexi\u00f3n, ya que \u201csirvi\u00f3 para concienciar a la poblaci\u00f3n y los gobiernos\u201d y marc\u00f3 el inicio de una nueva generaci\u00f3n de megaolas. \u201cCuando la comparabas con la serie hasta ese momento fue muy sobresaliente, pero despu\u00e9s se ha superado ampliamente en todos los par\u00e1metros y de forma recurrente. Esta superaci\u00f3n continua es algo que no ha parado de sorprenderme porque puso el list\u00f3n tan alto que parec\u00eda que lo tendr\u00edamos para rato. Pero no, el a\u00f1o siguiente se volvieron a batir una barbaridad de r\u00e9cords y el siguiente otra vez, y el siguiente m\u00e1s&#8230;\u201d, contextualiza, para subrayar una aterradora tendencia: cada 10 veranos se a\u00f1aden 3,3 d\u00edas de ola, 3,2 provincias y 2,6\u00b0 de anomal\u00eda.<\/p>\n<p class=\"\">\u201cEs innegable que tenemos olas m\u00e1s largas, extensas, frecuentes e intensas, lo que cuadra con el guion del cambio clim\u00e1tico, que acent\u00faa todos los fen\u00f3menos adversos\u201d. \u00bfPuede dejar de ser noticia? \u201cNo deber\u00eda porque es la mayor amenaza\u201d, advierte Ballesteros, a quien le \u201cfastidian tanto o m\u00e1s los que niegan el problema diciendo que siempre ha hecho calor como los que, desde los primeros d\u00edas de verano, ya est\u00e1n hablando de ola sin ser ola, porque ambos banalizan un concepto potencialmente muy peligroso\u201d.<\/p>\n<div id=\"sum_twitter\" data-oembed-type=\"twitter\" class=\"a_em _df\">\n<blockquote class=\"twitter-tweet\">\n<p lang=\"es\" dir=\"ltr\">Este\ud83d\udc65Perfil de AEMET es bien conocido por muchos usuarios de la red. C\u00e9sar Rodr\u00edguez Ballesteros\ud83d\udc4f\ud83d\udc4f<br \/>Un profesional muy respetado, un gran compa\u00f1ero, experto y veterano guardi\u00e1n del valioso Banco de datos climatol\u00f3gicos de AEMET\ud83d\udc8e <a href=\"https:\/\/t.co\/mL6bb2pa5n\">pic.twitter.com\/ml6bb2pa5n<\/a><\/p>\n<p>\u2014 AEMET_Corporativa (@Aemet_Corpora) <a href=\"https:\/\/twitter.com\/Aemet_Corpora\/status\/1784477650393629028?ref_src=twsrc%5Etfw\">28 de abril de 2024<\/a><\/p><\/blockquote>\n<\/div>\n<p class=\"\">Ballesteros tambi\u00e9n es admirado por su blog, <i>Mapas y gr\u00e1ficos climatol\u00f3gicos<\/i>. \u201cLo abr\u00ed en 2015 cuando comenz\u00f3 OpenData \u2015el sistema para acceder a los datos en abierto de la Aemet\u2015 porque hab\u00eda mucha informaci\u00f3n, pero dif\u00edcil de localizar\u201d. Asociado a \u00e9l, lanz\u00f3 una cuenta en X en la que jam\u00e1s ha dado una opini\u00f3n, solo datos. Pero los ataques que recib\u00eda lo llevaron, entre la rabia y la impotencia, a dejar la red en 2023. \u201cLos datos hablan por s\u00ed mismos con una inapelable contundencia. No admiten discusi\u00f3n ni r\u00e9plica\u201d, sentencia y cita como ejemplo del calentamiento que \u201clos r\u00e9cords c\u00e1lidos ganan por goleada a los fr\u00edos y eso es para asustar a cualquiera\u201d.<\/p>\n<p class=\"\">Situaciones como esta desembocaron en un giro en la pol\u00edtica de comunicaci\u00f3n de la Aemet: empez\u00f3 a defenderse. De las caba\u00f1uelas, los bulos, los negacionistas, los <i>Chemtrails<\/i>insultos, pintadas y hasta amenazas de muerte. \u201cSi la agencia alertara ni la mitad de las veces que aparece en un titular sensacionalista, se habr\u00eda acabado el mundo\u201d, critica Del Campo, que destaca que uno de cada cuatro mensajes a la Aemet en X emana odio, seg\u00fan la Universidad de La Rioja.<\/p>\n<p class=\"\">La agencia lanz\u00f3 la cuenta Aemet Corporativa para dar a conocer su trabajo y desmentir <i>noticias falsas<\/i>. La aparici\u00f3n en ella de Ballesteros en 2024 lo anim\u00f3 a regresar tras un a\u00f1o de silencio: \u201cMucha gente me echaba de menos y decid\u00ed volver\u201d. Confiesa que, a veces, se le hace \u201ccuesta arriba\u201d, pero que ha aprendido a bloquear e ignorar. \u201cNo me entra en la cabeza el acoso a la ciencia que vivimos en pleno siglo XXI. Estamos volviendo a la inquisici\u00f3n\u201d, lamenta. \u00bfY a qu\u00e9 se va a dedicar?, le preguntan en su despedida, celebrada el 8 de abril. \u201cA mejorar el blog para matar el gusanillo\u201d. <i>Feliz de que<\/i>.<\/p>\n<\/div>\n<p><script async src=\"https:\/\/platform.twitter.com\/widgets.js\" charset=\"utf-8\"><\/script><br \/>\n<br \/>\n","protected":false},"excerpt":{"rendered":"<p>\u00abEstrella de rock and roll de Aemet\u201d, \u201clo mejor que hemos tenido\u201d, \u201cejemplo de servidor p\u00fablico\u201d&#8230; se escucha en la Agencia Estatal de Meteorolog\u00eda, donde se ha reunido m\u00e1s gente que en el D\u00eda Meteorol\u00f3gico Mundial. \u201dMenudo poder de convocatoria\u201d, se admira una compa\u00f1era al entrar al comedor, donde decenas de trabajadores, incluida la directora, &hellip;<\/p>\n","protected":false},"author":1,"featured_media":24563,"comment_status":"open","ping_status":"open","sticky":false,"template":"","format":"standard","meta":{"fifu_image_url":"https:\/\/imagenes.elpais.com\/resizer\/v2\/HU6MG6SXJ5CUNO5Z7VY6SEI4UE.jpg?auth=cd8142cdc348b476773972858a0f2b56905639fb3f02a9c1b92ebca864b2108d&width=1200","fifu_image_alt":"","footnotes":""},"categories":[11],"tags":[],"class_list":["post-24562","post","type-post","status-publish","format-standard","has-post-thumbnail","","category-viaje"],"_links":{"self":[{"href":"https:\/\/noticiasveraces.com\/index.php?rest_route=\/wp\/v2\/posts\/24562","targetHints":{"allow":["GET"]}}],"collection":[{"href":"https:\/\/noticiasveraces.com\/index.php?rest_route=\/wp\/v2\/posts"}],"about":[{"href":"https:\/\/noticiasveraces.com\/index.php?rest_route=\/wp\/v2\/types\/post"}],"author":[{"embeddable":true,"href":"https:\/\/noticiasveraces.com\/index.php?rest_route=\/wp\/v2\/users\/1"}],"replies":[{"embeddable":true,"href":"https:\/\/noticiasveraces.com\/index.php?rest_route=%2Fwp%2Fv2%2Fcomments&post=24562"}],"version-history":[{"count":0,"href":"https:\/\/noticiasveraces.com\/index.php?rest_route=\/wp\/v2\/posts\/24562\/revisions"}],"wp:featuredmedia":[{"embeddable":true,"href":"https:\/\/noticiasveraces.com\/index.php?rest_route=\/wp\/v2\/media\/24563"}],"wp:attachment":[{"href":"https:\/\/noticiasveraces.com\/index.php?rest_route=%2Fwp%2Fv2%2Fmedia&parent=24562"}],"wp:term":[{"taxonomy":"category","embeddable":true,"href":"https:\/\/noticiasveraces.com\/index.php?rest_route=%2Fwp%2Fv2%2Fcategories&post=24562"},{"taxonomy":"post_tag","embeddable":true,"href":"https:\/\/noticiasveraces.com\/index.php?rest_route=%2Fwp%2Fv2%2Ftags&post=24562"}],"curies":[{"name":"wp","href":"https:\/\/api.w.org\/{rel}","templated":true}]}}