{"id":24560,"date":"2025-04-26T01:23:33","date_gmt":"2025-04-26T05:23:33","guid":{"rendered":"https:\/\/noticiasveraces.com\/?p=24560"},"modified":"2025-04-26T01:23:33","modified_gmt":"2025-04-26T05:23:33","slug":"abren-plaza-san-pedro-a-fieles-para-ultimo-adios-a-francisco-dw-26-04-2025","status":"publish","type":"post","link":"https:\/\/noticiasveraces.com\/?p=24560","title":{"rendered":"Abren plaza San Pedro a fieles para \u00faltimo adi\u00f3s a Francisco \u2013 DW \u2013 26\/04\/2025"},"content":{"rendered":"<p> \n<\/p>\n<div>\n<p>La Plaza de San Pedro del Vaticano abri\u00f3 este s\u00e1bado (26.04.2025) sus accesos al p\u00fablico para permitir la participaci\u00f3n en el funeral del papa Francisco, en el que se espera la presencia de m\u00e1s 200.000 personas y decenas de autoridades.<\/p>\n<p>El principal acceso de la V\u00eda de la Conciliaci\u00f3n abri\u00f3 poco despu\u00e9s de las 6:00 horas locales (4:00 GMT) y los fieles empezaron a entrar poco a poco, de forma controlada, para ocupar las primeras filas del \u00e1rea dispuesta para el p\u00fablico, por debajo de las autoridades.<\/p>\n<p>El funeral dar\u00e1 comienzo a las 10:00 horas locales (8:00 GMT) con el traslado del f\u00e9retro en el que ya reposa Francisco desde el interior de la bas\u00edlica vaticana hasta el &#8216;sagrado&#8217; de la plaza, la zona m\u00e1s elevada a los pies del templo.<\/p>\n<p>Las exequias estar\u00e1n oficiadas por el cardenal decano, Giovanni Battista Re, y contar\u00e1 con la presencia de delegaciones de m\u00e1s de 130 pa\u00edses y organizaciones internacionales, entre estos unos 50 jefes de Estado o de Gobierno y una decena de soberanos reinantes, como los reyes de Espa\u00f1a, Felipe VI y do\u00f1a Letizia.<\/p>\n<p>En primera fila estar\u00e1 la delegaci\u00f3n del pa\u00eds natal de Francisco, Argentina, encabezada por el presidente Javier Milei, as\u00ed como la primera ministra italiana, Giorgia Meloni.<\/p>\n<p>Tambi\u00e9n estar\u00e1n presentes el presidente de Estados Unidos, Donald Trump; el de Francia, Emmanuel Macron; el de Brasil, Luiz In\u00e1cio Lula da Silva; el canciller alem\u00e1n en funciones, Olaf Scholz, o las instituciones comunitarias, lideradas por la presidenta de la Comisi\u00f3n Europea, Ursula von der Leyen.<\/p>\n<p>Por otro lado, las autoridades italianas esperan la llegada a la plaza de San Pedro y sus inmediaciones de unas 200.000 personas, ya que el funeral coincide tambi\u00e9n con el Jubileo, y por eso han establecido un severo protocolo de seguridad.<\/p>\n<p>Francisco, fallecido el pasado lunes a los 88 a\u00f1os, ser\u00e1 despedido con este funeral y despu\u00e9s su f\u00e9retro cruzar\u00e1 Roma con un cortejo f\u00fanebre para ser trasladado a la bas\u00edlica de Santa Mar\u00eda La Mayor, tal y como dispuso \u00e9l mismo en su testamento.<\/p>\n<p>MG, JC (EFE, AP)<\/p>\n<\/p>\n<\/div>\n\n","protected":false},"excerpt":{"rendered":"<p>La Plaza de San Pedro del Vaticano abri\u00f3 este s\u00e1bado (26.04.2025) sus accesos al p\u00fablico para permitir la participaci\u00f3n en el funeral del papa Francisco, en el que se espera la presencia de m\u00e1s 200.000 personas y decenas de autoridades. El principal acceso de la V\u00eda de la Conciliaci\u00f3n abri\u00f3 poco despu\u00e9s de las 6:00 &hellip;<\/p>\n","protected":false},"author":1,"featured_media":24561,"comment_status":"open","ping_status":"open","sticky":false,"template":"","format":"standard","meta":{"fifu_image_url":"https:\/\/static.dw.com\/image\/72358917_6.jpg","fifu_image_alt":"","footnotes":""},"categories":[13],"tags":[],"class_list":["post-24560","post","type-post","status-publish","format-standard","has-post-thumbnail","","category-mundo"],"_links":{"self":[{"href":"https:\/\/noticiasveraces.com\/index.php?rest_route=\/wp\/v2\/posts\/24560","targetHints":{"allow":["GET"]}}],"collection":[{"href":"https:\/\/noticiasveraces.com\/index.php?rest_route=\/wp\/v2\/posts"}],"about":[{"href":"https:\/\/noticiasveraces.com\/index.php?rest_route=\/wp\/v2\/types\/post"}],"author":[{"embeddable":true,"href":"https:\/\/noticiasveraces.com\/index.php?rest_route=\/wp\/v2\/users\/1"}],"replies":[{"embeddable":true,"href":"https:\/\/noticiasveraces.com\/index.php?rest_route=%2Fwp%2Fv2%2Fcomments&post=24560"}],"version-history":[{"count":0,"href":"https:\/\/noticiasveraces.com\/index.php?rest_route=\/wp\/v2\/posts\/24560\/revisions"}],"wp:featuredmedia":[{"embeddable":true,"href":"https:\/\/noticiasveraces.com\/index.php?rest_route=\/wp\/v2\/media\/24561"}],"wp:attachment":[{"href":"https:\/\/noticiasveraces.com\/index.php?rest_route=%2Fwp%2Fv2%2Fmedia&parent=24560"}],"wp:term":[{"taxonomy":"category","embeddable":true,"href":"https:\/\/noticiasveraces.com\/index.php?rest_route=%2Fwp%2Fv2%2Fcategories&post=24560"},{"taxonomy":"post_tag","embeddable":true,"href":"https:\/\/noticiasveraces.com\/index.php?rest_route=%2Fwp%2Fv2%2Ftags&post=24560"}],"curies":[{"name":"wp","href":"https:\/\/api.w.org\/{rel}","templated":true}]}}