{"id":24554,"date":"2025-04-26T00:22:23","date_gmt":"2025-04-26T04:22:23","guid":{"rendered":"https:\/\/noticiasveraces.com\/?p=24554"},"modified":"2025-04-26T00:22:23","modified_gmt":"2025-04-26T04:22:23","slug":"pope-francis-funeral-horario-the-novendiali-detalles-de-la-masa","status":"publish","type":"post","link":"https:\/\/noticiasveraces.com\/?p=24554","title":{"rendered":"Pope Francis Funeral: Horario, The Novendiali, Detalles de la masa"},"content":{"rendered":"<p> \n<\/p>\n<div>\n<p class=\"speakable\">El funeral del Papa Francisco se llevar\u00e1 a cabo el s\u00e1bado a las 10:00 a.m. hora local de Roma (4:00 a.m. ET) y se espera que m\u00e1s de 200,000 personas asistan al vicario fallecido de los servicios de Cristo.<\/p>\n<p class=\"speakable\">Miles de dolientes han acudido al Vaticano esta semana para presentar sus respetos finales al Papa Francisco despu\u00e9s de su muerte el lunes.<\/p>\n<p>La misa f\u00fanebre se llevar\u00e1 a cabo en el parvis de la Bas\u00edlica de San Pedro, y su cardenal de eminencia m\u00e1s reverendo Giovanni Battista, decano de la Facultad de Cardenales, presidir\u00e1 los ritos y bendiciones cat\u00f3licas.<\/p>\n<p>La misa comenzar\u00e1 con una antif\u00f3n de entrada, t\u00edpicamente cantada o recitada por cl\u00e9rigos y dolientes.<\/p>\n<p><strong>Fox News to Air Special Cobertura en vivo del funeral del Papa Francisco el s\u00e1bado<\/strong><\/p>\n<div class=\"image-ct inline\">\n<div class=\"m\"><picture><source media=\"(max-width: 767px)\" srcset=\"https:\/\/a57.foxnews.com\/static.foxnews.com\/foxnews.com\/content\/uploads\/2025\/02\/343\/192\/pope-francis-world-leaders-celebrities_13.jpg?ve=1&amp;tl=1, https:\/\/a57.foxnews.com\/static.foxnews.com\/foxnews.com\/content\/uploads\/2025\/02\/686\/384\/pope-francis-world-leaders-celebrities_13.jpg?ve=1&amp;tl=1 2x\" height=\"192\" width=\"343\"><source media=\"(min-width: 768px) and (max-width: 1023px)\" srcset=\"https:\/\/a57.foxnews.com\/static.foxnews.com\/foxnews.com\/content\/uploads\/2025\/02\/672\/378\/pope-francis-world-leaders-celebrities_13.jpg?ve=1&amp;tl=1, https:\/\/a57.foxnews.com\/static.foxnews.com\/foxnews.com\/content\/uploads\/2025\/02\/1344\/756\/pope-francis-world-leaders-celebrities_13.jpg?ve=1&amp;tl=1 2x\" height=\"378\" width=\"672\"><source media=\"(min-width: 1024px) and (max-width: 1279px)\" srcset=\"https:\/\/a57.foxnews.com\/static.foxnews.com\/foxnews.com\/content\/uploads\/2025\/02\/931\/523\/pope-francis-world-leaders-celebrities_13.jpg?ve=1&amp;tl=1, https:\/\/a57.foxnews.com\/static.foxnews.com\/foxnews.com\/content\/uploads\/2025\/02\/1862\/1046\/pope-francis-world-leaders-celebrities_13.jpg?ve=1&amp;tl=1 2x\" height=\"523\" width=\"931\"><source media=\"(min-width: 1280px)\" srcset=\"https:\/\/a57.foxnews.com\/static.foxnews.com\/foxnews.com\/content\/uploads\/2025\/02\/720\/405\/pope-francis-world-leaders-celebrities_13.jpg?ve=1&amp;tl=1, https:\/\/a57.foxnews.com\/static.foxnews.com\/foxnews.com\/content\/uploads\/2025\/02\/1440\/810\/pope-francis-world-leaders-celebrities_13.jpg?ve=1&amp;tl=1 2x\" height=\"405\" width=\"720\"><img loading=\"lazy\" decoding=\"async\" src=\"https:\/\/a57.foxnews.com\/static.foxnews.com\/foxnews.com\/content\/uploads\/2025\/02\/1200\/675\/pope-francis-world-leaders-celebrities_13.jpg?ve=1&amp;tl=1\" alt=\"El Papa Francisco saluda a Angela Merkel\" width=\"1200\" height=\"675\"\/><\/source><\/source><\/source><\/source><\/picture><\/div>\n<div class=\"info\">\n<div class=\"caption\">\n<p><span>El Papa Francisco fue elegido el 266 Papa en 2013.<\/span> <span>(Vatican Pool\/Getty Images)<\/span><\/p>\n<\/div>\n<\/div>\n<\/div>\n<p>Luego, la congregaci\u00f3n reconocer\u00e1 sus pecados con el acto penitencial seguido de la recolecci\u00f3n o la oraci\u00f3n de apertura.<\/p>\n<p>El cardenal Battista extender\u00e1 la primera lectura, una lectura de los actos de los ap\u00f3stoles, a la congregaci\u00f3n de fieles.<\/p>\n<p>El salmo responsable \u00abEl Se\u00f1or es mi pastor\u00bb o \u00abSalmo 23\u00bb, debe ser cantado. La segunda lectura, una lectura de la carta de San Pablo a los filipenses, t\u00edpicamente recitados por un lector instituido en el funeral de un Papa, se escuchar\u00e1 entre los feligreses.<\/p>\n<p>La aclamaci\u00f3n y el evangelio seguir\u00e1n.<\/p>\n<p>El cardenal Battista dar\u00e1 a la homil\u00eda, un reflejo, que incluye la oraci\u00f3n por el Papa Francisco, los fieles partidos y la congregaci\u00f3n. El decano de la Facultad de Cardenales de la Iglesia Cat\u00f3lica Romana consagrar\u00e1 el cuerpo y la sangre de Cristo e invitar\u00e1 a los fieles a recibir la Sagrada Comuni\u00f3n despu\u00e9s del Rito de la Comuni\u00f3n, o la Oraci\u00f3n de nuestro Padre.<\/p>\n<p><strong><u>Te\u00f3logo sobre la precisi\u00f3n del \u00abc\u00f3nclave\u00bb, las expectativas para el pr\u00f3ximo evento secreto despu\u00e9s de la muerte del Papa Francisco<\/u><\/strong><\/p>\n<div class=\"image-ct inline\">\n<div class=\"m\"><picture><source media=\"(max-width: 767px)\" srcset=\"https:\/\/a57.foxnews.com\/static.foxnews.com\/foxnews.com\/content\/uploads\/2025\/02\/343\/192\/pope-francis-dead_17.jpg?ve=1&amp;tl=1, https:\/\/a57.foxnews.com\/static.foxnews.com\/foxnews.com\/content\/uploads\/2025\/02\/686\/384\/pope-francis-dead_17.jpg?ve=1&amp;tl=1 2x\" height=\"192\" width=\"343\"><source media=\"(min-width: 768px) and (max-width: 1023px)\" srcset=\"https:\/\/a57.foxnews.com\/static.foxnews.com\/foxnews.com\/content\/uploads\/2025\/02\/672\/378\/pope-francis-dead_17.jpg?ve=1&amp;tl=1, https:\/\/a57.foxnews.com\/static.foxnews.com\/foxnews.com\/content\/uploads\/2025\/02\/1344\/756\/pope-francis-dead_17.jpg?ve=1&amp;tl=1 2x\" height=\"378\" width=\"672\"><source media=\"(min-width: 1024px) and (max-width: 1279px)\" srcset=\"https:\/\/a57.foxnews.com\/static.foxnews.com\/foxnews.com\/content\/uploads\/2025\/02\/931\/523\/pope-francis-dead_17.jpg?ve=1&amp;tl=1, https:\/\/a57.foxnews.com\/static.foxnews.com\/foxnews.com\/content\/uploads\/2025\/02\/1862\/1046\/pope-francis-dead_17.jpg?ve=1&amp;tl=1 2x\" height=\"523\" width=\"931\"><source media=\"(min-width: 1280px)\" srcset=\"https:\/\/a57.foxnews.com\/static.foxnews.com\/foxnews.com\/content\/uploads\/2025\/02\/720\/405\/pope-francis-dead_17.jpg?ve=1&amp;tl=1, https:\/\/a57.foxnews.com\/static.foxnews.com\/foxnews.com\/content\/uploads\/2025\/02\/1440\/810\/pope-francis-dead_17.jpg?ve=1&amp;tl=1 2x\" height=\"405\" width=\"720\"><img loading=\"lazy\" decoding=\"async\" src=\"https:\/\/a57.foxnews.com\/static.foxnews.com\/foxnews.com\/content\/uploads\/2025\/02\/1200\/675\/pope-francis-dead_17.jpg?ve=1&amp;tl=1\" alt=\"Papa Francisco mirando\" width=\"1200\" height=\"675\"\/><\/source><\/source><\/source><\/source><\/picture><\/div>\n<div class=\"info\">\n<div class=\"caption\">\n<p><span>El Papa Francisco muri\u00f3 el lunes despu\u00e9s de meses de luchar contra la enfermedad.<\/span> <span>(Filippo Monteforte\/AFP a trav\u00e9s de Getty Images)<\/span><\/p>\n<\/div>\n<\/div>\n<\/div>\n<p>Requiem Aeternam, un canto a menudo escuchado entre los f\u00fanebres, se recitar\u00e1 durante la comuni\u00f3n, seguido de una oraci\u00f3n.<\/p>\n<p>El cardenal Battista ofrecer\u00e1 una recomendaci\u00f3n y despedida final, incluida la oraci\u00f3n de la iglesia en Roma y la oraci\u00f3n de las iglesias orientales.<\/p>\n<p>La liturgia f\u00fanebre \u00abS\u00e9 que mi Vida Redentor\u00bb ser\u00e1 cantada o cantada por la congregaci\u00f3n, y la Misa concluir\u00e1 con el c\u00e1ntico de la Sant\u00edsima Virgen Mar\u00eda.<\/p>\n<p>El Papa Francisco ser\u00e1 enterrado en un ata\u00fad de madera en la Bas\u00edlica de Santa Mar\u00eda Maggiore, un lugar que a menudo visitaba flores durante su papado de 12 a\u00f1os.<\/p>\n<p><strong><u>El Papa Francisco enfatiz\u00f3 el catolicismo a nivel mundial, lleg\u00f3 m\u00e1s all\u00e1 de los Estados Unidos, Europa en naciones empobrecidas<\/u><\/strong><\/p>\n<div class=\"image-ct inline\">\n<div class=\"m\"><picture><source media=\"(max-width: 767px)\" srcset=\"https:\/\/a57.foxnews.com\/static.foxnews.com\/foxnews.com\/content\/uploads\/2025\/02\/343\/192\/pope-francis-delivers-his-speech-during-the-holy-mass-with.jpg?ve=1&amp;tl=1, https:\/\/a57.foxnews.com\/static.foxnews.com\/foxnews.com\/content\/uploads\/2025\/02\/686\/384\/pope-francis-delivers-his-speech-during-the-holy-mass-with.jpg?ve=1&amp;tl=1 2x\" height=\"192\" width=\"343\"><source media=\"(min-width: 768px) and (max-width: 1023px)\" srcset=\"https:\/\/a57.foxnews.com\/static.foxnews.com\/foxnews.com\/content\/uploads\/2025\/02\/672\/378\/pope-francis-delivers-his-speech-during-the-holy-mass-with.jpg?ve=1&amp;tl=1, https:\/\/a57.foxnews.com\/static.foxnews.com\/foxnews.com\/content\/uploads\/2025\/02\/1344\/756\/pope-francis-delivers-his-speech-during-the-holy-mass-with.jpg?ve=1&amp;tl=1 2x\" height=\"378\" width=\"672\"><source media=\"(min-width: 1024px) and (max-width: 1279px)\" srcset=\"https:\/\/a57.foxnews.com\/static.foxnews.com\/foxnews.com\/content\/uploads\/2025\/02\/931\/523\/pope-francis-delivers-his-speech-during-the-holy-mass-with.jpg?ve=1&amp;tl=1, https:\/\/a57.foxnews.com\/static.foxnews.com\/foxnews.com\/content\/uploads\/2025\/02\/1862\/1046\/pope-francis-delivers-his-speech-during-the-holy-mass-with.jpg?ve=1&amp;tl=1 2x\" height=\"523\" width=\"931\"><source media=\"(min-width: 1280px)\" srcset=\"https:\/\/a57.foxnews.com\/static.foxnews.com\/foxnews.com\/content\/uploads\/2025\/02\/720\/405\/pope-francis-delivers-his-speech-during-the-holy-mass-with.jpg?ve=1&amp;tl=1, https:\/\/a57.foxnews.com\/static.foxnews.com\/foxnews.com\/content\/uploads\/2025\/02\/1440\/810\/pope-francis-delivers-his-speech-during-the-holy-mass-with.jpg?ve=1&amp;tl=1 2x\" height=\"405\" width=\"720\"><img loading=\"lazy\" decoding=\"async\" src=\"https:\/\/a57.foxnews.com\/static.foxnews.com\/foxnews.com\/content\/uploads\/2025\/02\/1200\/675\/pope-francis-delivers-his-speech-during-the-holy-mass-with.jpg?ve=1&amp;tl=1\" alt=\"El Papa Francisco pronuncia su discurso durante la Santa Misa\" width=\"1200\" height=\"675\"\/><\/source><\/source><\/source><\/source><\/picture><\/div>\n<div class=\"info\">\n<div class=\"caption\">\n<p><span>El funeral del Papa Francisco se llevar\u00e1 a cabo en Roma el s\u00e1bado.<\/span> <span>(Stefano Costantino\/SOPA Images\/LighTrocket a trav\u00e9s de Getty Images)<\/span><\/p>\n<\/div>\n<\/div>\n<\/div>\n<h3>Qu\u00e9 esperar del novendiali<\/h3>\n<p>Novendiali, un antiguo y habitual per\u00edodo de oraci\u00f3n, recuerdo y luto, comenzar\u00e1 el d\u00eda del funeral del Papa Francisco en la parvilidad de San Pedro.<\/p>\n<p>La santa misa del Papa Francisco liderada por su cardenal de eminencia m\u00e1s reverendo Giovanni Battista, decano de la Facultad de Cardenales, comenzar\u00e1 a las nueve masas en memoria del pont\u00edfice fallecido.<\/p>\n<p>Si bien las masas est\u00e1n abiertas al p\u00fablico p\u00fablico, se llevan a cabo espec\u00edficamente para los empleados y los fieles de la ciudad del Vaticano.<\/p>\n<p>El horario es el siguiente, seg\u00fan el Vaticano:<\/p>\n<ul>\n<li>Domingo 27 de abril de 2025, a las 10:30 a.m. hora de la Roma local, 4:30 a.m. ET, en la parvis de la Bas\u00edlica del Vaticano para los empleados y fieles de la ciudad del Vaticano, la liturgia funeraria ser\u00e1 presidida por su cardenal de Eminencia Pietro Parolin, ex Secretario de Estado de Estado<\/li>\n<li>La liturgia f\u00fanebre ser\u00e1 presidida por su cardenal de eminencia Pietro Parolin, ex secretario de estado<\/li>\n<li>Lunes 28 de abril de 2025, a las 5:00 p.m. hora de la Roma local, 11:00 a.m. ET, en la Bas\u00edlica del Vaticano para la Iglesia de Romethe Funeral Liturgy ser\u00e1 presidida por su Cardenal de Eminencia Baldassare Reina, Vicario General de Su Hantidad para la Di\u00f3cesis de Roma de Roma de Roma<\/li>\n<li>La liturgia f\u00fanebre ser\u00e1 presidida por su cardenal de eminencia Baldassare Reina, Vicario General de Su Santidad para la Di\u00f3cesis de Roma<\/li>\n<\/ul>\n<p><strong>Papa Francisco para mentir en el estado, los dolientes bienvenidos: qu\u00e9 esperar del funeral del pont\u00edfice<\/strong><\/p>\n<div class=\"image-ct inline\">\n<div class=\"m\"><picture><source media=\"(max-width: 767px)\" srcset=\"https:\/\/a57.foxnews.com\/static.foxnews.com\/foxnews.com\/content\/uploads\/2025\/04\/343\/192\/pope-franicis-dead_007.jpg?ve=1&amp;tl=1, https:\/\/a57.foxnews.com\/static.foxnews.com\/foxnews.com\/content\/uploads\/2025\/04\/686\/384\/pope-franicis-dead_007.jpg?ve=1&amp;tl=1 2x\" height=\"192\" width=\"343\"><source media=\"(min-width: 768px) and (max-width: 1023px)\" srcset=\"https:\/\/a57.foxnews.com\/static.foxnews.com\/foxnews.com\/content\/uploads\/2025\/04\/672\/378\/pope-franicis-dead_007.jpg?ve=1&amp;tl=1, https:\/\/a57.foxnews.com\/static.foxnews.com\/foxnews.com\/content\/uploads\/2025\/04\/1344\/756\/pope-franicis-dead_007.jpg?ve=1&amp;tl=1 2x\" height=\"378\" width=\"672\"><source media=\"(min-width: 1024px) and (max-width: 1279px)\" srcset=\"https:\/\/a57.foxnews.com\/static.foxnews.com\/foxnews.com\/content\/uploads\/2025\/04\/931\/523\/pope-franicis-dead_007.jpg?ve=1&amp;tl=1, https:\/\/a57.foxnews.com\/static.foxnews.com\/foxnews.com\/content\/uploads\/2025\/04\/1862\/1046\/pope-franicis-dead_007.jpg?ve=1&amp;tl=1 2x\" height=\"523\" width=\"931\"><source media=\"(min-width: 1280px)\" srcset=\"https:\/\/a57.foxnews.com\/static.foxnews.com\/foxnews.com\/content\/uploads\/2025\/04\/720\/405\/pope-franicis-dead_007.jpg?ve=1&amp;tl=1, https:\/\/a57.foxnews.com\/static.foxnews.com\/foxnews.com\/content\/uploads\/2025\/04\/1440\/810\/pope-franicis-dead_007.jpg?ve=1&amp;tl=1 2x\" height=\"405\" width=\"720\"><img loading=\"lazy\" decoding=\"async\" src=\"https:\/\/a57.foxnews.com\/static.foxnews.com\/foxnews.com\/content\/uploads\/2025\/04\/1200\/675\/pope-franicis-dead_007.jpg?ve=1&amp;tl=1\" alt=\"El Papa Francisco saluda a la gente\" width=\"1200\" height=\"675\"\/><\/source><\/source><\/source><\/source><\/picture><\/div>\n<div class=\"info\">\n<div class=\"caption\">\n<p><span>El Papa Francisco se celebrar\u00e1 por un per\u00edodo de luto de nueve d\u00edas conocido como Novendiali.<\/span> <span>(Gregorio Borgia\/AP)<\/span><\/p>\n<\/div>\n<\/div>\n<\/div>\n<ul>\n<li>Martes, 29 de abril de 2025, a las 5 pm, hora local de Roma, 11 am et, en la Bas\u00edlica del Vaticano para los cap\u00edtulos de la bas\u00edlica papal, la Liturgia funeraria ser\u00e1 presidida por su Cardenal de Eminencia Mauro Gambetti, Archipiest of the Papal Basilica de San Pedro en el Vaticano en el Vaticano<\/li>\n<li>La liturgia f\u00fanebre ser\u00e1 presidida por su cardenal de eminencia Mauro Gambetti, Arcio de la Bas\u00edlica Papal de San Pedro en el Vaticano<\/li>\n<li>Mi\u00e9rcoles 30 de abril de 2025, a las 5 pm, hora local de Roma, 11 am et, en la Bas\u00edlica del Vaticano para la Capilla Papal, la liturgia f\u00fanebre ser\u00e1 presidida por su cardenal de eminencia Leonardo Sandri, vicecisante de la Facultad de Cardenales<\/li>\n<li>La liturgia f\u00fanebre ser\u00e1 presidida por su cardenal de eminencia Leonardo Sandri, vicepresidente del Colegio de Cardenales<\/li>\n<li>Jueves, 1 de mayo de 2025, a las 5 pm, hora local de Roma, 11 am et, en la Bas\u00edlica del Vaticano para la Curia Romana, la Liturgia funeraria ser\u00e1 presidida por su cardenal de eminencia Kevin Joseph Farrell, Camerlengo de la Sagrada Iglesia Romana<\/li>\n<li>La liturgia f\u00fanebre ser\u00e1 presidida por su cardenal de eminencia Kevin Joseph Farrell, Camerlengo de la Sagrada Iglesia Romana<\/li>\n<li>Viernes, 2 de mayo de 2025, a las 5 pm, hora local de Roma, a las 11 am et, en la Bas\u00edlica del Vaticano para la Iglesia Oriental, la liturgia f\u00fanebre ser\u00e1 presidida por su cardenal de eminencia Claudio Gugerotti, antiguo prefecto del dicasterio para las iglesias orientales<\/li>\n<li>La liturgia f\u00fanebre ser\u00e1 presidida por su cardenal de eminencia Claudio Gugerotti, ex prefecto del dicasterio para las iglesias orientales<\/li>\n<\/ul>\n<div class=\"image-ct inline\">\n<div class=\"m\"><picture><source media=\"(max-width: 767px)\" srcset=\"https:\/\/a57.foxnews.com\/static.foxnews.com\/foxnews.com\/content\/uploads\/2025\/02\/343\/192\/pope-francis-dead_19.jpg?ve=1&amp;tl=1, https:\/\/a57.foxnews.com\/static.foxnews.com\/foxnews.com\/content\/uploads\/2025\/02\/686\/384\/pope-francis-dead_19.jpg?ve=1&amp;tl=1 2x\" height=\"192\" width=\"343\"><source media=\"(min-width: 768px) and (max-width: 1023px)\" srcset=\"https:\/\/a57.foxnews.com\/static.foxnews.com\/foxnews.com\/content\/uploads\/2025\/02\/672\/378\/pope-francis-dead_19.jpg?ve=1&amp;tl=1, https:\/\/a57.foxnews.com\/static.foxnews.com\/foxnews.com\/content\/uploads\/2025\/02\/1344\/756\/pope-francis-dead_19.jpg?ve=1&amp;tl=1 2x\" height=\"378\" width=\"672\"><source media=\"(min-width: 1024px) and (max-width: 1279px)\" srcset=\"https:\/\/a57.foxnews.com\/static.foxnews.com\/foxnews.com\/content\/uploads\/2025\/02\/931\/523\/pope-francis-dead_19.jpg?ve=1&amp;tl=1, https:\/\/a57.foxnews.com\/static.foxnews.com\/foxnews.com\/content\/uploads\/2025\/02\/1862\/1046\/pope-francis-dead_19.jpg?ve=1&amp;tl=1 2x\" height=\"523\" width=\"931\"><source media=\"(min-width: 1280px)\" srcset=\"https:\/\/a57.foxnews.com\/static.foxnews.com\/foxnews.com\/content\/uploads\/2025\/02\/720\/405\/pope-francis-dead_19.jpg?ve=1&amp;tl=1, https:\/\/a57.foxnews.com\/static.foxnews.com\/foxnews.com\/content\/uploads\/2025\/02\/1440\/810\/pope-francis-dead_19.jpg?ve=1&amp;tl=1 2x\" height=\"405\" width=\"720\"><img loading=\"lazy\" decoding=\"async\" src=\"https:\/\/a57.foxnews.com\/static.foxnews.com\/foxnews.com\/content\/uploads\/2025\/02\/1200\/675\/pope-francis-dead_19.jpg?ve=1&amp;tl=1\" alt=\"Papa Francisco con gente en una multitud\" width=\"1200\" height=\"675\"\/><\/source><\/source><\/source><\/source><\/picture><\/div>\n<div class=\"info\">\n<div class=\"caption\">\n<p><span>El Papa Francisco ser\u00e1 enterrado en la Bas\u00edlica de Santa Mar\u00eda Maggiore.<\/span> <span>(Vincenzo Pinto\/AFP a trav\u00e9s de Getty Images)<\/span><\/p>\n<\/div>\n<\/div>\n<\/div>\n<p><strong><u>Haga clic aqu\u00ed para llegar a la aplicaci\u00f3n Fox News<\/u><\/strong><\/p>\n<ul>\n<li>S\u00e1bado 3 de mayo de 2025, a las 5 pm, hora local de Roma, 11 am et, en la Bas\u00edlica del Vaticano para los miembros de los Institutos de Vida Consagrada y las Sociedades de la Liturgia Funeral Apost\u00f3lica, la Liturgia funeraria ser\u00e1 presidida por su Vida de Eminencia de la Vida de Fern\u00f3n de Fern\u00e1n, los Dicter en los Institutos de los Institutos de la Vida de Fern\u00f3n de Fern\u00e1nz de los Institutos de los At\u00e9n de la Vida de Fern\u00f3n de los Socicados de los Institutos de los Institutos de los Institutos de la Vida de los Socios de los Socios del Considera de<\/li>\n<li>La liturgia f\u00fanebre ser\u00e1 presidida por su eminencia \u00c1ngel Fern\u00e1ndez Artime, antiguo pre-prefecto del dicasterio para los Institutos de la Vida Consagrada y las Sociedades de la Vida Apost\u00f3lica<\/li>\n<li>Domingo 4 de mayo a las 5 pm Tiempo local de Roma, 11 am et, en la Bas\u00edlica del Vaticano para la Capilla Papal, la Liturgia Funeral ser\u00e1 presidida por su cardenal de eminencia Dominique Mamberti, ProtodeaCon de la Facultad de Cardenales<\/li>\n<li>La liturgia f\u00fanebre ser\u00e1 presidida por su cardenal de eminencia Dominique Mamberti, protodeacon del Colegio de Cardenales<\/li>\n<\/ul>\n<p> <!----> <\/p>\n<div class=\"article-meta\">\n<div class=\"author-bio\">\n<p>Gabriele Regalbuto es editor senior de SEO en Fox News Digital. Gabriele tiene un t\u00edtulo de periodismo y comunicaciones de la Universidad de West Virginia. Ha trabajado para producir contenido para peri\u00f3dicos, revistas y plataformas digitales. En Fox, ha ayudado en la cobertura de eventos de noticias de \u00faltima hora, incluido el ciclo presidencial de 2024, las elecciones de mitad de per\u00edodo de 2022, la muerte de la reina Isabel II, la guerra en curso entre Rusia y Ucrania.<\/p>\n<\/div>\n<\/div>\n<\/div>\n\n","protected":false},"excerpt":{"rendered":"<p>El funeral del Papa Francisco se llevar\u00e1 a cabo el s\u00e1bado a las 10:00 a.m. hora local de Roma (4:00 a.m. ET) y se espera que m\u00e1s de 200,000 personas asistan al vicario fallecido de los servicios de Cristo. Miles de dolientes han acudido al Vaticano esta semana para presentar sus respetos finales al Papa &hellip;<\/p>\n","protected":false},"author":1,"featured_media":24556,"comment_status":"open","ping_status":"open","sticky":false,"template":"","format":"standard","meta":{"fifu_image_url":"https:\/\/static.foxnews.com\/foxnews.com\/content\/uploads\/2025\/04\/pope-franicis-dead_027.jpg","fifu_image_alt":"","footnotes":""},"categories":[13],"tags":[],"class_list":["post-24554","post","type-post","status-publish","format-standard","has-post-thumbnail","","category-mundo"],"_links":{"self":[{"href":"https:\/\/noticiasveraces.com\/index.php?rest_route=\/wp\/v2\/posts\/24554","targetHints":{"allow":["GET"]}}],"collection":[{"href":"https:\/\/noticiasveraces.com\/index.php?rest_route=\/wp\/v2\/posts"}],"about":[{"href":"https:\/\/noticiasveraces.com\/index.php?rest_route=\/wp\/v2\/types\/post"}],"author":[{"embeddable":true,"href":"https:\/\/noticiasveraces.com\/index.php?rest_route=\/wp\/v2\/users\/1"}],"replies":[{"embeddable":true,"href":"https:\/\/noticiasveraces.com\/index.php?rest_route=%2Fwp%2Fv2%2Fcomments&post=24554"}],"version-history":[{"count":0,"href":"https:\/\/noticiasveraces.com\/index.php?rest_route=\/wp\/v2\/posts\/24554\/revisions"}],"wp:featuredmedia":[{"embeddable":true,"href":"https:\/\/noticiasveraces.com\/index.php?rest_route=\/wp\/v2\/media\/24556"}],"wp:attachment":[{"href":"https:\/\/noticiasveraces.com\/index.php?rest_route=%2Fwp%2Fv2%2Fmedia&parent=24554"}],"wp:term":[{"taxonomy":"category","embeddable":true,"href":"https:\/\/noticiasveraces.com\/index.php?rest_route=%2Fwp%2Fv2%2Fcategories&post=24554"},{"taxonomy":"post_tag","embeddable":true,"href":"https:\/\/noticiasveraces.com\/index.php?rest_route=%2Fwp%2Fv2%2Ftags&post=24554"}],"curies":[{"name":"wp","href":"https:\/\/api.w.org\/{rel}","templated":true}]}}