{"id":24543,"date":"2025-04-25T22:59:38","date_gmt":"2025-04-26T02:59:38","guid":{"rendered":"https:\/\/noticiasveraces.com\/?p=24543"},"modified":"2025-04-25T22:59:38","modified_gmt":"2025-04-26T02:59:38","slug":"gaza-desplazados-en-colombia-indigenas-y-cambio-climatico-las-noticias-del-viernes","status":"publish","type":"post","link":"https:\/\/noticiasveraces.com\/?p=24543","title":{"rendered":"Gaza, desplazados en Colombia, ind\u00edgenas y cambio clim\u00e1tico&#8230; Las noticias del viernes"},"content":{"rendered":"<p> \n<\/p>\n<div>\n<p>El Programa Mundial de Alimentos (PMA) ha agotado todas sus reservas para Gaza. Hoy entreg\u00f3 los \u00faltimos suministros a los comedores de la Franja, que podr\u00edan quedarse sin comida en los pr\u00f3ximos d\u00edas.<\/p>\n<p>Desde hace m\u00e1s de s<strong>iete semanas no entran suministros humanitarios ni comerciales <\/strong>debido al cierre total de los principales pasos fronterizos por parte de Israel. Es el bloqueo m\u00e1s prolongado hasta ahora, y ha hecho que los precios de los alimentos aumenten un 1400%.<\/p>\n<p><strong>M\u00e1s de 116.000 toneladas de ayuda, suficientes para un mill\u00f3n de personas durante cuatro meses, esperan ingresar <\/strong>en cuanto Israel reabra las fronteras.<\/p>\n<p>UNRWA, la Agencia para los Refugiados Palestinos, denunci\u00f3 en X que \u201cla ayuda humanitaria se est\u00e1 utilizando como moneda de cambio y arma de guerra\u201d.<\/p>\n<p>La Oficina de Derechos Humanos afirm\u00f3 que el elevado n\u00famero de civiles muertos y el bloqueo de ayuda \u201cparecen tener como objetivo castigar a la poblaci\u00f3n civil de Gaza e infligirle unas condiciones de vida cada vez m\u00e1s incompatibles con su existencia continuada como grupo en Gaza\u201d.<\/p>\n<p>Por otro lado, Israel admiti\u00f3 que un<strong> tanque suyo dispar\u00f3 contra el complejo de la ONU<\/strong> en Deir Al Balah el 19 de marzo, matando a un empleado. El portavoz de la ONU exigi\u00f3 rendici\u00f3n de cuentas por este y otros ataques a su personal e infraestructura.<\/p>\n<div class=\"context-un_news_large_credit type-entermedia_image media media--type-entermedia-image media--view-mode-un-news-large-credit\">\n<div class=\"field field--name-thumbnail field--type-image field--label-hidden field__item\"><img decoding=\"async\" src=\"https:\/\/global.unitednations.entermediadb.net\/assets\/mediadb\/services\/module\/asset\/downloads\/preset\/Libraries\/Production%20Library\/14-02-2025-UNHCR-Cucuta5.png\/image770x420cropped.jpg\" alt=\"Desplazados del Catatumbo llegan al Estadio General Santander de C\u00facuta. (Archivo)\" title=\"Desplazados del Catatumbo llegan al Estadio General Santander de C\u00facuta. (Archivo)\" loading=\"lazy\" width=\"770\" height=\"420\"\/>\n<\/div>\n<div class=\"field field--name-field-authors field--type-entity-reference field--label-hidden field__items\">\n<p>ACNUR\/Cortes\u00eda de Lucas Molet<\/p>\n<\/p><\/div>\n<\/div>\n<p>ACNUR, el organismo para los refugiados, advierte que los recortes financieros amenazan a\u00f1os de avances en la protecci\u00f3n e integraci\u00f3n de poblaciones desplazadas en Colombia, afectando especialmente a mujeres, ni\u00f1os y familias vulnerables.<\/p>\n<p>En Colombia viven m\u00e1s de <strong>siete millones de desplazados internos, cerca de tres millones de venezolanos y 500.000 retornados.<\/strong><\/p>\n<p>El desfinanciamiento ha obligado a suspender servicios esenciales a estas poblaciones, especialmente en el Catatumbo, donde m\u00e1s de 63.000 personas han sido desplazadas por enfrentamientos entre grupos armados. ACNUR ya no puede distribuir colchones, mantas, kits de higiene, l\u00e1mparas solares ni mosquiteras, pese a que la violencia contin\u00faa.<\/p>\n<h2>La nueva bandera de Siria ya ondea en la ONU<\/h2>\n<div class=\"context-un_news_large_credit type-entermedia_image media media--type-entermedia-image media--view-mode-un-news-large-credit\">\n<div class=\"field field--name-thumbnail field--type-image field--label-hidden field__item\"><img decoding=\"async\" src=\"https:\/\/global.unitednations.entermediadb.net\/assets\/mediadb\/services\/module\/asset\/downloads\/preset\/Libraries\/Production%20Library\/25-04-2025-UN-Photo-Asaad-Al-Shaibani.jpg\/image770x420cropped.jpg\" alt=\"El ministro de Asuntos Exteriores interino de la Rep\u00fablica \u00c1rabe Siria, Asaad Al-Shaibani, iza la nueva bandera del pa\u00eds en la sede de la ONU en Nueva York.\" title=\"El ministro de Asuntos Exteriores interino de la Rep\u00fablica \u00c1rabe Siria, Asaad Al-Shaibani, iza la nueva bandera del pa\u00eds en la sede de la ONU en Nueva York.\" loading=\"lazy\" width=\"770\" height=\"420\"\/>\n<\/div>\n<\/div>\n<p>El ministro de Exteriores interino de Siria, Asaad al-Shibani, iz\u00f3 la nueva bandera nacional en la ONU, en su primera visita tras la ca\u00edda del expresidente Bashar Al Assad. La bandera de tres estrellas reemplaza oficialmente a la de dos estrellas usada durante su r\u00e9gimen.<\/p>\n<p>El ministro interino particip\u00f3 despu\u00e9s en una reuni\u00f3n del Consejo de Seguridad. All\u00ed, el enviado especial del Secretario General para ese pa\u00eds, Geir Petersen, pidi\u00f3 flexibilizar sanciones para reactivar la econom\u00eda siria, y advirti\u00f3 que, sin mayor inclusi\u00f3n pol\u00edtica y acci\u00f3n econ\u00f3mica, la transici\u00f3n pol\u00edtica podr\u00eda fracasar.<\/p>\n<p>\u201cSe necesita<strong> mucha m\u00e1s inclusi\u00f3n pol\u00edtica y mucha m\u00e1s acci\u00f3n econ\u00f3mica<\/strong>. Con un cambio radical en estos dos elementos, la transici\u00f3n pol\u00edtica en Siria puede tener \u00e9xito. Sin ambos, es probable que no lo haga, y las consecuencias ser\u00edan inaceptables\u201d, concluy\u00f3.<\/p>\n<div class=\"context-un_news_large_credit type-entermedia_image media media--type-entermedia-image media--view-mode-un-news-large-credit\">\n<div class=\"field field--name-thumbnail field--type-image field--label-hidden field__item\"><img decoding=\"async\" src=\"https:\/\/global.unitednations.entermediadb.net\/assets\/mediadb\/services\/module\/asset\/downloads\/preset\/Collections\/Embargoed\/06-03-2024-WFP-Guatemala.jpg\/image770x420cropped.jpg\" alt=\"Los agricultores de la comunidad ind\u00edgena maya de Guatemala reciben ayuda en met\u00e1lico para prepararse ante las previsiones meteorol\u00f3gicas extremas.\" title=\"Los agricultores de la comunidad ind\u00edgena maya de Guatemala reciben ayuda en met\u00e1lico para prepararse ante las previsiones meteorol\u00f3gicas extremas.\" loading=\"lazy\" width=\"770\" height=\"420\"\/>\n<\/div>\n<\/div>\n<p>Los pueblos ind\u00edgenas representan solo el 6% de la poblaci\u00f3n mundial pero protegen el 80% de la biodiversidad del planeta. Sin embargo, reciben menos del 1<strong>% de la financiaci\u00f3n clim\u00e1tica internacional, seg\u00fan un <\/strong><strong>Informaci\u00f3n de la ONU<\/strong><strong>.<\/strong><\/p>\n<p>El estudio asegura que la acci\u00f3n clim\u00e1tica no solo carece de urgencia, sino tambi\u00e9n de equidad. Desde proyectos de energ\u00eda verde impuestos sin consentimiento hasta decisiones pol\u00edticas tomadas en espacios donde las voces ind\u00edgenas est\u00e1n ausentes, estas comunidades con demasiada frecuencia se ven <strong>excluidas<\/strong>.<\/p>\n<p>El informe exige reconocer su conocimiento como cient\u00edfico y t\u00e9cnico, no solo como \u201ctradicional\u201d.<\/p>\n<p>Se destaca el caso de una comunidad quechua de Ayacucho, Per\u00fa, que ha recuperado t\u00e9cnicas ancestrales de recolecci\u00f3n de agua para enfrentar la sequ\u00eda y el retroceso glaciar.<\/p>\n<\/div>\n\n","protected":false},"excerpt":{"rendered":"<p>El Programa Mundial de Alimentos (PMA) ha agotado todas sus reservas para Gaza. Hoy entreg\u00f3 los \u00faltimos suministros a los comedores de la Franja, que podr\u00edan quedarse sin comida en los pr\u00f3ximos d\u00edas. Desde hace m\u00e1s de siete semanas no entran suministros humanitarios ni comerciales debido al cierre total de los principales pasos fronterizos por &hellip;<\/p>\n","protected":false},"author":1,"featured_media":24545,"comment_status":"open","ping_status":"open","sticky":false,"template":"","format":"standard","meta":{"fifu_image_url":"https:\/\/global.unitednations.entermediadb.net\/assets\/mediadb\/services\/module\/asset\/downloads\/preset\/Collections\/Embargoed\/23-01-2025_WFP_Gaza.jpg\/image770x420cropped.jpg","fifu_image_alt":"","footnotes":""},"categories":[3],"tags":[],"class_list":["post-24543","post","type-post","status-publish","format-standard","has-post-thumbnail","","category-negocio"],"_links":{"self":[{"href":"https:\/\/noticiasveraces.com\/index.php?rest_route=\/wp\/v2\/posts\/24543","targetHints":{"allow":["GET"]}}],"collection":[{"href":"https:\/\/noticiasveraces.com\/index.php?rest_route=\/wp\/v2\/posts"}],"about":[{"href":"https:\/\/noticiasveraces.com\/index.php?rest_route=\/wp\/v2\/types\/post"}],"author":[{"embeddable":true,"href":"https:\/\/noticiasveraces.com\/index.php?rest_route=\/wp\/v2\/users\/1"}],"replies":[{"embeddable":true,"href":"https:\/\/noticiasveraces.com\/index.php?rest_route=%2Fwp%2Fv2%2Fcomments&post=24543"}],"version-history":[{"count":0,"href":"https:\/\/noticiasveraces.com\/index.php?rest_route=\/wp\/v2\/posts\/24543\/revisions"}],"wp:featuredmedia":[{"embeddable":true,"href":"https:\/\/noticiasveraces.com\/index.php?rest_route=\/wp\/v2\/media\/24545"}],"wp:attachment":[{"href":"https:\/\/noticiasveraces.com\/index.php?rest_route=%2Fwp%2Fv2%2Fmedia&parent=24543"}],"wp:term":[{"taxonomy":"category","embeddable":true,"href":"https:\/\/noticiasveraces.com\/index.php?rest_route=%2Fwp%2Fv2%2Fcategories&post=24543"},{"taxonomy":"post_tag","embeddable":true,"href":"https:\/\/noticiasveraces.com\/index.php?rest_route=%2Fwp%2Fv2%2Ftags&post=24543"}],"curies":[{"name":"wp","href":"https:\/\/api.w.org\/{rel}","templated":true}]}}