{"id":24519,"date":"2025-04-25T19:15:16","date_gmt":"2025-04-25T23:15:16","guid":{"rendered":"https:\/\/noticiasveraces.com\/?p=24519"},"modified":"2025-04-25T19:15:16","modified_gmt":"2025-04-25T23:15:16","slug":"encuentran-restos-de-gran-barco-medieval-en-barcelona-dw-25-04-2025","status":"publish","type":"post","link":"https:\/\/noticiasveraces.com\/?p=24519","title":{"rendered":"Encuentran restos de gran barco medieval en Barcelona \u2013 DW \u2013 25\/04\/2025"},"content":{"rendered":"<p> \n<\/p>\n<div>\n<p>Los restos de un barco datado entre los siglos XV y XVI han aparecido durante las obras de construcci\u00f3n del futuro aparcamiento BSM en la Ciutadella del Coneixement, en el solar del antiguo Mercat del Peix de Barcelona.<\/p>\n<p>La embarcaci\u00f3n, que se ha bautizado provisionalmente como &#8216;Ciutadella I&#8217;, fue encontrada durante la fase final de la excavaci\u00f3n, a una profundidad de 5,65 metros bajo el nivel del mar, en el marco de una intervenci\u00f3n arqueol\u00f3gica iniciada en marzo de 2023.<\/p>\n<p>\u00abSe trata de un encuentro excepcional que constituye una fuente de conocimiento \u00fanica sobre la navegaci\u00f3n y las t\u00e9cnicas de construcci\u00f3n naval utilizadas en la Barcelona de los siglos XV y XVI\u00bb, explic\u00f3 este jueves (24.04.2024) en una atenci\u00f3n a los medios el arque\u00f3logo y director de la excavaci\u00f3n, Santi Palacios.<\/p>\n<p>En arqueolog\u00eda subacu\u00e1tica, este tipo de restos se denominan \u00abpecios\u00bb, un t\u00e9rmino que hace referencia a un barco naufragado o abandonado que queda cubierto por los sedimentos con el paso del tiempo.<\/p>\n<p>Concretamente, se conserva un fragmento de 10 metros de largo y m\u00e1s de 3 metros de ancho, con una estructura formada por una treintena de cuadernas \u2014las piezas de madera curvadas que conforman el esqueleto lateral del barco\u2014 y al menos siete andenes del forro, las filas de tablas de madera que recubr\u00edan el exterior del casco.<\/p>\n<p>Este sistema, conocido como construcci\u00f3n en esqueleto, era habitual en el Mediterr\u00e1neo medieval y se extendi\u00f3 por toda Europa a partir de mediados del siglo XV.<\/p>\n<figure class=\"placeholder-image master_landscape big\"><img data-format=\"MASTER_LANDSCAPE\" data-id=\"72357514\" data-url=\"https:\/\/static.dw.com\/image\/72357514_${formatId}.jpg\" data-aspect-ratio=\"16\/9\" alt=\"El barco medieval fue encontrado durante obras de construcci\u00f3n en Barcelona. \" style=\"padding-bottom: 56.25%; height: 0; max-height: 0;\"\/><figcaption class=\"img-caption\">El barco medieval fue encontrado durante obras de construcci\u00f3n en Barcelona. <small class=\"copyright\">Imagen: Ayuntamiento de Barcelona <\/small><\/figcaption><\/figure>\n<h2>Un \u00fanico precedente<\/h2>\n<p>En 2008, durante unas excavaciones cerca de la Estaci\u00f3n de Francia, se descubri\u00f3 la embarcaci\u00f3n &#8216;Barceloneta I&#8217;, datada en el siglo XV y de origen cant\u00e1brico, un barco que representa \u00abun testimonio \u00fanico\u00bb de la actividad comercial de la Barcelona medieval y cuyos restos fueron restaurados durante m\u00e1s de seis a\u00f1os y ahora se exhiben en el Museo de Historia de la capital catalana.<\/p>\n<p><span data-slot-id=\"Article_InContent-1\" class=\"rich-text-ad\"\/><\/p>\n<p>Palacios ha detallado que el &#8216;Ciutadella I&#8217; presenta condiciones similares con la embarcaci\u00f3n encontrada en 2008 y que a partir de ahora empezar\u00e1n los trabajos de an\u00e1lisis de la brea que proteg\u00eda la embarcaci\u00f3n para determinar donde se calafate\u00f3, un proceso que, seg\u00fan ha dicho el arque\u00f3logo, puede dar resultados en unos seis meses.<\/p>\n<p>\u00abEl hallazgo del &#8216;Ciutadella I&#8217; complementa y enriquece el conocimiento obtenido con el &#8216;Barceloneta I&#8217; y ofrece una visi\u00f3n m\u00e1s completa de la diversidad y la complejidad de la actividad mar\u00edtima medieval en Barcelona, consolidando la ciudad como punto neur\u00e1lgico de las rutas comerciales de la \u00e9poca\u00bb, ha indicado el equipo de arque\u00f3logos.<\/p>\n<figure class=\"placeholder-image master_landscape big\"><img data-format=\"MASTER_LANDSCAPE\" data-id=\"72357474\" data-url=\"https:\/\/static.dw.com\/image\/72357474_${formatId}.jpg\" data-aspect-ratio=\"16\/9\" alt=\"El hallazgo, que desde un punto de vista t\u00e9cnico se conoce como derrelicto, se inscribe en un contexto hist\u00f3rico de transformaci\u00f3n del frente mar\u00edtimo de Barcelona. \" style=\"padding-bottom: 56.25%; height: 0; max-height: 0;\"\/><figcaption class=\"img-caption\">El hallazgo, que desde un punto de vista t\u00e9cnico se conoce como derrelicto, se inscribe en un contexto hist\u00f3rico de transformaci\u00f3n del frente mar\u00edtimo de Barcelona. <small class=\"copyright\">Imagen: Ayuntamiento de Barcelona <\/small><\/figcaption><\/figure>\n<h2>El proceso de conservaci\u00f3n<\/h2>\n<p>La directora de restauraci\u00f3n, Delia Eguiluz, ha mencionado que los restos del barco se encuentran en un estado de conservaci\u00f3n \u00abmuy fr\u00e1gil\u00bb, ya que la madera, aun siendo un material habitual en la construcci\u00f3n naval hist\u00f3rica, \u00abs\u00f3lo se conserva en ambientes muy concretos, como los medios acu\u00e1ticos, y se deteriora r\u00e1pidamente cuando entra en contacto con el aire\u00bb.<\/p>\n<p>Por este motivo, una vez identificadas las primeras estructuras, se opt\u00f3 por no desenterrarlas del todo, dej\u00e1ndolas protegidas bajo una capa de arena, que \u00abayuda a mantener la humedad estable\u00bb.<\/p>\n<p>En este sentido, Eguiluz ha se\u00f1alado que la estructura tambi\u00e9n se mantiene h\u00fameda gracias a un sistema de riego para que la madera \u00abno se seque y se degrade\u00bb.<\/p>\n<p>Posteriormente, el material se trasladar\u00e1 a \u00abinstalaciones especializadas\u00bb, donde se llevar\u00e1 a cabo un proceso de desalaci\u00f3n con agua corriente e impregnaci\u00f3n con cera hidrosoluble, una sustancia que penetra en la madera y refuerza su estructura interna, \u00abgarantizando su conservaci\u00f3n a largo plazo\u00bb, unos trabajos que, seg\u00fan Eguiluz, pueden durar entre 3 y 4 a\u00f1os en total.<\/p>\n<p>Desde el descubrimiento del pecio, entre los d\u00edas 10 y 15 de abril, se ha desplegado una intervenci\u00f3n arqueol\u00f3gica bajo la supervisi\u00f3n directa del Servicio de Arqueolog\u00eda, que, con el asesoramiento del Museo de Arqueolog\u00eda de Catalu\u00f1a &#8211; Centro de Arqueolog\u00eda Subacu\u00e1tica de Catalu\u00f1a (CASC), est\u00e1 trabajando para \u00abgarantizar la correcta documentaci\u00f3n y conservaci\u00f3n de la estructura\u00bb.<\/p>\n<p>ee (efe, Ayuntamiento de Barcelona<svg xmlns=\"http:\/\/www.w3.org\/2000\/svg\" width=\"20\" height=\"20\" viewbox=\"0 0 20 20\"><path d=\"M11.5 3.5 11.5 4.233C14.342 4.233 15.167 4.245 15.167 4.258L8.984 10.467 10.033 11.516C14.826 6.725 16.228 5.333 16.242 5.333L16.267 9 17.733 9 17.733 2.767 11.5 2.767 11.5 3.5M2.267 11 2.267 17.233 16.733 17.233 16.733 12 15.267 12 15.25 15.75 9.5 15.75 3.75 15.75 3.75 6.25 9.5 6.233 9.5 4.767 2.267 4.767 2.267 11 \"\/><\/svg>)<\/p>\n<\/div>\n\n","protected":false},"excerpt":{"rendered":"<p>Los restos de un barco datado entre los siglos XV y XVI han aparecido durante las obras de construcci\u00f3n del futuro aparcamiento BSM en la Ciutadella del Coneixement, en el solar del antiguo Mercat del Peix de Barcelona. La embarcaci\u00f3n, que se ha bautizado provisionalmente como &#8216;Ciutadella I&#8217;, fue encontrada durante la fase final de &hellip;<\/p>\n","protected":false},"author":1,"featured_media":24520,"comment_status":"open","ping_status":"open","sticky":false,"template":"","format":"standard","meta":{"fifu_image_url":"https:\/\/static.dw.com\/image\/72357494_6.jpg","fifu_image_alt":"","footnotes":""},"categories":[13],"tags":[],"class_list":["post-24519","post","type-post","status-publish","format-standard","has-post-thumbnail","","category-mundo"],"_links":{"self":[{"href":"https:\/\/noticiasveraces.com\/index.php?rest_route=\/wp\/v2\/posts\/24519","targetHints":{"allow":["GET"]}}],"collection":[{"href":"https:\/\/noticiasveraces.com\/index.php?rest_route=\/wp\/v2\/posts"}],"about":[{"href":"https:\/\/noticiasveraces.com\/index.php?rest_route=\/wp\/v2\/types\/post"}],"author":[{"embeddable":true,"href":"https:\/\/noticiasveraces.com\/index.php?rest_route=\/wp\/v2\/users\/1"}],"replies":[{"embeddable":true,"href":"https:\/\/noticiasveraces.com\/index.php?rest_route=%2Fwp%2Fv2%2Fcomments&post=24519"}],"version-history":[{"count":0,"href":"https:\/\/noticiasveraces.com\/index.php?rest_route=\/wp\/v2\/posts\/24519\/revisions"}],"wp:featuredmedia":[{"embeddable":true,"href":"https:\/\/noticiasveraces.com\/index.php?rest_route=\/wp\/v2\/media\/24520"}],"wp:attachment":[{"href":"https:\/\/noticiasveraces.com\/index.php?rest_route=%2Fwp%2Fv2%2Fmedia&parent=24519"}],"wp:term":[{"taxonomy":"category","embeddable":true,"href":"https:\/\/noticiasveraces.com\/index.php?rest_route=%2Fwp%2Fv2%2Fcategories&post=24519"},{"taxonomy":"post_tag","embeddable":true,"href":"https:\/\/noticiasveraces.com\/index.php?rest_route=%2Fwp%2Fv2%2Ftags&post=24519"}],"curies":[{"name":"wp","href":"https:\/\/api.w.org\/{rel}","templated":true}]}}