{"id":24517,"date":"2025-04-25T18:13:36","date_gmt":"2025-04-25T22:13:36","guid":{"rendered":"https:\/\/noticiasveraces.com\/?p=24517"},"modified":"2025-04-25T18:13:36","modified_gmt":"2025-04-25T22:13:36","slug":"capilla-ardiente-del-papa-cierra-con-250-000-visitantes-dw-25-04-2025","status":"publish","type":"post","link":"https:\/\/noticiasveraces.com\/?p=24517","title":{"rendered":"Capilla ardiente del papa cierra con 250.000 visitantes \u2013 DW \u2013 25\/04\/2025"},"content":{"rendered":"<p> \n<\/p>\n<div>\n<p>Unas 250.000 personas presentaron sus respetos ante el f\u00e9retro del papa Francisco durante los tres d\u00edas de capilla ardiente en la bas\u00edlica de San Pedro, anunci\u00f3 el Vaticano este viernes (25.04.2025), un d\u00eda antes del funeral.<\/p>\n<p>El primer pont\u00edfice latinoamericano, que falleci\u00f3 el lunes a los 88 a\u00f1os, super\u00f3 as\u00ed las 195.000 personas que dieron un \u00faltimo adi\u00f3s a su predecesor Benedicto XVI, tras su muerte el 31 de diciembre de 2020.<\/p>\n<p>Con el cierre del f\u00e9retro del jesuita argentino en una ceremonia privada, la organizaci\u00f3n de sus exequias entra en su etapa final. L\u00edderes pol\u00edticos de todo el mundo ya est\u00e1n en camino a Roma para asistir al funeral.<\/p>\n<figure class=\"placeholder-image master_landscape big\"><img data-format=\"MASTER_LANDSCAPE\" data-id=\"72354823\" data-url=\"https:\/\/static.dw.com\/image\/72354823_${formatId}.jpg\" data-aspect-ratio=\"16\/9\" alt=\"Creyentes se despiden del papa Francisco en la bas\u00edlica de San Pedro (25.04.2025)\" style=\"padding-bottom: 56.25%; height: 0; max-height: 0;\"\/><figcaption class=\"img-caption\">Creyentes se despiden del papa Francisco en la bas\u00edlica de San Pedro (25.04.2025)<small class=\"copyright\">Imagen: Stefano Costantino\/Avalon\/Photoshot\/Picture Alliance<\/small><\/figcaption><\/figure>\n<h2><strong>Personalidades pol\u00edticas\u00a0en camino a Roma<\/strong><\/h2>\n<p>M\u00e1s de 50 jefes de Estado y 10 monarcas en ejercicio confirmaron su asistencia a la misa funeral, que tendr\u00e1 lugar en la plaza de San Pedro este s\u00e1bado a partir de las 10:00 a.m., hora local<\/p>\n<p>Las delegaciones oficiales ocupar\u00e1n el lado derecho mirando hacia la bas\u00edlica. En primera fila, estar\u00e1n los presidentes de Argentina, Javier Milei, y de Italia, Sergio Mattarella. A continuaci\u00f3n estar\u00e1n los monarcas, como el rey espa\u00f1ol Felipe VI, y el resto de presidentes por orden alfab\u00e9tico en franc\u00e9s.<\/p>\n<figure class=\"placeholder-image master_landscape big\"><img data-format=\"MASTER_LANDSCAPE\" data-id=\"72345306\" data-url=\"https:\/\/static.dw.com\/image\/72345306_${formatId}.jpg\" data-aspect-ratio=\"16\/9\" alt=\"Fieles hacen fila para ingresar a la bas\u00edlica de San Pedro para rendir homenaje al papa Francisco (25.04.2025)\" style=\"padding-bottom: 56.25%; height: 0; max-height: 0;\"\/><figcaption class=\"img-caption\">Fieles hacen fila para ingresar a la bas\u00edlica de San Pedro para rendir homenaje al papa Francisco (25.04.2025)<small class=\"copyright\">Imagen: Hannah McKay\/REUTERS<\/small><\/figcaption><\/figure>\n<h2><strong>Primer\u00a0entierro de un papa fuera del Vaticano desde hace m\u00e1s de 120 a\u00f1os<\/strong><\/h2>\n<p>Tras la misa en el Vaticano, el cortejo f\u00fanebre recorrer\u00e1 las calles de Roma hasta su \u00faltima morada, pasando por frente a monumentos ic\u00f3nicos como el Coliseo.<\/p>\n<p>El p\u00fablico podr\u00e1 seguir la ceremonia en pantallas gigantes. Las autoridades estiman que decenas de miles de personas podr\u00edan presenciar el traslado de sus restos mortales.<\/p>\n<p>El entierro de Francisco ser\u00e1 el mismo s\u00e1bado en la bas\u00edlica de Santa Mar\u00eda la Mayor, en Roma, el primero de un pont\u00edfice fuera del Vaticano desde Le\u00f3n XIII en 1903.<\/p>\n<p>RR (AFP\/Reuters)<\/p>\n<\/div>\n\n","protected":false},"excerpt":{"rendered":"<p>Unas 250.000 personas presentaron sus respetos ante el f\u00e9retro del papa Francisco durante los tres d\u00edas de capilla ardiente en la bas\u00edlica de San Pedro, anunci\u00f3 el Vaticano este viernes (25.04.2025), un d\u00eda antes del funeral. El primer pont\u00edfice latinoamericano, que falleci\u00f3 el lunes a los 88 a\u00f1os, super\u00f3 as\u00ed las 195.000 personas que dieron &hellip;<\/p>\n","protected":false},"author":1,"featured_media":24518,"comment_status":"open","ping_status":"open","sticky":false,"template":"","format":"standard","meta":{"fifu_image_url":"https:\/\/static.dw.com\/image\/72354933_6.jpg","fifu_image_alt":"","footnotes":""},"categories":[13],"tags":[],"class_list":["post-24517","post","type-post","status-publish","format-standard","has-post-thumbnail","","category-mundo"],"_links":{"self":[{"href":"https:\/\/noticiasveraces.com\/index.php?rest_route=\/wp\/v2\/posts\/24517","targetHints":{"allow":["GET"]}}],"collection":[{"href":"https:\/\/noticiasveraces.com\/index.php?rest_route=\/wp\/v2\/posts"}],"about":[{"href":"https:\/\/noticiasveraces.com\/index.php?rest_route=\/wp\/v2\/types\/post"}],"author":[{"embeddable":true,"href":"https:\/\/noticiasveraces.com\/index.php?rest_route=\/wp\/v2\/users\/1"}],"replies":[{"embeddable":true,"href":"https:\/\/noticiasveraces.com\/index.php?rest_route=%2Fwp%2Fv2%2Fcomments&post=24517"}],"version-history":[{"count":0,"href":"https:\/\/noticiasveraces.com\/index.php?rest_route=\/wp\/v2\/posts\/24517\/revisions"}],"wp:featuredmedia":[{"embeddable":true,"href":"https:\/\/noticiasveraces.com\/index.php?rest_route=\/wp\/v2\/media\/24518"}],"wp:attachment":[{"href":"https:\/\/noticiasveraces.com\/index.php?rest_route=%2Fwp%2Fv2%2Fmedia&parent=24517"}],"wp:term":[{"taxonomy":"category","embeddable":true,"href":"https:\/\/noticiasveraces.com\/index.php?rest_route=%2Fwp%2Fv2%2Fcategories&post=24517"},{"taxonomy":"post_tag","embeddable":true,"href":"https:\/\/noticiasveraces.com\/index.php?rest_route=%2Fwp%2Fv2%2Ftags&post=24517"}],"curies":[{"name":"wp","href":"https:\/\/api.w.org\/{rel}","templated":true}]}}