{"id":24515,"date":"2025-04-25T17:12:22","date_gmt":"2025-04-25T21:12:22","guid":{"rendered":"https:\/\/noticiasveraces.com\/?p=24515"},"modified":"2025-04-25T17:12:22","modified_gmt":"2025-04-25T21:12:22","slug":"asi-podria-funcionar-el-tribunal-putin-dw-25-04-2025","status":"publish","type":"post","link":"https:\/\/noticiasveraces.com\/?p=24515","title":{"rendered":"As\u00ed podr\u00eda funcionar el \u00abTribunal Putin\u00bb \u2013 DW \u2013 25\/04\/2025"},"content":{"rendered":"<p> \n<\/p>\n<div>\n<p>\u00bfTendr\u00e1 Rusia que rendir cuentas alguna vez por sus cr\u00edmenes en Ucrania? Ya hay planes para crear un tribunal especial, pero a\u00fan no se ha decidido nada en t\u00e9rminos pol\u00edticos. Detalles del tribunal, que tendr\u00e1 su sede en el Consejo de Europa, a\u00fan son secretos. Lo que es seguro es que Vladimir Putin no puede ser procesado mientras sea presidente, pues los jefes de Estado gozan de inmunidad. Sin embargo, extraoficialmente se le conoce como \u00abTribunal Putin\u00bb, porque en la jurisprudencia internacional, el m\u00e1s alto mando de un pa\u00eds es considerado responsable de una agresi\u00f3n contra otro Estado.<\/p>\n<p>El tribunal podr\u00eda ya investigar a los dirigentes rusos y posiblemente a los bielorrusos, dice J\u00f6rg Polakiewicz, jefe del Departamento de Asesoramiento Jur\u00eddico y Derecho Internacional del Consejo de Europa. Empero, el Consejo de Europa no tiene las mismas atribuciones que el Consejo de Seguridad de la ONU, que puede levantar la inmunidad de los tres funcionarios de mayor rango de un pa\u00eds: el presidente, el primer ministro y el ministro de Asuntos Exteriores.<\/p>\n<p>\u00abEl Tribunal Especial no juzgar\u00e1 a Putin en ausencia mientras sea presidente de Rusia\u00bb, confirm\u00f3 un representante de la Uni\u00f3n Europea (UE) en Bruselas. Lo mismo aplica para el primer ministro, Mijail Mishustin, y el ministro de Exteriores, Serguei Lavrov. \u00abEsto es, por supuesto, absurdo\u00bb, critica Oleksandra Matwijtschuk, directora del Centro para las Libertades Civiles, quien espera que el tribunal sea capaz de castigar a los responsables de los cr\u00edmenes. Ella y sus colegas llevan once a\u00f1os reuniendo evidencias, desde que comenz\u00f3 la agresi\u00f3n rusa en el este de Ucrania.<\/p>\n<h2>\u00bfQui\u00e9n puede ser investigado?<\/h2>\n<p>Tambi\u00e9n se est\u00e1n llevando a cabo investigaciones contra unas dos docenas de funcionarios rusos que figuraban en una lista elaborada por Ucrania, seg\u00fan una fuente que pidi\u00f3 permanecer en el anonimato. En consecuencia, el tribunal se centrar\u00e1 en los altos funcionarios pol\u00edticos y militares responsables de la planificaci\u00f3n y ejecuci\u00f3n de la agresi\u00f3n.<\/p>\n<p>Matwijtschuk recuerda que los juicios de N\u00faremberg contra la Alemania nazi no se limitaron a los principales dirigentes del r\u00e9gimen. \u00abEstaba claro que no solo tres personas eran responsables de los cr\u00edmenes\u00bb, dice. En lo que respecta al \u00abTribunal Putin\u00bb, todav\u00eda falta determinar qui\u00e9nes componen el c\u00edrculo de toma de decisiones en Rusia.<\/p>\n<figure class=\"placeholder-image master_landscape big\"><img data-format=\"MASTER_LANDSCAPE\" data-id=\"66002404\" data-url=\"https:\/\/static.dw.com\/image\/66002404_${formatId}.jpg\" data-aspect-ratio=\"16\/9\" alt=\"Ucrania y organizaciones internacionales han investigado los cr\u00edmenes rusos desde 2014.\" style=\"padding-bottom: 56.25%; height: 0; max-height: 0;\"\/><figcaption class=\"img-caption\">Ucrania y organizaciones internacionales han investigado los cr\u00edmenes rusos desde 2014.<small class=\"copyright\">Imagen: imago images\/NurPhoto<\/small><\/figcaption><\/figure>\n<p>Gleb Bogush, del Instituto de Derecho Internacional de la Paz y la Seguridad de la Universidad de Colonia, en Alemania, cree que probablemente hay unas veinte personas implicadas. \u00abEl tribunal deber\u00eda aclarar eso\u00bb, enfatiza.<\/p>\n<h2>Cr\u00edticas al Tribunal Especial<\/h2>\n<p>Bogush cree que los creadores del tribunal han reconocido en la\u00a0pr\u00e1ctica los privilegios que tiene Putin y han confirmado as\u00ed su tesis de que es intocable. Tambi\u00e9n critica al Consejo de Europa por no declarar a Putin presidente ileg\u00edtimo. La decisi\u00f3n de concederle inmunidad es una se\u00f1al peligrosa que podr\u00eda interpretarse como una invitaci\u00f3n a ignorar las \u00f3rdenes de la Corte Penal Internacional (CPI), que emiti\u00f3 una orden de arresto contra Putin.<\/p>\n<p>Sin embargo, el Consejo de Europa considera que \u00abla f\u00f3rmula encontrada para el tribunal ser\u00e1 suficiente para garantizar la rendici\u00f3n de cuentas y combatir la impunidad\u00bb. La inmunidad personal no es, en modo alguno, una \u00ablicencia para la impunidad\u00bb, dijo la entidad a DW. La pregunta que queda es qu\u00e9 per\u00edodo considerar\u00e1 el tribunal. \u00abLa guerra no empez\u00f3 en febrero de 2022, sino en febrero de 2014\u00bb, subraya Matwijtschuk. Ella teme que la anexi\u00f3n ilegal de Crimea y la guerra en el este de Ucrania pasen inadvertidas, lo que tendr\u00eda consecuencias jur\u00eddicas para quienes sufrieron en esos ocho a\u00f1os previos a la invasi\u00f3n a gran escala, as\u00ed como para el restablecimiento del derecho internacional y la devoluci\u00f3n de los territorios ucranianos ocupados.<\/p>\n<p>El tribunal se ubic\u00f3 en el Consejo de Europa porque la ONU no fue considerado el sitio id\u00f3neo, debido a que all\u00ed, en \u00faltimo t\u00e9rmino, Rusia podr\u00eda bloquear un proyecto de ese tipo en el Consejo de Seguridad. La CPI tampoco fue considerada debido a que su jurisdicci\u00f3n se extiende solo a los pa\u00edses firmantes del Estatuto de Roma, y Rusia no se encuentra entre ellos.<\/p>\n<p>Si bien Rusia fue expulsada del Consejo de Europa debido a su ataque contra Ucrania, los expertos estiman que el hecho de que agresor y agredido formaran parte de la entidad al comienzo del conflicto le otorga la suficiente legitimidad.<\/p>\n<p><span data-slot-id=\"Article_InContent-1\" class=\"rich-text-ad\"\/><\/p>\n<h2>Los pr\u00f3ximos pasos est\u00e1n en manos de los pol\u00edticos<\/h2>\n<p>El plan para el tribunal debe ahora ser examinado por los pol\u00edticos, lo que marca el inicio de un per\u00edodo de incertidumbre, pues todo indica que Estados Unidos, bajo el mandato de Donald Trump, no apoyar\u00e1 ni pol\u00edtica ni financieramente la propuesta. Hungr\u00eda tambi\u00e9n est\u00e1 en contra, y no hay claridad sobre la postura que tomar\u00e1n Azerbaiy\u00e1n, Turqu\u00eda y Serbia, pa\u00edses que mantienen estrechas relaciones con Rusia.<\/p>\n<p>Una decisi\u00f3n final requerir\u00e1 una mayor\u00eda de dos tercios del Consejo de Europa. Los parlamentos de los Estados miembro\u00a0tendr\u00edan entonces que ratificar la decisi\u00f3n, lo que podr\u00eda llevar meses. Bogush advierte que ciertos sectores pol\u00edticos en distintos pa\u00edses podr\u00edan ver la instauraci\u00f3n del tribunal como una escalada del conflicto o como un paso que podr\u00eda dificultar eventuales negociaciones, lo que podr\u00eda \u00abretrasar significativamente\u00a0o incluso enterrar por completo\u00a0el proceso\u00bb.<\/p>\n<p>(bebidas)<\/p>\n<\/p>\n<\/div>\n\n","protected":false},"excerpt":{"rendered":"<p>\u00bfTendr\u00e1 Rusia que rendir cuentas alguna vez por sus cr\u00edmenes en Ucrania? Ya hay planes para crear un tribunal especial, pero a\u00fan no se ha decidido nada en t\u00e9rminos pol\u00edticos. Detalles del tribunal, que tendr\u00e1 su sede en el Consejo de Europa, a\u00fan son secretos. Lo que es seguro es que Vladimir Putin no puede &hellip;<\/p>\n","protected":false},"author":1,"featured_media":24516,"comment_status":"open","ping_status":"open","sticky":false,"template":"","format":"standard","meta":{"fifu_image_url":"https:\/\/static.dw.com\/image\/72307380_6.jpg","fifu_image_alt":"","footnotes":""},"categories":[13],"tags":[],"class_list":["post-24515","post","type-post","status-publish","format-standard","has-post-thumbnail","","category-mundo"],"_links":{"self":[{"href":"https:\/\/noticiasveraces.com\/index.php?rest_route=\/wp\/v2\/posts\/24515","targetHints":{"allow":["GET"]}}],"collection":[{"href":"https:\/\/noticiasveraces.com\/index.php?rest_route=\/wp\/v2\/posts"}],"about":[{"href":"https:\/\/noticiasveraces.com\/index.php?rest_route=\/wp\/v2\/types\/post"}],"author":[{"embeddable":true,"href":"https:\/\/noticiasveraces.com\/index.php?rest_route=\/wp\/v2\/users\/1"}],"replies":[{"embeddable":true,"href":"https:\/\/noticiasveraces.com\/index.php?rest_route=%2Fwp%2Fv2%2Fcomments&post=24515"}],"version-history":[{"count":0,"href":"https:\/\/noticiasveraces.com\/index.php?rest_route=\/wp\/v2\/posts\/24515\/revisions"}],"wp:featuredmedia":[{"embeddable":true,"href":"https:\/\/noticiasveraces.com\/index.php?rest_route=\/wp\/v2\/media\/24516"}],"wp:attachment":[{"href":"https:\/\/noticiasveraces.com\/index.php?rest_route=%2Fwp%2Fv2%2Fmedia&parent=24515"}],"wp:term":[{"taxonomy":"category","embeddable":true,"href":"https:\/\/noticiasveraces.com\/index.php?rest_route=%2Fwp%2Fv2%2Fcategories&post=24515"},{"taxonomy":"post_tag","embeddable":true,"href":"https:\/\/noticiasveraces.com\/index.php?rest_route=%2Fwp%2Fv2%2Ftags&post=24515"}],"curies":[{"name":"wp","href":"https:\/\/api.w.org\/{rel}","templated":true}]}}