{"id":24475,"date":"2025-04-25T12:07:14","date_gmt":"2025-04-25T16:07:14","guid":{"rendered":"https:\/\/noticiasveraces.com\/?p=24475"},"modified":"2025-04-25T12:07:14","modified_gmt":"2025-04-25T16:07:14","slug":"detienen-a-madre-por-vender-a-su-hija-recien-nacida-dw-25-04-2025","status":"publish","type":"post","link":"https:\/\/noticiasveraces.com\/?p=24475","title":{"rendered":"detienen a madre por vender a su hija reci\u00e9n nacida \u2013 DW \u2013 25\/04\/2025"},"content":{"rendered":"<p> \n<\/p>\n<div>\n<p>La polic\u00eda espa\u00f1ola inform\u00f3 este viernes (25.04.2025) de la detenci\u00f3n de una mujer que presuntamente vendi\u00f3 a su beb\u00e9 reci\u00e9n nacida por 2.000 euros (2.300 d\u00f3lares) a una pareja con problemas de fertilidad.<\/p>\n<p>Los agentes detuvieron el mes pasado a la mujer, de 37 a\u00f1os, en M\u00f3stoles, un suburbio del sur de Madrid, seg\u00fan un comunicado policial. La pareja sospechosa de comprar al beb\u00e9 y dos familiares suyos fueron detenidos en la ciudad de C\u00f3rdoba, en el sur.<\/p>\n<h2>Alega secuestro<\/h2>\n<p>Una investigaci\u00f3n preliminar concluy\u00f3 que la madre alcanz\u00f3 un acuerdo econ\u00f3mico para vender a su hija a la pareja por 2.000 euros, pero que luego \u00abse arrepinti\u00f3\u00bb y pidi\u00f3 que se la devolvieran, seg\u00fan el comunicado policial.<\/p>\n<p>La pareja se neg\u00f3 a devolver a la beb\u00e9 a menos que la madre biol\u00f3gica les devolviera los 2.000 euros que hab\u00edan pagado, m\u00e1s otros 1.000 euros por lo que cost\u00f3 tenerla en C\u00f3rdoba con ellos un mes antes de dar a luz.<\/p>\n<p>La polic\u00eda explic\u00f3 que comenz\u00f3 a investigar despu\u00e9s de que la mujer presentara una denuncia alegando que una familia de C\u00f3rdoba hab\u00eda \u00absecuestrado\u00bb a su beb\u00e9 reci\u00e9n nacida.<\/p>\n<p>El beb\u00e9 ha sido entregado a un centro de protecci\u00f3n infantil de C\u00f3rdoba. Las autoridades hab\u00edan retirado en 2022 la custodia de los otros seis hijos de la mujer, acus\u00e1ndola de negligencia, seg\u00fan la polic\u00eda.<\/p>\n<p>ee (afp, el pa\u00eds)<\/p>\n<\/div>\n\n","protected":false},"excerpt":{"rendered":"<p>La polic\u00eda espa\u00f1ola inform\u00f3 este viernes (25.04.2025) de la detenci\u00f3n de una mujer que presuntamente vendi\u00f3 a su beb\u00e9 reci\u00e9n nacida por 2.000 euros (2.300 d\u00f3lares) a una pareja con problemas de fertilidad. Los agentes detuvieron el mes pasado a la mujer, de 37 a\u00f1os, en M\u00f3stoles, un suburbio del sur de Madrid, seg\u00fan un &hellip;<\/p>\n","protected":false},"author":1,"featured_media":24476,"comment_status":"open","ping_status":"open","sticky":false,"template":"","format":"standard","meta":{"fifu_image_url":"https:\/\/static.dw.com\/image\/72356538_6.jpg","fifu_image_alt":"","footnotes":""},"categories":[13],"tags":[],"class_list":["post-24475","post","type-post","status-publish","format-standard","has-post-thumbnail","","category-mundo"],"_links":{"self":[{"href":"https:\/\/noticiasveraces.com\/index.php?rest_route=\/wp\/v2\/posts\/24475","targetHints":{"allow":["GET"]}}],"collection":[{"href":"https:\/\/noticiasveraces.com\/index.php?rest_route=\/wp\/v2\/posts"}],"about":[{"href":"https:\/\/noticiasveraces.com\/index.php?rest_route=\/wp\/v2\/types\/post"}],"author":[{"embeddable":true,"href":"https:\/\/noticiasveraces.com\/index.php?rest_route=\/wp\/v2\/users\/1"}],"replies":[{"embeddable":true,"href":"https:\/\/noticiasveraces.com\/index.php?rest_route=%2Fwp%2Fv2%2Fcomments&post=24475"}],"version-history":[{"count":0,"href":"https:\/\/noticiasveraces.com\/index.php?rest_route=\/wp\/v2\/posts\/24475\/revisions"}],"wp:featuredmedia":[{"embeddable":true,"href":"https:\/\/noticiasveraces.com\/index.php?rest_route=\/wp\/v2\/media\/24476"}],"wp:attachment":[{"href":"https:\/\/noticiasveraces.com\/index.php?rest_route=%2Fwp%2Fv2%2Fmedia&parent=24475"}],"wp:term":[{"taxonomy":"category","embeddable":true,"href":"https:\/\/noticiasveraces.com\/index.php?rest_route=%2Fwp%2Fv2%2Fcategories&post=24475"},{"taxonomy":"post_tag","embeddable":true,"href":"https:\/\/noticiasveraces.com\/index.php?rest_route=%2Fwp%2Fv2%2Ftags&post=24475"}],"curies":[{"name":"wp","href":"https:\/\/api.w.org\/{rel}","templated":true}]}}