{"id":24473,"date":"2025-04-25T11:06:21","date_gmt":"2025-04-25T15:06:21","guid":{"rendered":"https:\/\/noticiasveraces.com\/?p=24473"},"modified":"2025-04-25T11:06:21","modified_gmt":"2025-04-25T15:06:21","slug":"el-papa-ha-tendido-puentes-donde-antes-habia-trincheras-dw-25-04-2025","status":"publish","type":"post","link":"https:\/\/noticiasveraces.com\/?p=24473","title":{"rendered":"\u00abEl Papa ha tendido puentes donde antes hab\u00eda trincheras\u00bb \u2013 DW \u2013 25\/04\/2025"},"content":{"rendered":"<p> \n<\/p>\n<div>\n<p>El papa Francisco, fallecido el 21 de abril, trabaj\u00f3 hasta el final. Probablemente, el \u00faltimo hu\u00e9sped alem\u00e1n que recibi\u00f3 en el Vaticano antes de su hospitalizaci\u00f3n de 38 d\u00edas (del 14 de febrero al 23 de marzo) fue Abdassamad El Yazidi. Este hombre de 49 a\u00f1os es Presidente del Consejo Central de los Musulmanes en Alemania. El Yazidi, que participa en el di\u00e1logo interreligioso en Alemania y a escala internacional, se reuni\u00f3 con el jefe de la Iglesia cat\u00f3lica en Bahr\u00e9in (noviembre de 2022) y varias veces en el Vaticano. El Yazidi cuenta a Deutsche Welle sus recuerdos del \u00faltimo encuentro.<\/p>\n<p><em><strong>DW: Se\u00f1or El Yazidi, usted fue probablemente el \u00faltimo alem\u00e1n invitado por el papa Francisco,\u00a0el 10 de febrero. \u00bfC\u00f3mo fue el encuentro?<\/strong><\/em><\/p>\n<p>Abdassamad El Yazidi: El encuentro, que dur\u00f3 algo menos de 25 minutos, tuvo lugar como parte de una delegaci\u00f3n de AMMALE, una asociaci\u00f3n de organizaciones y personalidades musulmanas a nivel europeo, de la que soy vicepresidente y comisario para el Di\u00e1logo Interreligioso.<\/p>\n<p>Fue un di\u00e1logo intenso y rico en contenido con el papa Francisco. Hablamos de la necesidad de profundizar en el di\u00e1logo cristiano-musulm\u00e1n a nivel institucional. En este contexto, tambi\u00e9n se sugiri\u00f3 la idea de organizar una conferencia anual de di\u00e1logo en cooperaci\u00f3n entre el Vaticano y las organizaciones musulmanas europeas.<\/p>\n<p><em><strong>Ese d\u00eda Francisco ya estaba con la salud deteriorada. \u00bfLo notaba?<\/strong><\/em><\/p>\n<p>S\u00ed, su debilidad f\u00edsica era evidente. Estaba visiblemente agotado, respiraba con dificultad y hablaba en voz baja, pero mentalmente estaba completamente presente. Cuando le di las gracias por participar en la conversaci\u00f3n a pesar de su mal estado de salud, me respondi\u00f3 con una sonrisa: \u00abHierba mala, nunca muere\u00bb.<\/p>\n<p>Luego me pidi\u00f3 con gran seriedad: \u00ab\u00a1Reza por m\u00ed!\u00bb\u00a0Estas palabras se grabaron profundamente en mi coraz\u00f3n. En aquel momento, no pens\u00e9 que ser\u00eda mi \u00faltimo encuentro con esta gran personalidad. Fue un encuentro lleno de calidez, humor y profundidad espiritual.<\/p>\n<p><em><strong>Usted se reuni\u00f3\u00a0con \u00e9l cuatro o cinco veces en total. \u00bfC\u00f3mo habl\u00f3\u00a0con el Papa, c\u00f3mo le habl\u00f3 \u00e9l?<\/strong><\/em><\/p>\n<p>En cada encuentro, el papa Francisco se mostr\u00f3 profundamente humano, accesible y nunca distante. Ten\u00eda el don de encontrarse con la gente a la misma altura, independientemente de su religi\u00f3n u origen. Nuestras conversaciones eran abiertas, personales y siempre se caracterizaban por un mensaje compartido de respeto mutuo y coexistencia pac\u00edfica.<\/p>\n<figure class=\"placeholder-image master_landscape big\"><img data-format=\"MASTER_LANDSCAPE\" data-id=\"72328615\" data-url=\"https:\/\/static.dw.com\/image\/72328615_${formatId}.jpg\" data-aspect-ratio=\"16\/9\" alt=\"Papa Francisco saluda al l\u00edder musulm\u00e1n El Yazidi.\" style=\"padding-bottom: 56.25%; height: 0; max-height: 0;\"\/><figcaption class=\"img-caption\">Un encuentro anterior entre Abdassamad El Yazidi y el papa Francisco en el Vaticano.<small class=\"copyright\">Imagen: Privat<\/small><\/figcaption><\/figure>\n<p>En sus conversaciones, a menudo nos recordaba nuestra especial responsabilidad y la funci\u00f3n de modelo que desempe\u00f1an los dignatarios espirituales. Nunca olvidar\u00e9 su modestia y su fuerza interior.<\/p>\n<p><em><strong>\u00bfEs enga\u00f1osa la impresi\u00f3n, o Francisco se reuni\u00f3 con delegaciones musulmanas m\u00e1s a menudo de lo que se reconoce p\u00fablicamente?<\/strong><\/em><\/p>\n<p>No, la impresi\u00f3n no es enga\u00f1osa. De hecho, mantuvo encuentros regulares y a menudo discretos con delegaciones musulmanas. Para \u00e9l, el di\u00e1logo interreligioso no era un gesto simb\u00f3lico, sino una expresi\u00f3n de su profunda convicci\u00f3n de\u00a0la responsabilidad compartida de las religiones por la paz. Muchos de estos encuentros tuvieron lugar lejos de los focos medi\u00e1ticos, y ah\u00ed radicaba precisamente su autenticidad.<\/p>\n<p><em><strong>\u00bfC\u00f3mo cree que ha cambiado el di\u00e1logo entre musulmanes y cat\u00f3licos a ra\u00edz de los a\u00f1os de Francisco?<\/strong><\/em><\/p>\n<p>Se ha profundizado a largo plazo. El papa Francisco ha tendido puentes donde antes hab\u00eda trincheras. La \u00abDeclaraci\u00f3n conjunta sobre la fraternidad de todos los pueblos\u00bb\u00a0firmada en 2019 con el Gran Im\u00e1n de Al-Azhar (N.d.l.R.: Universidad de El Cairo) fue un punto de inflexi\u00f3n en la historia del di\u00e1logo interreligioso, no solo simb\u00f3lica, sino tambi\u00e9n institucionalmente.<\/p>\n<p>En febrero de 2022, en el aniversario de la firma de este documento hist\u00f3rico, nosotros -yo era entonces portavoz del Consejo de Coordinaci\u00f3n de los Musulmanes en Alemania- junto con la Conferencia Episcopal Alemana, dirigida por el obispo Bertram Meier, dedicamos nuestra cumbre central \u00edntegramente a este documento.<\/p>\n<p>Un a\u00f1o despu\u00e9s, el obispo Meier y yo viajamos a Abu Dhabi para el aniversario de la firma. Entre otras cosas, el obispo Meier dirigi\u00f3 un servicio cat\u00f3lico en la metr\u00f3poli \u00e1rabe, al que asistieron m\u00e1s de 3.000 creyentes.<\/p>\n<p><em>Abdassamad El Yazidi (49) es Presidente del Consejo Central de los Musulmanes en Alemania (ZMD) desde febrero de 2025. Anteriormente fue Secretario General del ZMD durante varios a\u00f1os. El Yazidi lleva muchos a\u00f1os implicado en el di\u00e1logo interreligioso. Nacido en Hesse, hace hincapi\u00e9 en el anclaje de los musulmanes en la sociedad alemana.<\/em><\/p>\n<p>(MD\/ER)<\/p>\n<\/div>\n\n","protected":false},"excerpt":{"rendered":"<p>El papa Francisco, fallecido el 21 de abril, trabaj\u00f3 hasta el final. Probablemente, el \u00faltimo hu\u00e9sped alem\u00e1n que recibi\u00f3 en el Vaticano antes de su hospitalizaci\u00f3n de 38 d\u00edas (del 14 de febrero al 23 de marzo) fue Abdassamad El Yazidi. Este hombre de 49 a\u00f1os es Presidente del Consejo Central de los Musulmanes en &hellip;<\/p>\n","protected":false},"author":1,"featured_media":24474,"comment_status":"open","ping_status":"open","sticky":false,"template":"","format":"standard","meta":{"fifu_image_url":"https:\/\/static.dw.com\/image\/72328562_6.jpg","fifu_image_alt":"","footnotes":""},"categories":[13],"tags":[],"class_list":["post-24473","post","type-post","status-publish","format-standard","has-post-thumbnail","","category-mundo"],"_links":{"self":[{"href":"https:\/\/noticiasveraces.com\/index.php?rest_route=\/wp\/v2\/posts\/24473","targetHints":{"allow":["GET"]}}],"collection":[{"href":"https:\/\/noticiasveraces.com\/index.php?rest_route=\/wp\/v2\/posts"}],"about":[{"href":"https:\/\/noticiasveraces.com\/index.php?rest_route=\/wp\/v2\/types\/post"}],"author":[{"embeddable":true,"href":"https:\/\/noticiasveraces.com\/index.php?rest_route=\/wp\/v2\/users\/1"}],"replies":[{"embeddable":true,"href":"https:\/\/noticiasveraces.com\/index.php?rest_route=%2Fwp%2Fv2%2Fcomments&post=24473"}],"version-history":[{"count":0,"href":"https:\/\/noticiasveraces.com\/index.php?rest_route=\/wp\/v2\/posts\/24473\/revisions"}],"wp:featuredmedia":[{"embeddable":true,"href":"https:\/\/noticiasveraces.com\/index.php?rest_route=\/wp\/v2\/media\/24474"}],"wp:attachment":[{"href":"https:\/\/noticiasveraces.com\/index.php?rest_route=%2Fwp%2Fv2%2Fmedia&parent=24473"}],"wp:term":[{"taxonomy":"category","embeddable":true,"href":"https:\/\/noticiasveraces.com\/index.php?rest_route=%2Fwp%2Fv2%2Fcategories&post=24473"},{"taxonomy":"post_tag","embeddable":true,"href":"https:\/\/noticiasveraces.com\/index.php?rest_route=%2Fwp%2Fv2%2Ftags&post=24473"}],"curies":[{"name":"wp","href":"https:\/\/api.w.org\/{rel}","templated":true}]}}