{"id":24468,"date":"2025-04-25T09:56:19","date_gmt":"2025-04-25T13:56:19","guid":{"rendered":"https:\/\/noticiasveraces.com\/?p=24468"},"modified":"2025-04-25T09:56:19","modified_gmt":"2025-04-25T13:56:19","slug":"memes-nacional-perdio-en-copa-libertadores-y-es-tendencia-en-redes","status":"publish","type":"post","link":"https:\/\/noticiasveraces.com\/?p=24468","title":{"rendered":"Memes: Nacional perdi\u00f3 en Copa Libertadores y es tendencia en redes"},"content":{"rendered":"<p> \n<br \/><img decoding=\"async\" src=\"https:\/\/www.futbolred.com\/files\/article_graphic\/uploads\/2025\/04\/24\/680af4ebda59f.jpeg\" \/><\/p>\n<header>\n<h3>\n<p>                Curiosidades de f\u00fatbol<br \/>\n            <\/h3>\n<h1>\n<p>            Memes: Nacional perdi\u00f3 en Copa Libertadores y es tendencia en redes<br \/>\n        <\/h1>\n<address>\n            <a>Juan Pablo Ar\u00e9valo<br \/>\n        <\/address>\n<p>            25 de abril 2025 , 06:18 a.\u00a0m.<\/p>\n<\/header>\n<p>Javier Gandolfi es el apuntado de la afici\u00f3n verdolaga. Otros disfrutaron con derrota y \u00bfrobo?<\/p>\n\n","protected":false},"excerpt":{"rendered":"<p>Curiosidades de f\u00fatbol Memes: Nacional perdi\u00f3 en Copa Libertadores y es tendencia en redes Juan Pablo Ar\u00e9valo 25 de abril 2025 , 06:18 a.\u00a0m. Javier Gandolfi es el apuntado de la afici\u00f3n verdolaga. Otros disfrutaron con derrota y \u00bfrobo?<\/p>\n","protected":false},"author":1,"featured_media":24470,"comment_status":"open","ping_status":"open","sticky":false,"template":"","format":"standard","meta":{"fifu_image_url":"https:\/\/www.futbolred.com\/files\/og_thumbnail\/uploads\/2025\/04\/24\/680af4ebda59f.jpeg","fifu_image_alt":"","footnotes":""},"categories":[6],"tags":[],"class_list":["post-24468","post","type-post","status-publish","format-standard","has-post-thumbnail","","category-deportes"],"_links":{"self":[{"href":"https:\/\/noticiasveraces.com\/index.php?rest_route=\/wp\/v2\/posts\/24468","targetHints":{"allow":["GET"]}}],"collection":[{"href":"https:\/\/noticiasveraces.com\/index.php?rest_route=\/wp\/v2\/posts"}],"about":[{"href":"https:\/\/noticiasveraces.com\/index.php?rest_route=\/wp\/v2\/types\/post"}],"author":[{"embeddable":true,"href":"https:\/\/noticiasveraces.com\/index.php?rest_route=\/wp\/v2\/users\/1"}],"replies":[{"embeddable":true,"href":"https:\/\/noticiasveraces.com\/index.php?rest_route=%2Fwp%2Fv2%2Fcomments&post=24468"}],"version-history":[{"count":0,"href":"https:\/\/noticiasveraces.com\/index.php?rest_route=\/wp\/v2\/posts\/24468\/revisions"}],"wp:featuredmedia":[{"embeddable":true,"href":"https:\/\/noticiasveraces.com\/index.php?rest_route=\/wp\/v2\/media\/24470"}],"wp:attachment":[{"href":"https:\/\/noticiasveraces.com\/index.php?rest_route=%2Fwp%2Fv2%2Fmedia&parent=24468"}],"wp:term":[{"taxonomy":"category","embeddable":true,"href":"https:\/\/noticiasveraces.com\/index.php?rest_route=%2Fwp%2Fv2%2Fcategories&post=24468"},{"taxonomy":"post_tag","embeddable":true,"href":"https:\/\/noticiasveraces.com\/index.php?rest_route=%2Fwp%2Fv2%2Ftags&post=24468"}],"curies":[{"name":"wp","href":"https:\/\/api.w.org\/{rel}","templated":true}]}}