{"id":24444,"date":"2025-04-25T06:33:17","date_gmt":"2025-04-25T10:33:17","guid":{"rendered":"https:\/\/noticiasveraces.com\/?p=24444"},"modified":"2025-04-25T06:33:17","modified_gmt":"2025-04-25T10:33:17","slug":"bono-dijo-que-1981-classic-es-su-cancion-favorita-de-todos-los-tiempos-musica-entretenimiento","status":"publish","type":"post","link":"https:\/\/noticiasveraces.com\/?p=24444","title":{"rendered":"Bono dijo que 1981 Classic es su canci\u00f3n favorita de todos los tiempos | M\u00fasica | Entretenimiento"},"content":{"rendered":"<p> \n<\/p>\n<div>\n<p>Si Bono, la cara de la galardonada banda ic\u00f3nica irlandesa U2, estaba varado en una isla del desierto, dijo que llevar\u00eda con \u00e9l una canci\u00f3n de 1981 que \u00absimplemente me conecta con lo eterno\u00bb.<\/p>\n<p>Durante su revelante aparici\u00f3n de 2022 en los discos de la isla Desert de la BBC Radio 4, el programa en el que los invitados eligen sus ocho canciones favoritas, el rockero llamado una canci\u00f3n de Bob Dylan, no uno de los himnos de protesta famosos, no las que gritan a trav\u00e9s de los altavoces en Rallies, sino una bola tranquila y espiritual como su favorita final.<\/p>\n<p>&#8216;Cada grano de arena&#8217; se registr\u00f3 durante uno de los per\u00edodos m\u00e1s controvertidos y menos exitosos de Dylan: su era cristiana nacida de nuevo. Lanzado en SHOT of Love, &#8216;Every Grain of Sand&#8217; defiende marcado contraste con el evangelismo de Fire and Brimstone del resto del \u00e1lbum. En cambio, es una reflexi\u00f3n meditativa, casi susurrada, sobre la mortalidad, el fracaso y la b\u00fasqueda de gracia.<\/p>\n<p>En el episodio, Bono record\u00f3 caminar a Piccadilly ese d\u00eda, pasando una peque\u00f1a iglesia dise\u00f1ada por Christopher Wren y haber visto una placa se\u00f1alando que William Blake fue bautizado all\u00ed.<\/p>\n<p>Bono hizo la conexi\u00f3n al instante: las palabras de Blake, \u00abver un mundo en un grano de arena &#8230;\u00bb, debe haber resonado en la mente de Dylan mientras escrib\u00eda la canci\u00f3n. \u00abEsto debe haber sido, en Bob Dylan, al fondo de su mente\u00bb, dijo.<\/p>\n<\/div>\n<div>\n<p>Bono no est\u00e1 solo para reconocer su poder. El bi\u00f3grafo de Dylan, Clinton Heylin, lo llam\u00f3 \u00abuna de sus canciones m\u00e1s intensamente personales, tambi\u00e9n sigue siendo una de las m\u00e1s universales\u00bb e incluso el propio Dylan lo mantuvo en alta estima, lo incluy\u00f3 con frecuencia en sus sets en vivo durante los a\u00f1os 80 y nuevamente en el. principios de la d\u00e9cada de 2000.<\/p>\n<p>&#8216;Cada grano de arena&#8217; se ha convertido desde entonces como un favorito de culto, una joya espiritual oculta enterrada en el cat\u00e1logo expansivo de Dylan. Para hacerlo, Dylan hab\u00eda estado leyendo las obras del te\u00f3logo Hal Lindsey en ese momento y se estaba reflejando profundamente en el pecado y la redenci\u00f3n.<\/p>\n<p>Desde entonces, nunca se convirti\u00f3 en un \u00e9xito en las listas, pero ha crecido constantemente en reputaci\u00f3n, apareciendo con frecuencia en listas cr\u00edticas de los mejores cortes profundos de Dylan. Rolling Stone lo incluy\u00f3 en su ranking de sus 100 mejores canciones, mientras que los fan\u00e1ticos han intercambiado historias de c\u00f3mo la canci\u00f3n ofreci\u00f3 consuelo durante la p\u00e9rdida o direcci\u00f3n en momentos de duda.<\/p>\n<p>\u00abEstamos en una isla\u00bb, dijo Bono durante el programa. \u00abY esta canci\u00f3n, esta misma canci\u00f3n, simplemente me ancla a algo m\u00e1s grande\u00bb.<\/p>\n<p>En sus ocho pistas seleccionadas, el l\u00edder de U2 ofreci\u00f3 vislumbres en su viaje musical. &#8216;Show Me the Way&#8217; de Peter Frampton llev\u00f3 a Bono directamente a su gimnasio de la escuela secundaria: \u00abWe Were Mierd\u00bb admiti\u00f3, recordando sus primeros intentos de cantar m\u00fasica rock. \u00abUn adolescente convirti\u00f3 esta canci\u00f3n en una oraci\u00f3n\u00bb.<\/p>\n<\/div>\n<div>\n<p>Emeli Sand\u00e9 y &#8216;Abide With Me&#8217; del coro de Fron fueron un exmaple del amor de Bono por los coros: \u00abMe encantan los himnos anglicanos, ya sabes, solo lo hago. Y me encanta el canto coral. [&#8230;] Y [Emily Sant\u00e9] es un talento sagrado \u00ab.<\/p>\n<p>&#8216;Dead in the Water&#8217; de Noel Gallagher puede no parecer el tipo de canci\u00f3n que uno querr\u00eda llevar a una isla des\u00e9rtica, por razones obvias, pero aunque Bono admiti\u00f3 que la elecci\u00f3n ser\u00eda \u00abun poco sombr\u00edo\u00bb, agreg\u00f3: \u00abHay cierto desaf\u00edo en la canci\u00f3n, y el desaf\u00edo es la esencia del romance\u00bb.<\/p>\n<p>El &#8216;helado Sundae&#8217; de Inhaler, de la banda de su hijo Elijah, tambi\u00e9n hizo la lista. \u00abSon muy buenos. Mi hijo es el cantante. Esta es, creo, la primera canci\u00f3n que escribi\u00f3, y tiene esta l\u00ednea de apertura loca\u00bb.<\/p>\n<p>&#8216;Agolo&#8217; de Ang\u00e9lique Kidjo fue elegido por su alegr\u00eda sin filtro. \u00abCreo que Joy es uno de los elementos clave de la m\u00fasica que me mantiene all\u00ed. Sabes, es casi imposible de inventar. Feliz, no puedes inventar. La melancol\u00eda es f\u00e1cil para los artistas. Incluso la ira es algo f\u00e1cil en cierto modo. Pero alegr\u00eda, no puedes inventar\u00bb.<\/p>\n<p>&#8216;La Traviata de Verdi &#8211; Preludio al Acto 1&#8217; toc\u00f3 una nota m\u00e1s personal. El difunto padre de Bono, Bob, amaba la \u00f3pera, especialmente Verdi. \u00abEste sol\u00eda llevar a mi padre a donde fuera\u00bb, comparti\u00f3 Bono. La \u00f3pera, explic\u00f3, se trata en parte de una historia de amor pero tambi\u00e9n de un hijo y un padre.<\/p>\n<p>Y finalmente, las mentes simples \u00abalguien en alg\u00fan lugar del verano\u00bb, que Bono describi\u00f3 como un faro de esperanza: \u00abMuy pocas personas pueden tener un sonido. Y creo que en U2, hemos llegado a tener ciertos colores del espectro que poseemos o ciertos sentimientos que creo que son nuestros\u00bb, dijo. \u00abAlgunos de ellos son de mentes simples. Aprendimos de ellas\u00bb.<\/p>\n<\/div>\n\n","protected":false},"excerpt":{"rendered":"<p>Si Bono, la cara de la galardonada banda ic\u00f3nica irlandesa U2, estaba varado en una isla del desierto, dijo que llevar\u00eda con \u00e9l una canci\u00f3n de 1981 que \u00absimplemente me conecta con lo eterno\u00bb. Durante su revelante aparici\u00f3n de 2022 en los discos de la isla Desert de la BBC Radio 4, el programa en &hellip;<\/p>\n","protected":false},"author":1,"featured_media":24445,"comment_status":"open","ping_status":"open","sticky":false,"template":"","format":"standard","meta":{"fifu_image_url":"https:\/\/cdn.images.express.co.uk\/img\/dynamic\/35\/1200x630\/6114499.jpg","fifu_image_alt":"","footnotes":""},"categories":[766],"tags":[],"class_list":["post-24444","post","type-post","status-publish","format-standard","has-post-thumbnail","","category-musica"],"_links":{"self":[{"href":"https:\/\/noticiasveraces.com\/index.php?rest_route=\/wp\/v2\/posts\/24444","targetHints":{"allow":["GET"]}}],"collection":[{"href":"https:\/\/noticiasveraces.com\/index.php?rest_route=\/wp\/v2\/posts"}],"about":[{"href":"https:\/\/noticiasveraces.com\/index.php?rest_route=\/wp\/v2\/types\/post"}],"author":[{"embeddable":true,"href":"https:\/\/noticiasveraces.com\/index.php?rest_route=\/wp\/v2\/users\/1"}],"replies":[{"embeddable":true,"href":"https:\/\/noticiasveraces.com\/index.php?rest_route=%2Fwp%2Fv2%2Fcomments&post=24444"}],"version-history":[{"count":0,"href":"https:\/\/noticiasveraces.com\/index.php?rest_route=\/wp\/v2\/posts\/24444\/revisions"}],"wp:featuredmedia":[{"embeddable":true,"href":"https:\/\/noticiasveraces.com\/index.php?rest_route=\/wp\/v2\/media\/24445"}],"wp:attachment":[{"href":"https:\/\/noticiasveraces.com\/index.php?rest_route=%2Fwp%2Fv2%2Fmedia&parent=24444"}],"wp:term":[{"taxonomy":"category","embeddable":true,"href":"https:\/\/noticiasveraces.com\/index.php?rest_route=%2Fwp%2Fv2%2Fcategories&post=24444"},{"taxonomy":"post_tag","embeddable":true,"href":"https:\/\/noticiasveraces.com\/index.php?rest_route=%2Fwp%2Fv2%2Ftags&post=24444"}],"curies":[{"name":"wp","href":"https:\/\/api.w.org\/{rel}","templated":true}]}}