{"id":24433,"date":"2025-04-25T03:59:28","date_gmt":"2025-04-25T07:59:28","guid":{"rendered":"https:\/\/noticiasveraces.com\/?p=24433"},"modified":"2025-04-25T03:59:28","modified_gmt":"2025-04-25T07:59:28","slug":"hansi-flick-busca-su-segundo-titulo-con-el-fc-barcelona-dw-24-04-2025","status":"publish","type":"post","link":"https:\/\/noticiasveraces.com\/?p=24433","title":{"rendered":"Hansi Flick busca su segundo t\u00edtulo con el FC Barcelona \u2013 DW \u2013 24\/04\/2025"},"content":{"rendered":"<p> \n<\/p>\n<div>\n<p>Dicen que el primero que pronunci\u00f3 la frase \u00abLas finales no se juegan, las finales se ganan\u00bb fue Alfredo di St\u00e9fano, pero quien \u00faltimamente la ha llevado a la pr\u00e1ctica es Hansi Flick, el entrenador del Barcelona, que ha ganado las seis (5 con el Bayern M\u00fanich) que ha dirigido.<\/p>\n<p>Con el FC Barcelona ha ganado la \u00fanica que ha disputado hasta el momento. Fue la final de la Supercopa de Espa\u00f1a (12 enero 2025), en la que gole\u00f3 en Yeda (Arabia Saud\u00ed) al Real Madrid por 2-5, un partido en el que su equipo jug\u00f3 desde el minuto 56 con uno menos por la expulsi\u00f3n de Szczesny en el minuto 56.<\/p>\n<p>En aquel encuentro se adelant\u00f3 el Real Madrid en el minuto 5, pero los azulgrana golpearon con cinco goles antes del descanso. Anotaron Lamine Yamal, Lewandowski, Raphinha (2 dos ocasiones) y Balde en el descuento.<\/p>\n<p>A pesar de jugar muchos minutos con uno menos, el Bar\u00e7a sali\u00f3 adelante con solvencia y sum\u00f3 su primer t\u00edtulo del curso, que es tambi\u00e9n el primero de Flick en el banquillo azulgrana.<\/p>\n<h2><strong>Hist\u00f3rico sextete con el Bayern M\u00fanich<\/strong><\/h2>\n<p>La racha de victorias en finales de Flick se abri\u00f3 en la final de la Copa alemana de 2020. Gan\u00f3 su Bayern M\u00fanich al Bayer Leverkusen (4-2) en un partido disputado en el Ol\u00edmpico de Berl\u00edn.<\/p>\n<p>Se adelantaron los muniqueses con tantos de Alaba, Gnabry y Lewandowski (0-3), descont\u00f3 el equipo de Peter Bosz con un tanto de Bender (1-3), volvi\u00f3 a anotar Lewandowski (1-4) y cerr\u00f3 el partido Havertz (2-4).<\/p>\n<figure class=\"placeholder-image master_landscape big\"><img data-format=\"MASTER_LANDSCAPE\" data-id=\"56505809\" data-url=\"https:\/\/static.dw.com\/image\/56505809_${formatId}.jpg\" data-aspect-ratio=\"16\/9\" alt=\"Montaje fotogr\u00e1fico con los seis trofeos del sextete que logr\u00ed Hansi Flick como entrenador del Bayern M\u00fanich en 2021.\" style=\"padding-bottom: 56.25%; height: 0; max-height: 0;\"\/><figcaption class=\"img-caption\">Montaje fotogr\u00e1fico con los seis trofeos alemanes e internacionales del sextete que logr\u00f3 Hansi Flick como entrenador del Bayern M\u00fanich en 2021.<small class=\"copyright\">Imagen: Frank Hoermann\/Svensimon\/Picture Alliance<\/small><\/figcaption><\/figure>\n<p>El 23 de agosto de 2020, en el estadio Da Luz de Lisboa, el Bayern de Flick consigui\u00f3 el t\u00edtulo de la Champions, en una competici\u00f3n que se disput\u00f3 bajo el formato de &#8216;Final a Ocho&#8217; en la capital portuguesa.<\/p>\n<p>En cuartos, los alemanes vapulearon al Bar\u00e7a (8-2) en uno de los peores partidos de la historia europea de los azulgranas; en semifinales se impusieron con solvencia al Olympique de Lyon (3-0) y en la final al PSG de Neymar y Mbappe, gracias a un gol de Kingsley Coman (min. 59). Era la sexta Liga de Campeones de los muniqueses.<\/p>\n<p><span data-slot-id=\"Article_InContent-1\" class=\"rich-text-ad\"\/><\/p>\n<h2><strong>Otro trofeo en Budapest<\/strong><\/h2>\n<p>La tercera final conquistada con el Bayern fue la de la Supercopa de Europa, disputada en el Puskas Arena de Budapest, el 24 de septiembre de 2020.<\/p>\n<p>El rival fue el Sevilla de Julen Lopetegui, quien se adelant\u00f3 en el marcador con un tanto de Lucas Ocampos en el minuto 13 de penalti. Leon Goretzka igual\u00f3 el partido en el 34 y se lleg\u00f3 a la pr\u00f3rroga, donde Javi Mart\u00ednez, que hab\u00eda salido desde el banquillo, anot\u00f3 el decisivo 2-1 con un remate de cabeza en el minuto 104.<\/p>\n<figure class=\"placeholder-image master_landscape big\"><img data-format=\"MASTER_LANDSCAPE\" data-id=\"70612148\" data-url=\"https:\/\/static.dw.com\/image\/70612148_${formatId}.jpg\" data-aspect-ratio=\"16\/9\" alt=\"Flick (der.) volver\u00e1 a saludar a Carlo Ancelotti, entrenador del Real Madrid, en la final de la Copa del Rey.\" style=\"padding-bottom: 56.25%; height: 0; max-height: 0;\"\/><figcaption class=\"img-caption\">Flick (der.) volver\u00e1 a saludar a Carlo Ancelotti, entrenador del Real Madrid, en la final de la Copa del Rey.<small class=\"copyright\">Imagen: Manu Reino\/Defodi Images\/Picture Alliance<\/small><\/figcaption><\/figure>\n<p>El Borussia Dortmund fue el rival del Bayern en la final de la Supercopa alemana de 2020, que se disput\u00f3 en el Allianz Arena de M\u00fanich el 30 de septiembre.<\/p>\n<p>Tolisso y M\u00fcller pusieron por delante a los locales (2-0), pero Brandt y Haaland igualaron a 2. El tanto de la victoria del Bayern fue de Joshua Kimmich en el minuto 82. Era la cuarta victoria de Flick en el banquillo en cuatro finales.<\/p>\n<p>El quinto t\u00edtulo fue el Mundial de Clubes, que se disput\u00f3 el 11 de febrero de 2021 en Ray\u00e1n (Arabia Saud\u00ed). Los de Flick ganaron por 1-0 a Tigres UANL mexicano, gracias a un tanto de Benjam\u00edn Pavard en el minuto 59.<\/p>\n<p>el(EFE)<\/p>\n<\/div>\n\n","protected":false},"excerpt":{"rendered":"<p>Dicen que el primero que pronunci\u00f3 la frase \u00abLas finales no se juegan, las finales se ganan\u00bb fue Alfredo di St\u00e9fano, pero quien \u00faltimamente la ha llevado a la pr\u00e1ctica es Hansi Flick, el entrenador del Barcelona, que ha ganado las seis (5 con el Bayern M\u00fanich) que ha dirigido. Con el FC Barcelona ha &hellip;<\/p>\n","protected":false},"author":1,"featured_media":24434,"comment_status":"open","ping_status":"open","sticky":false,"template":"","format":"standard","meta":{"fifu_image_url":"https:\/\/static.dw.com\/image\/72172131_6.jpg","fifu_image_alt":"","footnotes":""},"categories":[13],"tags":[],"class_list":["post-24433","post","type-post","status-publish","format-standard","has-post-thumbnail","","category-mundo"],"_links":{"self":[{"href":"https:\/\/noticiasveraces.com\/index.php?rest_route=\/wp\/v2\/posts\/24433","targetHints":{"allow":["GET"]}}],"collection":[{"href":"https:\/\/noticiasveraces.com\/index.php?rest_route=\/wp\/v2\/posts"}],"about":[{"href":"https:\/\/noticiasveraces.com\/index.php?rest_route=\/wp\/v2\/types\/post"}],"author":[{"embeddable":true,"href":"https:\/\/noticiasveraces.com\/index.php?rest_route=\/wp\/v2\/users\/1"}],"replies":[{"embeddable":true,"href":"https:\/\/noticiasveraces.com\/index.php?rest_route=%2Fwp%2Fv2%2Fcomments&post=24433"}],"version-history":[{"count":0,"href":"https:\/\/noticiasveraces.com\/index.php?rest_route=\/wp\/v2\/posts\/24433\/revisions"}],"wp:featuredmedia":[{"embeddable":true,"href":"https:\/\/noticiasveraces.com\/index.php?rest_route=\/wp\/v2\/media\/24434"}],"wp:attachment":[{"href":"https:\/\/noticiasveraces.com\/index.php?rest_route=%2Fwp%2Fv2%2Fmedia&parent=24433"}],"wp:term":[{"taxonomy":"category","embeddable":true,"href":"https:\/\/noticiasveraces.com\/index.php?rest_route=%2Fwp%2Fv2%2Fcategories&post=24433"},{"taxonomy":"post_tag","embeddable":true,"href":"https:\/\/noticiasveraces.com\/index.php?rest_route=%2Fwp%2Fv2%2Ftags&post=24433"}],"curies":[{"name":"wp","href":"https:\/\/api.w.org\/{rel}","templated":true}]}}