{"id":24417,"date":"2025-04-25T01:57:21","date_gmt":"2025-04-25T05:57:21","guid":{"rendered":"https:\/\/noticiasveraces.com\/?p=24417"},"modified":"2025-04-25T01:57:21","modified_gmt":"2025-04-25T05:57:21","slug":"vaticano-afina-los-detalles-finales-del-funeral-de-francisco-dw-25-04-2025","status":"publish","type":"post","link":"https:\/\/noticiasveraces.com\/?p=24417","title":{"rendered":"Vaticano afina los detalles finales del funeral de Francisco \u2013 DW \u2013 25\/04\/2025"},"content":{"rendered":"<p> \n<\/p>\n<div>\n<p>La organizaci\u00f3n del funeral del papa Francisco entr\u00f3 en su etapa final este viernes (25.04.2025), \u00faltimo d\u00eda de capilla ardiente en el Vaticano, que mantuvo abierta la bas\u00edlica\u00a0hasta las 4:00 horas (CET) y reabri\u00f3 a las 5:45 para permitir de nuevo el acceso ante las largas filas de fieles que continuaron durante toda la noche y la madrugada en la Plaza de San Pedro.  <\/p>\n<p>La Protecci\u00f3n Civil italiana prev\u00e9 que este n\u00famero seguir\u00e1 aumentando considerablemente en las pr\u00f3ximas horas hasta que a las 19:00 (17:00 GMT) de este viernes se cierren las puertas de San Pedro para proceder a la ceremonia de cierre del f\u00e9retro, antes del funeral y el entierro previstos para el s\u00e1bado.<\/p>\n<p>Las autoridades italianas calculan que en torno a 200.000 fieles asistir\u00e1n el s\u00e1bado al funeral por el primer pont\u00edfice latinoamericano fallecido hace cuatro d\u00edas, entre ellos presidentes y monarcas de todo el mundo.<\/p>\n<p>La capilla ardiente en honor a Jorge Mario Bergoglio se mantendr\u00e1 hasta la noche de este viernes, cuando el cardenal camarlengo, Kevin Farrell, presida la ceremonia de cierre del f\u00e9retro para dar pie al funeral del s\u00e1bado.<\/p>\n<blockquote class=\"tweet embed\" data-id=\"1915522890273096028\"\/>\n<p>Al menos 130 delegaciones, incluyendo unos \u00ab50 jefes de Estado y 10 monarcas\u00bb en ejercicio, asistir\u00e1n a la misa funeral que tendr\u00e1 lugar en la plaza de San Pedro, inform\u00f3 el Vaticano.<\/p>\n<p>Presidentes como Donald Trump, Javier Milei y Luiz In\u00e1cio Lula da Silva, as\u00ed como el rey Felipe VI de Espa\u00f1a y el secretario general de la ONU, Ant\u00f3nio Guterres, ya anunciaron su presencia.<\/p>\n<p>Tambi\u00e9n estar\u00e1 el sobrino del papa, Mauro Bergoglio, que viaj\u00f3 a Roma gracias a una donaci\u00f3n privada en medio de un enredo protocolar del gobierno de Milei.<\/p>\n<p>El entierro ser\u00e1 el mismo s\u00e1bado en la bas\u00edlica de Santa Mar\u00eda la Mayor de Roma, el primero de un pont\u00edfice fuera del Vaticano desde Le\u00f3n XIII en 1903.<\/p>\n<p><span data-slot-id=\"Article_InContent-1\" class=\"rich-text-ad\"\/><\/p>\n<h2>Zona de exclusi\u00f3n a\u00e9rea sobre Roma<\/h2>\n<p>Las autoridades adem\u00e1s impusieron una zona de exclusi\u00f3n a\u00e9rea sobre Roma y desplegaron unidades antidrones con sistemas de inhibici\u00f3n de se\u00f1ales para prevenir cualquier actividad sospechosa.<\/p>\n<p>Aviones de combate est\u00e1n en alerta para intervenir, mientras que helic\u00f3pteros policiales sobrevuelan el centro hist\u00f3rico y francotiradores fueron desplegados en los tejados de la Via della Conciliazione que conduce a la plaza San Pedro y en la cercana colina del Jan\u00edculo.<\/p>\n<p>El Vaticano inform\u00f3 que un \u00abgrupo de pobres\u00bb estar\u00e1 presente en la ceremonia de sepultura. No precis\u00f3 qui\u00e9nes son o de d\u00f3nde vienen.<\/p>\n<p>La tumba ser\u00e1 en m\u00e1rmol y tendr\u00e1 por \u00fanica inscripci\u00f3n \u00abFranciscus\u00bb. Una reproducci\u00f3n de la cruz pectoral que llevaba el papa en vida acompa\u00f1ar\u00e1 el conjunto.<\/p>\n<p>La sepultura de Francisco estar\u00e1 situada en una nave lateral de la bas\u00edlica, cerca del altar de San Francisco.<\/p>\n<p>El \u00e1rea estaba cubierta por tablones de madera el jueves.<\/p>\n<p>El p\u00fablico general podr\u00e1 visitar la \u00faltima morada del nativo del barrio porte\u00f1o de Flores a partir del domingo.<\/p>\n<h2>Sin fecha de c\u00f3nclave por \u00abrespeto\u201d<\/h2>\n<p>El Vaticano por ahora descart\u00f3 decidir la fecha del c\u00f3nclave.<\/p>\n<p>\u00abHasta el funeral, mantengamos el respeto\u00bb, dijo el cardenal franco-espa\u00f1ol Fran\u00e7ois-Xavier Bustillo. \u00abA partir del lunes, creo que se nos dar\u00e1n los detalles pr\u00e1cticos, c\u00f3mo reunirnos, qu\u00e9 hacer, a d\u00f3nde ir y en qu\u00e9 condiciones\u00bb.<\/p>\n<p>Los cardenales s\u00ed decidieron el mi\u00e9rcoles que los tradicionales nueve d\u00edas de duelo en el Vaticano tras la muerte de un pont\u00edfice -los Novendiales- comenzar\u00e1n el s\u00e1bado.<\/p>\n<p>JC (AFP, Vatican News)<\/p>\n<\/p>\n<\/div>\n\n","protected":false},"excerpt":{"rendered":"<p>La organizaci\u00f3n del funeral del papa Francisco entr\u00f3 en su etapa final este viernes (25.04.2025), \u00faltimo d\u00eda de capilla ardiente en el Vaticano, que mantuvo abierta la bas\u00edlica\u00a0hasta las 4:00 horas (CET) y reabri\u00f3 a las 5:45 para permitir de nuevo el acceso ante las largas filas de fieles que continuaron durante toda la noche &hellip;<\/p>\n","protected":false},"author":1,"featured_media":24418,"comment_status":"open","ping_status":"open","sticky":false,"template":"","format":"standard","meta":{"fifu_image_url":"https:\/\/static.dw.com\/image\/72320297_6.jpg","fifu_image_alt":"","footnotes":""},"categories":[13],"tags":[],"class_list":["post-24417","post","type-post","status-publish","format-standard","has-post-thumbnail","","category-mundo"],"_links":{"self":[{"href":"https:\/\/noticiasveraces.com\/index.php?rest_route=\/wp\/v2\/posts\/24417","targetHints":{"allow":["GET"]}}],"collection":[{"href":"https:\/\/noticiasveraces.com\/index.php?rest_route=\/wp\/v2\/posts"}],"about":[{"href":"https:\/\/noticiasveraces.com\/index.php?rest_route=\/wp\/v2\/types\/post"}],"author":[{"embeddable":true,"href":"https:\/\/noticiasveraces.com\/index.php?rest_route=\/wp\/v2\/users\/1"}],"replies":[{"embeddable":true,"href":"https:\/\/noticiasveraces.com\/index.php?rest_route=%2Fwp%2Fv2%2Fcomments&post=24417"}],"version-history":[{"count":0,"href":"https:\/\/noticiasveraces.com\/index.php?rest_route=\/wp\/v2\/posts\/24417\/revisions"}],"wp:featuredmedia":[{"embeddable":true,"href":"https:\/\/noticiasveraces.com\/index.php?rest_route=\/wp\/v2\/media\/24418"}],"wp:attachment":[{"href":"https:\/\/noticiasveraces.com\/index.php?rest_route=%2Fwp%2Fv2%2Fmedia&parent=24417"}],"wp:term":[{"taxonomy":"category","embeddable":true,"href":"https:\/\/noticiasveraces.com\/index.php?rest_route=%2Fwp%2Fv2%2Fcategories&post=24417"},{"taxonomy":"post_tag","embeddable":true,"href":"https:\/\/noticiasveraces.com\/index.php?rest_route=%2Fwp%2Fv2%2Ftags&post=24417"}],"curies":[{"name":"wp","href":"https:\/\/api.w.org\/{rel}","templated":true}]}}