{"id":24412,"date":"2025-04-25T00:55:13","date_gmt":"2025-04-25T04:55:13","guid":{"rendered":"https:\/\/noticiasveraces.com\/?p=24412"},"modified":"2025-04-25T00:55:13","modified_gmt":"2025-04-25T04:55:13","slug":"capilla-sixtina-cerrara-el-lunes-para-preparar-el-conclave-dw-25-04-2025","status":"publish","type":"post","link":"https:\/\/noticiasveraces.com\/?p=24412","title":{"rendered":"Capilla Sixtina cerrar\u00e1 el lunes para preparar el c\u00f3nclave \u2013 DW \u2013 25\/04\/2025"},"content":{"rendered":"<p> \n<\/p>\n<div>\n<p>La Capilla Sixtina del Vaticano cerrar\u00e1 al p\u00fablico a partir del lunes 28 de abril para los preparativos del c\u00f3nclave en el que se elegir\u00e1 un sucesor del papa Francisco, se inform\u00f3 oficialmente este jueves (24.04.2025).<\/p>\n<p>\u00abAviso. Se comunica que la Capilla Sixtina ser\u00e1 cerrada al p\u00fablico a partir del lunes 28 de abril de 2025 por las exigencias del c\u00f3nclave\u00bb, se lee en el portal oficial de los Museos Vaticanos.<\/p>\n<p>Este s\u00e1bado tendr\u00e1 lugar el funeral del papa Francisco, fallecido a los 88 a\u00f1os el pasado lunes, y tras un periodo de luto de nueve d\u00edas se convocar\u00e1 el c\u00f3nclave, en un plazo m\u00e1ximo de 20 d\u00edas desde la muerte, por lo que su inicio se estima entre el 5 y el 10 de mayo.<\/p>\n<p>La Capilla Sixtina, as\u00ed como los Museos Vaticanos y el del palacio estival de Castel Gandolgo, tambi\u00e9n cerrar\u00e1n este s\u00e1bado con motivo del funeral del pont\u00edfice argentino, \u00aben se\u00f1al de luto\u00bb.<\/p>\n<p>Esta capilla vaticana, decorada con el imponente Juicio Universal de Miguel \u00c1ngel, acoger\u00e1 el c\u00f3nclave (del lat\u00edn &#8216;cum clave&#8217;, bajo llave) en el que los 133 cardenales electores -menores de 80 a\u00f1os- votar\u00e1n a sus candidatos para suceder a Francisco.<\/p>\n<p>Para ello, el recinto debe ser preparado, disponiendo las mesas y los bancos para los debates de los purpurados, y tambi\u00e9n se deber\u00e1 instalar la chimenea con la que anuncian al mundo el resultado de la votaci\u00f3n quemando las papeletas de la votaci\u00f3n.<\/p>\n<p>El humo negro indicar\u00e1 al exterior que no ha habido acuerdo mientras que la &#8216;fumata blanca&#8217; anunciar\u00e1 que se ha encontrado un papa.<\/p>\n<p>JC (EFE, DPA)<\/p>\n<p>capilla sixtinaVA<\/p>\n<\/div>\n\n","protected":false},"excerpt":{"rendered":"<p>La Capilla Sixtina del Vaticano cerrar\u00e1 al p\u00fablico a partir del lunes 28 de abril para los preparativos del c\u00f3nclave en el que se elegir\u00e1 un sucesor del papa Francisco, se inform\u00f3 oficialmente este jueves (24.04.2025). \u00abAviso. Se comunica que la Capilla Sixtina ser\u00e1 cerrada al p\u00fablico a partir del lunes 28 de abril de &hellip;<\/p>\n","protected":false},"author":1,"featured_media":24413,"comment_status":"open","ping_status":"open","sticky":false,"template":"","format":"standard","meta":{"fifu_image_url":"https:\/\/static.dw.com\/image\/60336314_6.jpg","fifu_image_alt":"","footnotes":""},"categories":[13],"tags":[],"class_list":["post-24412","post","type-post","status-publish","format-standard","has-post-thumbnail","","category-mundo"],"_links":{"self":[{"href":"https:\/\/noticiasveraces.com\/index.php?rest_route=\/wp\/v2\/posts\/24412","targetHints":{"allow":["GET"]}}],"collection":[{"href":"https:\/\/noticiasveraces.com\/index.php?rest_route=\/wp\/v2\/posts"}],"about":[{"href":"https:\/\/noticiasveraces.com\/index.php?rest_route=\/wp\/v2\/types\/post"}],"author":[{"embeddable":true,"href":"https:\/\/noticiasveraces.com\/index.php?rest_route=\/wp\/v2\/users\/1"}],"replies":[{"embeddable":true,"href":"https:\/\/noticiasveraces.com\/index.php?rest_route=%2Fwp%2Fv2%2Fcomments&post=24412"}],"version-history":[{"count":0,"href":"https:\/\/noticiasveraces.com\/index.php?rest_route=\/wp\/v2\/posts\/24412\/revisions"}],"wp:featuredmedia":[{"embeddable":true,"href":"https:\/\/noticiasveraces.com\/index.php?rest_route=\/wp\/v2\/media\/24413"}],"wp:attachment":[{"href":"https:\/\/noticiasveraces.com\/index.php?rest_route=%2Fwp%2Fv2%2Fmedia&parent=24412"}],"wp:term":[{"taxonomy":"category","embeddable":true,"href":"https:\/\/noticiasveraces.com\/index.php?rest_route=%2Fwp%2Fv2%2Fcategories&post=24412"},{"taxonomy":"post_tag","embeddable":true,"href":"https:\/\/noticiasveraces.com\/index.php?rest_route=%2Fwp%2Fv2%2Ftags&post=24412"}],"curies":[{"name":"wp","href":"https:\/\/api.w.org\/{rel}","templated":true}]}}