{"id":24410,"date":"2025-04-24T23:54:16","date_gmt":"2025-04-25T03:54:16","guid":{"rendered":"https:\/\/noticiasveraces.com\/?p=24410"},"modified":"2025-04-24T23:54:16","modified_gmt":"2025-04-25T03:54:16","slug":"berlin-preve-estancacion-en-2025-tras-dos-anos-de-recesion-dw-24-04-2025","status":"publish","type":"post","link":"https:\/\/noticiasveraces.com\/?p=24410","title":{"rendered":"Berl\u00edn prev\u00e9 estancaci\u00f3n en 2025 tras dos a\u00f1os de recesi\u00f3n \u2013 DW \u2013 24\/04\/2025"},"content":{"rendered":"<p> \n<\/p>\n<div>\n<p>La econom\u00eda alemana deber\u00eda experimentar una estancaci\u00f3n en 2025 tras dos a\u00f1os de recesi\u00f3n, anunci\u00f3 el jueves (24.04.2025) el gobierno, que rebaj\u00f3 sus proyecciones de crecimiento en plena guerra comercial lanzada por Donald Trump.<\/p>\n<p>En enero el ministro de Econom\u00eda y Protecci\u00f3n Clim\u00e1tica, Robert Habeck, preve\u00eda una recuperaci\u00f3n de la econom\u00eda alemana del 0,3%, tras una ca\u00edda del PIB del 0,2% en 2024 y del 0,3% en 2023.<\/p>\n<p>Pero \u00abla pol\u00edtica comercial de Estados Unidos, la amenaza y la imposici\u00f3n de aranceles afectan directamente a la econom\u00eda alemana, muy orientada a la exportaci\u00f3n\u00bb, indic\u00f3 Habeck el jueves al presentar las previsiones gubernamentales .<\/p>\n<p>La proyecci\u00f3n de crecimiento para 2026 tambi\u00e9n fue rebajada el jueves del 1,1% al 1%.<\/p>\n<p>Las decisiones de Estados Unidos, principal socio comercial de Alemania, podr\u00edan costarle a esta \u00faltima entre 0,25 y 0,5 puntos porcentuales de crecimiento en 2025, seg\u00fan el ministro, del partido ecologista Los Verdes.<\/p>\n<p>CT (AFP, DPA, Reuters)<\/p>\n<\/div>\n\n","protected":false},"excerpt":{"rendered":"<p>La econom\u00eda alemana deber\u00eda experimentar una estancaci\u00f3n en 2025 tras dos a\u00f1os de recesi\u00f3n, anunci\u00f3 el jueves (24.04.2025) el gobierno, que rebaj\u00f3 sus proyecciones de crecimiento en plena guerra comercial lanzada por Donald Trump. En enero el ministro de Econom\u00eda y Protecci\u00f3n Clim\u00e1tica, Robert Habeck, preve\u00eda una recuperaci\u00f3n de la econom\u00eda alemana del 0,3%, tras &hellip;<\/p>\n","protected":false},"author":1,"featured_media":24411,"comment_status":"open","ping_status":"open","sticky":false,"template":"","format":"standard","meta":{"fifu_image_url":"https:\/\/static.dw.com\/image\/72337268_6.jpg","fifu_image_alt":"","footnotes":""},"categories":[13],"tags":[],"class_list":["post-24410","post","type-post","status-publish","format-standard","has-post-thumbnail","","category-mundo"],"_links":{"self":[{"href":"https:\/\/noticiasveraces.com\/index.php?rest_route=\/wp\/v2\/posts\/24410","targetHints":{"allow":["GET"]}}],"collection":[{"href":"https:\/\/noticiasveraces.com\/index.php?rest_route=\/wp\/v2\/posts"}],"about":[{"href":"https:\/\/noticiasveraces.com\/index.php?rest_route=\/wp\/v2\/types\/post"}],"author":[{"embeddable":true,"href":"https:\/\/noticiasveraces.com\/index.php?rest_route=\/wp\/v2\/users\/1"}],"replies":[{"embeddable":true,"href":"https:\/\/noticiasveraces.com\/index.php?rest_route=%2Fwp%2Fv2%2Fcomments&post=24410"}],"version-history":[{"count":0,"href":"https:\/\/noticiasveraces.com\/index.php?rest_route=\/wp\/v2\/posts\/24410\/revisions"}],"wp:featuredmedia":[{"embeddable":true,"href":"https:\/\/noticiasveraces.com\/index.php?rest_route=\/wp\/v2\/media\/24411"}],"wp:attachment":[{"href":"https:\/\/noticiasveraces.com\/index.php?rest_route=%2Fwp%2Fv2%2Fmedia&parent=24410"}],"wp:term":[{"taxonomy":"category","embeddable":true,"href":"https:\/\/noticiasveraces.com\/index.php?rest_route=%2Fwp%2Fv2%2Fcategories&post=24410"},{"taxonomy":"post_tag","embeddable":true,"href":"https:\/\/noticiasveraces.com\/index.php?rest_route=%2Fwp%2Fv2%2Ftags&post=24410"}],"curies":[{"name":"wp","href":"https:\/\/api.w.org\/{rel}","templated":true}]}}