{"id":24382,"date":"2025-04-24T20:51:14","date_gmt":"2025-04-25T00:51:14","guid":{"rendered":"https:\/\/noticiasveraces.com\/?p=24382"},"modified":"2025-04-24T20:51:14","modified_gmt":"2025-04-25T00:51:14","slug":"ordenan-retorno-a-ee-uu-de-otro-migrante-desde-el-salvador-dw-25-04-2025","status":"publish","type":"post","link":"https:\/\/noticiasveraces.com\/?p=24382","title":{"rendered":"Ordenan retorno a EE.UU. de otro migrante desde El Salvador \u2013 DW \u2013 25\/04\/2025"},"content":{"rendered":"<p> \n<\/p>\n<div>\n<p>Una jueza orden\u00f3 al gobierno del presidente estadounidense Donald Trump \u00abfacilitar\u00bb el regreso de un migrante venezolano expulsado en marzo a una prisi\u00f3n de El Salvador, en una deportaci\u00f3n similar a la del salvadore\u00f1o Kilmar \u00c1brego Garc\u00eda.<\/p>\n<p>El caso de \u00abCristian\u00bb, identificado por este nombre en documentos judiciales, forma parte de una demanda colectiva presentada en 2019 en nombre de personas que entraron en Estados Unidos como menores no acompa\u00f1ados y m\u00e1s tarde solicitaron asilo.<\/p>\n<p>En 2024 se aprob\u00f3 un acuerdo de conciliaci\u00f3n que impide deportarlos hasta que se resuelvan sus solicitudes de asilo.<\/p>\n<p>La jueza Stephanie Gallagher ordena \u00abfacilitar el regreso de Cristian a Estados Unidos para que pueda recibir el proceso al que ten\u00eda derecho bajo el acuerdo de conciliaci\u00f3n vinculante de las partes\u00bb, se lee en el dictamen judicial emitido el mi\u00e9rcoles.<\/p>\n<p>La magistrada precisa que no basta con que la administraci\u00f3n \u00abhaga una solicitud de buena fe al gobierno de El Salvador para que libere a Cristian\u00bb.<\/p>\n<p>\u00abQuedarse de brazos cruzados y no tomar ninguna acci\u00f3n no es facilitar. En casos anteriores que involucraban a personas trasladadas de manera indebida, los tribunales han ordenado, y el gobierno ha tomado medidas afirmativas para facilitar el regreso\u00bb, record\u00f3 a los demandados.<\/p>\n<p>El abogado del grupo colectivo estima que la expulsi\u00f3n del Cristian \u00abviola el acuerdo de soluci\u00f3n\u00bb.<\/p>\n<p>Los representantes del Departamento de Seguridad Interior (DHS) argumentan que el tribunal carece de jurisdicci\u00f3n sobre el caso.<\/p>\n<p>\u00abEste argumento no tiene fundamento\u00bb, replic\u00f3 la jueza, en momentos de tensi\u00f3n entre el gobierno de Trump y los magistrados que contradicen su pol\u00edtica migratoria. <\/p>\n<p>Los demandados argumentan adem\u00e1s que la deportaci\u00f3n de Cristian no viola el acuerdo de conciliaci\u00f3n porque \u00absu designaci\u00f3n como enemigo extranjero\u00bb hace que ya no sea \u00abelegible para el asilo\u00bb. No presentan pruebas por ahora. <\/p>\n<p><span data-slot-id=\"Article_InContent-1\" class=\"rich-text-ad\"\/><\/p>\n<h2>Caso de Kilmar \u00c1brego Garc\u00eda<\/h2>\n<p>A mediados de marzo, Trump expuls\u00f3 a El Salvador a m\u00e1s de 250 migrantes a los que acusa de pertenecer a pandillas.<\/p>\n<p>La inmensa mayor\u00eda de ellos son venezolanos deportados en virtud de la Ley de \u00abEnemigos Extranjeros\u00bb de 1798, usada hasta entonces solo en tiempos de guerra y blandida ahora contra presuntos miembros de la banda criminal Tren de Aragua.  <\/p>\n<p>El Salvador los encarcel\u00f3 a cambio de dinero. El uso de esta ley de excepci\u00f3n ha provocado numerosos recursos legales.<\/p>\n<p>Los abogados de algunos migrantes expulsados aseguran que sus clientes no pertenecen a pandillas ni han cometido delitos, sino que se les acusa principalmente debido a sus tatuajes.<\/p>\n<p>El s\u00e1bado la Corte Suprema suspendi\u00f3 hasta nuevo aviso la expulsi\u00f3n de migrantes venezolanos a El Salvador bajo esta ley del siglo XVIII.<\/p>\n<p>Gallagher cita el caso del salvadore\u00f1o \u00c1brego Garc\u00eda, sobre el que se pronunci\u00f3 la Corte Suprema.<\/p>\n<p>El m\u00e1ximo tribunal se sum\u00f3 al pedido de que el gobierno \u00abfacilite\u00bb su regreso tras reconocer que fue expulsado por un \u00aberror administrativo\u00bb.<\/p>\n<p>Por el momento la administraci\u00f3n de Trump no ha hecho adem\u00e1n de acatar las \u00f3rdenes y acusa a \u00c1brego Garc\u00eda de ser miembro de la pandilla MS-13.<\/p>\n<p>El presidente salvadore\u00f1o Nayib Bukele, un gran aliado de Trump, tampoco da su brazo a torcer.<\/p>\n<p>MG (AFP, ABC News)<\/p>\n<\/p>\n<\/div>\n\n","protected":false},"excerpt":{"rendered":"<p>Una jueza orden\u00f3 al gobierno del presidente estadounidense Donald Trump \u00abfacilitar\u00bb el regreso de un migrante venezolano expulsado en marzo a una prisi\u00f3n de El Salvador, en una deportaci\u00f3n similar a la del salvadore\u00f1o Kilmar \u00c1brego Garc\u00eda. El caso de \u00abCristian\u00bb, identificado por este nombre en documentos judiciales, forma parte de una demanda colectiva presentada &hellip;<\/p>\n","protected":false},"author":1,"featured_media":24383,"comment_status":"open","ping_status":"open","sticky":false,"template":"","format":"standard","meta":{"fifu_image_url":"https:\/\/static.dw.com\/image\/71649159_6.jpg","fifu_image_alt":"","footnotes":""},"categories":[13],"tags":[],"class_list":["post-24382","post","type-post","status-publish","format-standard","has-post-thumbnail","","category-mundo"],"_links":{"self":[{"href":"https:\/\/noticiasveraces.com\/index.php?rest_route=\/wp\/v2\/posts\/24382","targetHints":{"allow":["GET"]}}],"collection":[{"href":"https:\/\/noticiasveraces.com\/index.php?rest_route=\/wp\/v2\/posts"}],"about":[{"href":"https:\/\/noticiasveraces.com\/index.php?rest_route=\/wp\/v2\/types\/post"}],"author":[{"embeddable":true,"href":"https:\/\/noticiasveraces.com\/index.php?rest_route=\/wp\/v2\/users\/1"}],"replies":[{"embeddable":true,"href":"https:\/\/noticiasveraces.com\/index.php?rest_route=%2Fwp%2Fv2%2Fcomments&post=24382"}],"version-history":[{"count":0,"href":"https:\/\/noticiasveraces.com\/index.php?rest_route=\/wp\/v2\/posts\/24382\/revisions"}],"wp:featuredmedia":[{"embeddable":true,"href":"https:\/\/noticiasveraces.com\/index.php?rest_route=\/wp\/v2\/media\/24383"}],"wp:attachment":[{"href":"https:\/\/noticiasveraces.com\/index.php?rest_route=%2Fwp%2Fv2%2Fmedia&parent=24382"}],"wp:term":[{"taxonomy":"category","embeddable":true,"href":"https:\/\/noticiasveraces.com\/index.php?rest_route=%2Fwp%2Fv2%2Fcategories&post=24382"},{"taxonomy":"post_tag","embeddable":true,"href":"https:\/\/noticiasveraces.com\/index.php?rest_route=%2Fwp%2Fv2%2Ftags&post=24382"}],"curies":[{"name":"wp","href":"https:\/\/api.w.org\/{rel}","templated":true}]}}