{"id":24374,"date":"2025-04-24T16:47:26","date_gmt":"2025-04-24T20:47:26","guid":{"rendered":"https:\/\/noticiasveraces.com\/?p=24374"},"modified":"2025-04-24T16:47:26","modified_gmt":"2025-04-24T20:47:26","slug":"mas-de-90-000-fieles-ya-despidieron-a-francisco-en-san-pedro-dw-24-04-2025","status":"publish","type":"post","link":"https:\/\/noticiasveraces.com\/?p=24374","title":{"rendered":"M\u00e1s de 90.000 fieles ya despidieron a Francisco en San Pedro \u2013 DW \u2013 24\/04\/2025"},"content":{"rendered":"<p> \n<\/p>\n<div>\n<p>M\u00e1s de 90.000 personas han pasado desde el mi\u00e9rcoles hasta este jueves a las 19.00 hora local (17.00 GMT) por la capilla ardiente del papa Francisco en la bas\u00edlica de San Pedro del Vaticano para dar su \u00faltimo adi\u00f3s al difunto pont\u00edfice, seg\u00fan inform\u00f3 la Santa Sede.<\/p>\n<p>El goteo de fieles ha seguido constante a lo largo del d\u00eda, despu\u00e9s de que la pasada noche se mantuviera el velatorio abierto pese a los planes iniciales de cerrarlo a medianoche para que todo el mundo que lo desease pudiera pasar a despedirse.<\/p>\n<p>La Protecci\u00f3n Civil italiana prev\u00e9 que este n\u00famero seguir\u00e1 aumentando considerablemente en las pr\u00f3ximas horas hasta que a las 19.00 horas (17.00 GMT) del viernes se cierren las puertas de San Pedro para proceder a la ceremonia de cierre del f\u00e9retro, antes del funeral y el entierro previstos para el s\u00e1bado.<\/p>\n<p>El alcalde de Roma, Roberto Gualtieri, dijo a los medios que espera que dentro de poco se alcancen los 100.000 visitantes en la capilla ardiente.<\/p>\n<p>\u00abLa afluencia al f\u00e9retro est\u00e1 yendo de manera muy regular (&#8230;). Pronto superaremos las 100.000 personas\u00bb, se\u00f1al\u00f3 Gualteri al t\u00e9rmino de la reuni\u00f3n del comit\u00e9 provincial para el orden y la seguridad en la prefectura.<\/p>\n<p>El alcalde destac\u00f3 el buen funcionamiento de los servicios municipales, que est\u00e1 permitiendo que \u00abtodo el mundo tenga la oportunidad de rendir homenaje a un extraordinario papa como Francisco\u00bb.<\/p>\n<p>Las autoridades italianas calculan que en torno a 200.000 fieles asistir\u00e1n el s\u00e1bado al funeral por el pont\u00edfice, tras lo cual el f\u00e9retro ser\u00e1 trasladado en un cotejo f\u00fanebre hasta la bas\u00edlica de Santa Mar\u00eda la Mayor, donde Francisco dej\u00f3 estipulado que recibir\u00eda sepelio.<\/p>\n<p>CT (EFE, AFP)<\/p>\n<\/div>\n\n","protected":false},"excerpt":{"rendered":"<p>M\u00e1s de 90.000 personas han pasado desde el mi\u00e9rcoles hasta este jueves a las 19.00 hora local (17.00 GMT) por la capilla ardiente del papa Francisco en la bas\u00edlica de San Pedro del Vaticano para dar su \u00faltimo adi\u00f3s al difunto pont\u00edfice, seg\u00fan inform\u00f3 la Santa Sede. El goteo de fieles ha seguido constante a &hellip;<\/p>\n","protected":false},"author":1,"featured_media":24375,"comment_status":"open","ping_status":"open","sticky":false,"template":"","format":"standard","meta":{"fifu_image_url":"https:\/\/static.dw.com\/image\/72320559_6.jpg","fifu_image_alt":"","footnotes":""},"categories":[13],"tags":[],"class_list":["post-24374","post","type-post","status-publish","format-standard","has-post-thumbnail","","category-mundo"],"_links":{"self":[{"href":"https:\/\/noticiasveraces.com\/index.php?rest_route=\/wp\/v2\/posts\/24374","targetHints":{"allow":["GET"]}}],"collection":[{"href":"https:\/\/noticiasveraces.com\/index.php?rest_route=\/wp\/v2\/posts"}],"about":[{"href":"https:\/\/noticiasveraces.com\/index.php?rest_route=\/wp\/v2\/types\/post"}],"author":[{"embeddable":true,"href":"https:\/\/noticiasveraces.com\/index.php?rest_route=\/wp\/v2\/users\/1"}],"replies":[{"embeddable":true,"href":"https:\/\/noticiasveraces.com\/index.php?rest_route=%2Fwp%2Fv2%2Fcomments&post=24374"}],"version-history":[{"count":0,"href":"https:\/\/noticiasveraces.com\/index.php?rest_route=\/wp\/v2\/posts\/24374\/revisions"}],"wp:featuredmedia":[{"embeddable":true,"href":"https:\/\/noticiasveraces.com\/index.php?rest_route=\/wp\/v2\/media\/24375"}],"wp:attachment":[{"href":"https:\/\/noticiasveraces.com\/index.php?rest_route=%2Fwp%2Fv2%2Fmedia&parent=24374"}],"wp:term":[{"taxonomy":"category","embeddable":true,"href":"https:\/\/noticiasveraces.com\/index.php?rest_route=%2Fwp%2Fv2%2Fcategories&post=24374"},{"taxonomy":"post_tag","embeddable":true,"href":"https:\/\/noticiasveraces.com\/index.php?rest_route=%2Fwp%2Fv2%2Ftags&post=24374"}],"curies":[{"name":"wp","href":"https:\/\/api.w.org\/{rel}","templated":true}]}}