{"id":24343,"date":"2025-04-24T13:44:18","date_gmt":"2025-04-24T17:44:18","guid":{"rendered":"https:\/\/noticiasveraces.com\/?p=24343"},"modified":"2025-04-24T13:44:18","modified_gmt":"2025-04-24T17:44:18","slug":"hojas-de-apunalamiento-de-la-escuela-secundaria-catolica-francesa-1-muerta-3-heridos","status":"publish","type":"post","link":"https:\/\/noticiasveraces.com\/?p=24343","title":{"rendered":"Hojas de apu\u00f1alamiento de la escuela secundaria cat\u00f3lica francesa 1 muerta, 3 heridos"},"content":{"rendered":"<p> \n<\/p>\n<div>\n<p class=\"speakable\">La polic\u00eda francesa arrest\u00f3 a un estudiante el jueves despu\u00e9s de que supuestamente mat\u00f3 a otro estudiante e hiri\u00f3 a otros tres en un ataque punzante en su escuela cat\u00f3lica privada. <\/p>\n<p class=\"speakable\">El atacante de 15 a\u00f1os fue dominado por los maestros en la escuela secundaria Notre-Dame-de-Toutes-Aides en Nantes antes de que llegara la polic\u00eda, dijo un portavoz de la polic\u00eda a Reuters. <\/p>\n<p>\u00abUn ataque de cuchillo tuvo lugar esta tarde en una escuela privada en Nantes\u00bb, escribi\u00f3 la ministra de educaci\u00f3n Elisabeth Borne en X. \u00abVoy all\u00ed con [Interior Minister] Bruno Retailleau para expresar mi solidaridad con las v\u00edctimas y mi apoyo a la comunidad educativa \u00ab. <\/p>\n<p>El estudiante apu\u00f1al\u00f3 a cuatro estudiantes con un cuchillo durante un almuerzo, seg\u00fan Associated Press. <\/p>\n<p><strong>Atacante de cuchillo de Amsterdam que hiri\u00f3 a 2 estadounidenses sospechosos de tener un \u00abmotivo terrorista\u00bb, dicen los fiscales<\/strong><strong> <\/strong><\/p>\n<div class=\"image-ct inline\">\n<div class=\"m\"><picture><source media=\"(max-width: 767px)\" srcset=\"https:\/\/a57.foxnews.com\/static.foxnews.com\/foxnews.com\/content\/uploads\/2025\/04\/343\/192\/france-school-stabbing-3.jpg?ve=1&amp;tl=1, https:\/\/a57.foxnews.com\/static.foxnews.com\/foxnews.com\/content\/uploads\/2025\/04\/686\/384\/france-school-stabbing-3.jpg?ve=1&amp;tl=1 2x\" height=\"192\" width=\"343\"><source media=\"(min-width: 768px) and (max-width: 1023px)\" srcset=\"https:\/\/a57.foxnews.com\/static.foxnews.com\/foxnews.com\/content\/uploads\/2025\/04\/672\/378\/france-school-stabbing-3.jpg?ve=1&amp;tl=1, https:\/\/a57.foxnews.com\/static.foxnews.com\/foxnews.com\/content\/uploads\/2025\/04\/1344\/756\/france-school-stabbing-3.jpg?ve=1&amp;tl=1 2x\" height=\"378\" width=\"672\"><source media=\"(min-width: 1024px) and (max-width: 1279px)\" srcset=\"https:\/\/a57.foxnews.com\/static.foxnews.com\/foxnews.com\/content\/uploads\/2025\/04\/931\/523\/france-school-stabbing-3.jpg?ve=1&amp;tl=1, https:\/\/a57.foxnews.com\/static.foxnews.com\/foxnews.com\/content\/uploads\/2025\/04\/1862\/1046\/france-school-stabbing-3.jpg?ve=1&amp;tl=1 2x\" height=\"523\" width=\"931\"><source media=\"(min-width: 1280px)\" srcset=\"https:\/\/a57.foxnews.com\/static.foxnews.com\/foxnews.com\/content\/uploads\/2025\/04\/720\/405\/france-school-stabbing-3.jpg?ve=1&amp;tl=1, https:\/\/a57.foxnews.com\/static.foxnews.com\/foxnews.com\/content\/uploads\/2025\/04\/1440\/810\/france-school-stabbing-3.jpg?ve=1&amp;tl=1 2x\" height=\"405\" width=\"720\"><img loading=\"lazy\" decoding=\"async\" src=\"https:\/\/a57.foxnews.com\/static.foxnews.com\/foxnews.com\/content\/uploads\/2025\/04\/1200\/675\/france-school-stabbing-3.jpg?ve=1&amp;tl=1\" alt=\"Las personas evac\u00faan la escuela secundaria francesa despu\u00e9s de un ataque de apu\u00f1alamiento\" width=\"1200\" height=\"675\"\/><\/source><\/source><\/source><\/source><\/picture><\/div>\n<div class=\"info\">\n<div class=\"caption\">\n<p><span>Los estudiantes evac\u00faan la escuela secundaria Notre-Dame de Toutes-Aides en Nantes, Francia, luego de un ataque de cuchillo el 24 de abril.<\/span> <span>(Loic Venance\/AFP a trav\u00e9s de Getty Images)<\/span><\/p>\n<\/div>\n<\/div>\n<\/div>\n<p>La polic\u00eda le dijo a Reuters que no hab\u00eda nada que indique un motivo terrorista. <\/p>\n<p>Los estudiantes de la escuela dijeron a los medios franceses en la escena que hab\u00edan recibido un correo electr\u00f3nico del asaltante m\u00e1s temprano en el d\u00eda con quejas no especificadas. <\/p>\n<p><strong>El l\u00edder franc\u00e9s de derecha Marine Le Pen declarado culpable de malversaci\u00f3n de fondos p\u00fablicos, prohibido que se postule para un cargo<\/strong><strong> <\/strong><\/p>\n<div class=\"image-ct inline\">\n<div class=\"m\"><picture><source media=\"(max-width: 767px)\" srcset=\"https:\/\/a57.foxnews.com\/static.foxnews.com\/foxnews.com\/content\/uploads\/2025\/04\/343\/192\/france-school-stabbing-4.jpg?ve=1&amp;tl=1, https:\/\/a57.foxnews.com\/static.foxnews.com\/foxnews.com\/content\/uploads\/2025\/04\/686\/384\/france-school-stabbing-4.jpg?ve=1&amp;tl=1 2x\" height=\"192\" width=\"343\"><source media=\"(min-width: 768px) and (max-width: 1023px)\" srcset=\"https:\/\/a57.foxnews.com\/static.foxnews.com\/foxnews.com\/content\/uploads\/2025\/04\/672\/378\/france-school-stabbing-4.jpg?ve=1&amp;tl=1, https:\/\/a57.foxnews.com\/static.foxnews.com\/foxnews.com\/content\/uploads\/2025\/04\/1344\/756\/france-school-stabbing-4.jpg?ve=1&amp;tl=1 2x\" height=\"378\" width=\"672\"><source media=\"(min-width: 1024px) and (max-width: 1279px)\" srcset=\"https:\/\/a57.foxnews.com\/static.foxnews.com\/foxnews.com\/content\/uploads\/2025\/04\/931\/523\/france-school-stabbing-4.jpg?ve=1&amp;tl=1, https:\/\/a57.foxnews.com\/static.foxnews.com\/foxnews.com\/content\/uploads\/2025\/04\/1862\/1046\/france-school-stabbing-4.jpg?ve=1&amp;tl=1 2x\" height=\"523\" width=\"931\"><source media=\"(min-width: 1280px)\" srcset=\"https:\/\/a57.foxnews.com\/static.foxnews.com\/foxnews.com\/content\/uploads\/2025\/04\/720\/405\/france-school-stabbing-4.jpg?ve=1&amp;tl=1, https:\/\/a57.foxnews.com\/static.foxnews.com\/foxnews.com\/content\/uploads\/2025\/04\/1440\/810\/france-school-stabbing-4.jpg?ve=1&amp;tl=1 2x\" height=\"405\" width=\"720\"><img loading=\"lazy\" decoding=\"async\" src=\"https:\/\/a57.foxnews.com\/static.foxnews.com\/foxnews.com\/content\/uploads\/2025\/04\/1200\/675\/france-school-stabbing-4.jpg?ve=1&amp;tl=1\" alt=\"Ataque de apu\u00f1alamiento en Nantes High School\" width=\"1200\" height=\"675\"\/><\/source><\/source><\/source><\/source><\/picture><\/div>\n<div class=\"info\">\n<div class=\"caption\">\n<p><span>Los soldados y la polic\u00eda franceses se encuentran cerca de la escuela secundaria, donde ocurri\u00f3 un ataque de apu\u00f1alamiento en Nantes el jueves 24 de abril.<\/span> <span>(Loic Venance\/AFP a trav\u00e9s de Getty Images)<\/span><\/p>\n<\/div>\n<\/div>\n<\/div>\n<p>El atacante estaba vestido con ropa negra y llevaba un casco y un balaclava, tambi\u00e9n inform\u00f3 Reuters, citando al peri\u00f3dico local Oueest France. <\/p>\n<div class=\"image-ct inline\">\n<div class=\"m\"><picture><source media=\"(max-width: 767px)\" srcset=\"https:\/\/a57.foxnews.com\/static.foxnews.com\/foxnews.com\/content\/uploads\/2025\/04\/343\/192\/france-school-stabbing-1.jpg?ve=1&amp;tl=1, https:\/\/a57.foxnews.com\/static.foxnews.com\/foxnews.com\/content\/uploads\/2025\/04\/686\/384\/france-school-stabbing-1.jpg?ve=1&amp;tl=1 2x\" height=\"192\" width=\"343\"><source media=\"(min-width: 768px) and (max-width: 1023px)\" srcset=\"https:\/\/a57.foxnews.com\/static.foxnews.com\/foxnews.com\/content\/uploads\/2025\/04\/672\/378\/france-school-stabbing-1.jpg?ve=1&amp;tl=1, https:\/\/a57.foxnews.com\/static.foxnews.com\/foxnews.com\/content\/uploads\/2025\/04\/1344\/756\/france-school-stabbing-1.jpg?ve=1&amp;tl=1 2x\" height=\"378\" width=\"672\"><source media=\"(min-width: 1024px) and (max-width: 1279px)\" srcset=\"https:\/\/a57.foxnews.com\/static.foxnews.com\/foxnews.com\/content\/uploads\/2025\/04\/931\/523\/france-school-stabbing-1.jpg?ve=1&amp;tl=1, https:\/\/a57.foxnews.com\/static.foxnews.com\/foxnews.com\/content\/uploads\/2025\/04\/1862\/1046\/france-school-stabbing-1.jpg?ve=1&amp;tl=1 2x\" height=\"523\" width=\"931\"><source media=\"(min-width: 1280px)\" srcset=\"https:\/\/a57.foxnews.com\/static.foxnews.com\/foxnews.com\/content\/uploads\/2025\/04\/720\/405\/france-school-stabbing-1.jpg?ve=1&amp;tl=1, https:\/\/a57.foxnews.com\/static.foxnews.com\/foxnews.com\/content\/uploads\/2025\/04\/1440\/810\/france-school-stabbing-1.jpg?ve=1&amp;tl=1 2x\" height=\"405\" width=\"720\"><img loading=\"lazy\" decoding=\"async\" src=\"https:\/\/a57.foxnews.com\/static.foxnews.com\/foxnews.com\/content\/uploads\/2025\/04\/1200\/675\/france-school-stabbing-1.jpg?ve=1&amp;tl=1\" alt=\"Polic\u00eda en la escena de apu\u00f1alamiento en Francia\" width=\"1200\" height=\"675\"\/><\/source><\/source><\/source><\/source><\/picture><\/div>\n<div class=\"info\">\n<div class=\"caption\">\n<p><span>Seg\u00fan los informes, el atacante estudiantil fue sometido por maestros el jueves antes de que llegara la polic\u00eda.<\/span> <span>(Reuters\/Stephane Mahe)<\/span><\/p>\n<\/div>\n<\/div>\n<\/div>\n<p><strong>Haga clic aqu\u00ed para obtener la aplicaci\u00f3n Fox News<\/strong><strong> <\/strong><\/p>\n<p>Las fotos tomadas cerca de la escuela mostraron una fuerte presencia de seguridad el jueves. <\/p>\n<p><i>Associated Press contribuy\u00f3 a este informe. <\/i><\/p>\n<p> <!----> <\/p>\n<div class=\"article-meta\">\n<div class=\"author-bio\">\n<p>Greg Norman es reportero de Fox News Digital.<\/p>\n<\/div>\n<\/div>\n<\/div>\n\n","protected":false},"excerpt":{"rendered":"<p>La polic\u00eda francesa arrest\u00f3 a un estudiante el jueves despu\u00e9s de que supuestamente mat\u00f3 a otro estudiante e hiri\u00f3 a otros tres en un ataque punzante en su escuela cat\u00f3lica privada. El atacante de 15 a\u00f1os fue dominado por los maestros en la escuela secundaria Notre-Dame-de-Toutes-Aides en Nantes antes de que llegara la polic\u00eda, dijo &hellip;<\/p>\n","protected":false},"author":1,"featured_media":24345,"comment_status":"open","ping_status":"open","sticky":false,"template":"","format":"standard","meta":{"fifu_image_url":"https:\/\/static.foxnews.com\/foxnews.com\/content\/uploads\/2025\/04\/france-school-stabbing-3.jpg","fifu_image_alt":"","footnotes":""},"categories":[13],"tags":[],"class_list":["post-24343","post","type-post","status-publish","format-standard","has-post-thumbnail","","category-mundo"],"_links":{"self":[{"href":"https:\/\/noticiasveraces.com\/index.php?rest_route=\/wp\/v2\/posts\/24343","targetHints":{"allow":["GET"]}}],"collection":[{"href":"https:\/\/noticiasveraces.com\/index.php?rest_route=\/wp\/v2\/posts"}],"about":[{"href":"https:\/\/noticiasveraces.com\/index.php?rest_route=\/wp\/v2\/types\/post"}],"author":[{"embeddable":true,"href":"https:\/\/noticiasveraces.com\/index.php?rest_route=\/wp\/v2\/users\/1"}],"replies":[{"embeddable":true,"href":"https:\/\/noticiasveraces.com\/index.php?rest_route=%2Fwp%2Fv2%2Fcomments&post=24343"}],"version-history":[{"count":0,"href":"https:\/\/noticiasveraces.com\/index.php?rest_route=\/wp\/v2\/posts\/24343\/revisions"}],"wp:featuredmedia":[{"embeddable":true,"href":"https:\/\/noticiasveraces.com\/index.php?rest_route=\/wp\/v2\/media\/24345"}],"wp:attachment":[{"href":"https:\/\/noticiasveraces.com\/index.php?rest_route=%2Fwp%2Fv2%2Fmedia&parent=24343"}],"wp:term":[{"taxonomy":"category","embeddable":true,"href":"https:\/\/noticiasveraces.com\/index.php?rest_route=%2Fwp%2Fv2%2Fcategories&post=24343"},{"taxonomy":"post_tag","embeddable":true,"href":"https:\/\/noticiasveraces.com\/index.php?rest_route=%2Fwp%2Fv2%2Ftags&post=24343"}],"curies":[{"name":"wp","href":"https:\/\/api.w.org\/{rel}","templated":true}]}}