{"id":24338,"date":"2025-04-24T12:43:13","date_gmt":"2025-04-24T16:43:13","guid":{"rendered":"https:\/\/noticiasveraces.com\/?p=24338"},"modified":"2025-04-24T12:43:13","modified_gmt":"2025-04-24T16:43:13","slug":"el-foro-economico-mundial-respalda-la-investigacion-sobre-el-fundador-del-cuerpo-globalista-klaus-schwab","status":"publish","type":"post","link":"https:\/\/noticiasveraces.com\/?p=24338","title":{"rendered":"El Foro Econ\u00f3mico Mundial respalda la investigaci\u00f3n sobre el fundador del cuerpo globalista Klaus Schwab"},"content":{"rendered":"<p> \n<\/p>\n<div>\n<p class=\"speakable\">El Foro Econ\u00f3mico Mundial, el organismo globalista que organiza su reuni\u00f3n anual de \u00e9lites en Davos, Suiza, est\u00e1 apoyando una investigaci\u00f3n independiente sobre las acusaciones de denunciantes presentadas contra su fundador, Klaus Schwab, confirm\u00f3 Fox News Digital. <\/p>\n<p class=\"speakable\">El Wall Street Journal inform\u00f3 por primera vez la queja del denunciante el martes, un d\u00eda despu\u00e9s de que Schwab, de 87 a\u00f1os, renunci\u00f3 como presidente y como miembro de la Junta de S\u00edndicos, con vigencia de inmediato. <\/p>\n<p>Seg\u00fan el Journal, un denunciante an\u00f3nimo escribi\u00f3 una carta a la junta, que incluye al ex vicepresidente Al Gore, la reina Rania de Jordania y la presidenta del Banco Central Europeo Christine Lagarde como miembros, alegando mala conducta financiera y \u00e9tica de Schwab y su esposa, Hilde. Las afirmaciones incluyeron que Schwab supuestamente aprovech\u00f3 los subordinados para retirar miles de d\u00f3lares de los cajeros autom\u00e1ticos en su nombre y us\u00f3 fondos de WEF para pagar los masajes privados en la habitaci\u00f3n en los hoteles. <\/p>\n<p><strong>El fundador del Foro Econ\u00f3mico Mundial, Klaus Schwab, dura del tablero del cuerpo globalista<\/strong><\/p>\n<div class=\"image-ct inline\">\n<div class=\"m\"><picture><source media=\"(max-width: 767px)\" srcset=\"https:\/\/a57.foxnews.com\/static.foxnews.com\/foxnews.com\/content\/uploads\/2025\/04\/343\/192\/ap25113366561333.jpg?ve=1&amp;tl=1, https:\/\/a57.foxnews.com\/static.foxnews.com\/foxnews.com\/content\/uploads\/2025\/04\/686\/384\/ap25113366561333.jpg?ve=1&amp;tl=1 2x\" height=\"192\" width=\"343\"><source media=\"(min-width: 768px) and (max-width: 1023px)\" srcset=\"https:\/\/a57.foxnews.com\/static.foxnews.com\/foxnews.com\/content\/uploads\/2025\/04\/672\/378\/ap25113366561333.jpg?ve=1&amp;tl=1, https:\/\/a57.foxnews.com\/static.foxnews.com\/foxnews.com\/content\/uploads\/2025\/04\/1344\/756\/ap25113366561333.jpg?ve=1&amp;tl=1 2x\" height=\"378\" width=\"672\"><source media=\"(min-width: 1024px) and (max-width: 1279px)\" srcset=\"https:\/\/a57.foxnews.com\/static.foxnews.com\/foxnews.com\/content\/uploads\/2025\/04\/931\/523\/ap25113366561333.jpg?ve=1&amp;tl=1, https:\/\/a57.foxnews.com\/static.foxnews.com\/foxnews.com\/content\/uploads\/2025\/04\/1862\/1046\/ap25113366561333.jpg?ve=1&amp;tl=1 2x\" height=\"523\" width=\"931\"><source media=\"(min-width: 1280px)\" srcset=\"https:\/\/a57.foxnews.com\/static.foxnews.com\/foxnews.com\/content\/uploads\/2025\/04\/720\/405\/ap25113366561333.jpg?ve=1&amp;tl=1, https:\/\/a57.foxnews.com\/static.foxnews.com\/foxnews.com\/content\/uploads\/2025\/04\/1440\/810\/ap25113366561333.jpg?ve=1&amp;tl=1 2x\" height=\"405\" width=\"720\"><img loading=\"lazy\" decoding=\"async\" src=\"https:\/\/a57.foxnews.com\/static.foxnews.com\/foxnews.com\/content\/uploads\/2025\/04\/1200\/675\/ap25113366561333.jpg?ve=1&amp;tl=1\" alt=\"Schwab habla en la reuni\u00f3n anual de WEF en Davos\" width=\"1200\" height=\"675\"\/><\/source><\/source><\/source><\/source><\/picture><\/div>\n<div class=\"info\">\n<div class=\"caption\">\n<p><span>El fundador del Foro Econ\u00f3mico Mundial (WEF), Klaus Schwab, habla en la reuni\u00f3n anual del Foro Econ\u00f3mico Mundial en Davos, Suiza, el martes 21 de enero de 2025. <\/span> <span>(AP Photo\/Markus Schreiber, archivo)<\/span><\/p>\n<\/div>\n<\/div>\n<\/div>\n<p>Seg\u00fan los informes, la carta tambi\u00e9n aleg\u00f3 que su esposa, un ex empleado de WEF, organiz\u00f3 reuniones \u00abtokens\u00bb financiadas por el foro para racionalizar los viajes de vacaciones de lujo en la pesta\u00f1a de la organizaci\u00f3n. <\/p>\n<p>Un portavoz de la familia Schwab neg\u00f3 todas las acusaciones sobre viajes de lujo y retirar dinero, dici\u00e9ndole a la revista que Klaus Schwab siempre le devolver\u00eda el foro por cualquier masaje cobrado a los hoteles mientras viaja. El portavoz tambi\u00e9n le dijo al Journal que la familia planea presentar una demanda contra quien fuera responsable de la carta de denunciantes y \u00abcualquiera que difunda estas malas ondas\u00bb. <\/p>\n<p>El Journal inform\u00f3 que la junta convoc\u00f3 una reuni\u00f3n de emergencia el domingo de Pascua sobre las acusaciones de denunciantes para considerar un curso de acci\u00f3n. <\/p>\n<p>\u00abLa Junta de S\u00edndicos del Foro Econ\u00f3mico Mundial apoy\u00f3 por unanimidad la decisi\u00f3n del Comit\u00e9 de Auditor\u00eda y Riesgo de iniciar una investigaci\u00f3n independiente luego de una carta de denuncia que contiene acusaciones contra el ex presidente Klaus Schwab\u00bb, dijo el WEF en un comunicado obtenido por Fox News Digital. \u00abEsta decisi\u00f3n se tom\u00f3 despu\u00e9s de consultar con asesor legal externo y en l\u00ednea con las responsabilidades fiduciarias del foro\u00bb. <\/p>\n<p>\u00abLa investigaci\u00f3n estar\u00e1 dirigida por el Comit\u00e9 de Auditor\u00eda y Riesgos con el apoyo de expertos legales independientes\u00bb, continu\u00f3 la declaraci\u00f3n. \u00abEl Comit\u00e9 se mover\u00e1 de manera expedente para determinar sus procesos y par\u00e1metros y compartir\u00e1 su progreso con la Junta. Si bien el Foro toma en serio estas acusaciones, enfatiza que permanecen no probados y esperar\u00e1n el resultado de la investigaci\u00f3n para comentar m\u00e1s\u00bb.<\/p>\n<div class=\"image-ct inline\">\n<div class=\"m\"><picture><source media=\"(max-width: 767px)\" srcset=\"https:\/\/a57.foxnews.com\/static.foxnews.com\/foxnews.com\/content\/uploads\/2025\/04\/343\/192\/gettyimages-2194864636-1.jpg?ve=1&amp;tl=1, https:\/\/a57.foxnews.com\/static.foxnews.com\/foxnews.com\/content\/uploads\/2025\/04\/686\/384\/gettyimages-2194864636-1.jpg?ve=1&amp;tl=1 2x\" height=\"192\" width=\"343\"><source media=\"(min-width: 768px) and (max-width: 1023px)\" srcset=\"https:\/\/a57.foxnews.com\/static.foxnews.com\/foxnews.com\/content\/uploads\/2025\/04\/672\/378\/gettyimages-2194864636-1.jpg?ve=1&amp;tl=1, https:\/\/a57.foxnews.com\/static.foxnews.com\/foxnews.com\/content\/uploads\/2025\/04\/1344\/756\/gettyimages-2194864636-1.jpg?ve=1&amp;tl=1 2x\" height=\"378\" width=\"672\"><source media=\"(min-width: 1024px) and (max-width: 1279px)\" srcset=\"https:\/\/a57.foxnews.com\/static.foxnews.com\/foxnews.com\/content\/uploads\/2025\/04\/931\/523\/gettyimages-2194864636-1.jpg?ve=1&amp;tl=1, https:\/\/a57.foxnews.com\/static.foxnews.com\/foxnews.com\/content\/uploads\/2025\/04\/1862\/1046\/gettyimages-2194864636-1.jpg?ve=1&amp;tl=1 2x\" height=\"523\" width=\"931\"><source media=\"(min-width: 1280px)\" srcset=\"https:\/\/a57.foxnews.com\/static.foxnews.com\/foxnews.com\/content\/uploads\/2025\/04\/720\/405\/gettyimages-2194864636-1.jpg?ve=1&amp;tl=1, https:\/\/a57.foxnews.com\/static.foxnews.com\/foxnews.com\/content\/uploads\/2025\/04\/1440\/810\/gettyimages-2194864636-1.jpg?ve=1&amp;tl=1 2x\" height=\"405\" width=\"720\"><img loading=\"lazy\" decoding=\"async\" src=\"https:\/\/a57.foxnews.com\/static.foxnews.com\/foxnews.com\/content\/uploads\/2025\/04\/1200\/675\/gettyimages-2194864636-1.jpg?ve=1&amp;tl=1\" alt=\"Trump se dirige a Davos de forma remota en la pantalla\" width=\"1200\" height=\"675\"\/><\/source><\/source><\/source><\/source><\/picture><\/div>\n<div class=\"info\">\n<div class=\"caption\">\n<p><span>El presidente Donald Trump durante su discurso por videoconferencia en la reuni\u00f3n anual del Foro Econ\u00f3mico Mundial (WEF) en Davos el 23 de enero de 2025. <\/span> <span>(Fabrice Coffrini\/AFP a trav\u00e9s de Getty Images)<\/span><\/p>\n<\/div>\n<\/div>\n<\/div>\n<p><strong><u>Los comentarios de Davos de Trump reavivan la controversia debate<\/u><\/strong><\/p>\n<p>\u00abBajo la presidencia interina de Peter Brabeck-Letmathe y el continuo liderazgo del presidente y CEO B\u00f8rge Brende, el foro sigue totalmente comprometido con su misi\u00f3n y responsabilidades\u00bb. <\/p>\n<p>Al anunciar la partida de Schwab el lunes, Wef dijo que su junta \u00abreconoci\u00f3 los logros sobresalientes del retirado\u00bb Schwab. <\/p>\n<p>\u00abCre\u00f3 la plataforma global l\u00edder para el di\u00e1logo y el progreso, y la junta expres\u00f3 su gratitud por sus 55 a\u00f1os de liderazgo implacable al frente del foro\u00bb, dijo el WEF en un comunicado. \u00abEn un momento en que el mundo est\u00e1 experimentando una r\u00e1pida transformaci\u00f3n, la necesidad de un di\u00e1logo inclusivo para navegar por la complejidad y la forma del futuro nunca ha sido m\u00e1s cr\u00edtico. La Junta de Fideicomisarios del Foro Econ\u00f3mico Mundial subraya la importancia de permanecer firme en su misi\u00f3n y valores como facilitador de progreso. Construyendo su papel confiable, el Foro continuar\u00e1 reuniendo a l\u00edderes de todos los sectores y regiones para intercambiar inspiraciones y foster Colloratoration\u00bb. \u00ab.\u00bb \u00ab.\u00bb \u00ab.\u00bb \u00ab.\u00bb \u00bb <\/p>\n<div class=\"image-ct inline\">\n<div class=\"m\"><picture><source media=\"(max-width: 767px)\" srcset=\"https:\/\/a57.foxnews.com\/static.foxnews.com\/foxnews.com\/content\/uploads\/2025\/04\/343\/192\/gettyimages-2194855273.jpg?ve=1&amp;tl=1, https:\/\/a57.foxnews.com\/static.foxnews.com\/foxnews.com\/content\/uploads\/2025\/04\/686\/384\/gettyimages-2194855273.jpg?ve=1&amp;tl=1 2x\" height=\"192\" width=\"343\"><source media=\"(min-width: 768px) and (max-width: 1023px)\" srcset=\"https:\/\/a57.foxnews.com\/static.foxnews.com\/foxnews.com\/content\/uploads\/2025\/04\/672\/378\/gettyimages-2194855273.jpg?ve=1&amp;tl=1, https:\/\/a57.foxnews.com\/static.foxnews.com\/foxnews.com\/content\/uploads\/2025\/04\/1344\/756\/gettyimages-2194855273.jpg?ve=1&amp;tl=1 2x\" height=\"378\" width=\"672\"><source media=\"(min-width: 1024px) and (max-width: 1279px)\" srcset=\"https:\/\/a57.foxnews.com\/static.foxnews.com\/foxnews.com\/content\/uploads\/2025\/04\/931\/523\/gettyimages-2194855273.jpg?ve=1&amp;tl=1, https:\/\/a57.foxnews.com\/static.foxnews.com\/foxnews.com\/content\/uploads\/2025\/04\/1862\/1046\/gettyimages-2194855273.jpg?ve=1&amp;tl=1 2x\" height=\"523\" width=\"931\"><source media=\"(min-width: 1280px)\" srcset=\"https:\/\/a57.foxnews.com\/static.foxnews.com\/foxnews.com\/content\/uploads\/2025\/04\/720\/405\/gettyimages-2194855273.jpg?ve=1&amp;tl=1, https:\/\/a57.foxnews.com\/static.foxnews.com\/foxnews.com\/content\/uploads\/2025\/04\/1440\/810\/gettyimages-2194855273.jpg?ve=1&amp;tl=1 2x\" height=\"405\" width=\"720\"><img loading=\"lazy\" decoding=\"async\" src=\"https:\/\/a57.foxnews.com\/static.foxnews.com\/foxnews.com\/content\/uploads\/2025\/04\/1200\/675\/gettyimages-2194855273.jpg?ve=1&amp;tl=1\" alt=\"Los participantes de la reuni\u00f3n de Davos escuchan el discurso de Trump\" width=\"1200\" height=\"675\"\/><\/source><\/source><\/source><\/source><\/picture><\/div>\n<div class=\"info\">\n<div class=\"caption\">\n<p><span>Los participantes siguen el discurso de Donald Trump durante la 55\u00aa Reuni\u00f3n Anual del Foro Econ\u00f3mico Mundial (WEF) en Davos, Suiza, el 23 de enero de 2025. <\/span> <span>(Halil Sagirkaya \/ Anadolu a trav\u00e9s de Getty Images)<\/span><\/p>\n<\/div>\n<\/div>\n<\/div>\n<p>La reuni\u00f3n anual en Davos durante a\u00f1os ha reunido a los principales ejecutivos de negocios, l\u00edderes gubernamentales, acad\u00e9micos, organizaciones internacionales, figuras culturales, leyendas deportivas y celebridades para conversaciones sobre asuntos econ\u00f3micos mundiales. <\/p>\n<p>El presidente Donald Trump se dirigi\u00f3 a la reuni\u00f3n de Davos de forma remota en enero, solo tres d\u00edas despu\u00e9s de su inauguraci\u00f3n. <\/p>\n<p><strong><u>Obtenga el negocio de Fox sobre la marcha haciendo clic aqu\u00ed<\/u><\/strong><\/p>\n<p>\u00abLo que el mundo ha presenciado en las \u00faltimas 72 horas es nada menos que una revoluci\u00f3n del sentido com\u00fan\u00bb, dijo Trump, hablando de su plan para comenzar una \u00abedad de oro\u00bb para Estados Unidos. \u00abNuestro pa\u00eds pronto ser\u00e1 m\u00e1s fuerte, m\u00e1s rico y m\u00e1s unido que nunca, y todo el planeta ser\u00e1 m\u00e1s pac\u00edfico y pr\u00f3spero como resultado de este incre\u00edble impulso y lo que estamos haciendo y haremos\u00bb. <\/p>\n<p> <!----> <\/p>\n<div class=\"article-meta\">\n<div class=\"author-bio\">\n<p>Danielle Wallace es reportera de noticias y pol\u00edticas en Fox News Digital. Los consejos de la historia se pueden enviar a danielle.wallace@fox.com y en X: @danimwallace. <\/p>\n<\/div>\n<\/div>\n<\/div>\n\n","protected":false},"excerpt":{"rendered":"<p>El Foro Econ\u00f3mico Mundial, el organismo globalista que organiza su reuni\u00f3n anual de \u00e9lites en Davos, Suiza, est\u00e1 apoyando una investigaci\u00f3n independiente sobre las acusaciones de denunciantes presentadas contra su fundador, Klaus Schwab, confirm\u00f3 Fox News Digital. El Wall Street Journal inform\u00f3 por primera vez la queja del denunciante el martes, un d\u00eda despu\u00e9s de &hellip;<\/p>\n","protected":false},"author":1,"featured_media":24340,"comment_status":"open","ping_status":"open","sticky":false,"template":"","format":"standard","meta":{"fifu_image_url":"https:\/\/static.foxnews.com\/foxnews.com\/content\/uploads\/2025\/04\/ap25113366561333.jpg","fifu_image_alt":"","footnotes":""},"categories":[13],"tags":[],"class_list":["post-24338","post","type-post","status-publish","format-standard","has-post-thumbnail","","category-mundo"],"_links":{"self":[{"href":"https:\/\/noticiasveraces.com\/index.php?rest_route=\/wp\/v2\/posts\/24338","targetHints":{"allow":["GET"]}}],"collection":[{"href":"https:\/\/noticiasveraces.com\/index.php?rest_route=\/wp\/v2\/posts"}],"about":[{"href":"https:\/\/noticiasveraces.com\/index.php?rest_route=\/wp\/v2\/types\/post"}],"author":[{"embeddable":true,"href":"https:\/\/noticiasveraces.com\/index.php?rest_route=\/wp\/v2\/users\/1"}],"replies":[{"embeddable":true,"href":"https:\/\/noticiasveraces.com\/index.php?rest_route=%2Fwp%2Fv2%2Fcomments&post=24338"}],"version-history":[{"count":0,"href":"https:\/\/noticiasveraces.com\/index.php?rest_route=\/wp\/v2\/posts\/24338\/revisions"}],"wp:featuredmedia":[{"embeddable":true,"href":"https:\/\/noticiasveraces.com\/index.php?rest_route=\/wp\/v2\/media\/24340"}],"wp:attachment":[{"href":"https:\/\/noticiasveraces.com\/index.php?rest_route=%2Fwp%2Fv2%2Fmedia&parent=24338"}],"wp:term":[{"taxonomy":"category","embeddable":true,"href":"https:\/\/noticiasveraces.com\/index.php?rest_route=%2Fwp%2Fv2%2Fcategories&post=24338"},{"taxonomy":"post_tag","embeddable":true,"href":"https:\/\/noticiasveraces.com\/index.php?rest_route=%2Fwp%2Fv2%2Ftags&post=24338"}],"curies":[{"name":"wp","href":"https:\/\/api.w.org\/{rel}","templated":true}]}}