{"id":24335,"date":"2025-04-24T11:42:17","date_gmt":"2025-04-24T15:42:17","guid":{"rendered":"https:\/\/noticiasveraces.com\/?p=24335"},"modified":"2025-04-24T11:42:17","modified_gmt":"2025-04-24T15:42:17","slug":"israel-se-detiene-a-medida-que-la-nacion-marca-el-dia-de-los-caidos-del-holocausto","status":"publish","type":"post","link":"https:\/\/noticiasveraces.com\/?p=24335","title":{"rendered":"Israel se detiene a medida que la naci\u00f3n marca el D\u00eda de los Ca\u00eddos del Holocausto"},"content":{"rendered":"<p> \n<\/p>\n<div>\n<p class=\"speakable\">Tel Aviv &#8211; Israel se detuvo a medida que todo el pa\u00eds se detuvo en memoria de los 6 millones de jud\u00edos asesinados por los nazis durante el Holocausto.<\/p>\n<p class=\"speakable\">La ceremonia estatal oficial de Israel, mantenida bajo el estandarte \u00abfuera de las profundidades: el dolor de la liberaci\u00f3n y el crecimiento\u00bb, tuvo lugar el mi\u00e9rcoles por la noche, con una sombra que todav\u00eda se lanz\u00f3 sobre la naci\u00f3n por la masacre del 7 de octubre, la guerra en curso contra Hamas y las 59 personas, incluidos los estadounidenses, que todav\u00eda est\u00e1n en manos de terroristas palestinos en Gaza.<\/p>\n<p>El primer ministro israel\u00ed, Benjamin Netanyahu, hizo una conexi\u00f3n entre el Holocausto y las amenazas actuales que enfrentan Israel: \u00abHace ochenta a\u00f1os, el pueblo jud\u00edo estaba indefenso. Hoy, ya no estamos indefensos. El estado de Israel es fuerte, las FDI son fuertes, y haremos lo que sea necesario para devolver a nuestros rehenes y derrotar a nuestros enemigos\u00bb, dijo.<\/p>\n<p>\u00abSin decisi\u00f3n, ninguna resoluci\u00f3n puede evitar que resolvamos el puntaje con estos b\u00e1rbaros despreciables y terribles, que son tan malos como los nazis, que secuestraron, asesinaron y violaron a nuestros seres queridos\u00bb, agreg\u00f3 Netanyahu, en referencia a Hamas.<\/p>\n<p><strong>Apretando el antisemitismo en Canad\u00e1 provoca preocupaci\u00f3n por los jud\u00edos del pa\u00eds antes de la elecci\u00f3n<\/strong><\/p>\n<div class=\"image-ct inline\">\n<div class=\"m\"><picture><source media=\"(max-width: 767px)\" srcset=\"https:\/\/a57.foxnews.com\/static.foxnews.com\/foxnews.com\/content\/uploads\/2025\/04\/343\/192\/netanyahu-speaking-at-holocaust-ceremony-scaled.jpg?ve=1&amp;tl=1, https:\/\/a57.foxnews.com\/static.foxnews.com\/foxnews.com\/content\/uploads\/2025\/04\/686\/384\/netanyahu-speaking-at-holocaust-ceremony-scaled.jpg?ve=1&amp;tl=1 2x\" height=\"192\" width=\"343\"><source media=\"(min-width: 768px) and (max-width: 1023px)\" srcset=\"https:\/\/a57.foxnews.com\/static.foxnews.com\/foxnews.com\/content\/uploads\/2025\/04\/672\/378\/netanyahu-speaking-at-holocaust-ceremony-scaled.jpg?ve=1&amp;tl=1, https:\/\/a57.foxnews.com\/static.foxnews.com\/foxnews.com\/content\/uploads\/2025\/04\/1344\/756\/netanyahu-speaking-at-holocaust-ceremony-scaled.jpg?ve=1&amp;tl=1 2x\" height=\"378\" width=\"672\"><source media=\"(min-width: 1024px) and (max-width: 1279px)\" srcset=\"https:\/\/a57.foxnews.com\/static.foxnews.com\/foxnews.com\/content\/uploads\/2025\/04\/931\/523\/netanyahu-speaking-at-holocaust-ceremony-scaled.jpg?ve=1&amp;tl=1, https:\/\/a57.foxnews.com\/static.foxnews.com\/foxnews.com\/content\/uploads\/2025\/04\/1862\/1046\/netanyahu-speaking-at-holocaust-ceremony-scaled.jpg?ve=1&amp;tl=1 2x\" height=\"523\" width=\"931\"><source media=\"(min-width: 1280px)\" srcset=\"https:\/\/a57.foxnews.com\/static.foxnews.com\/foxnews.com\/content\/uploads\/2025\/04\/720\/405\/netanyahu-speaking-at-holocaust-ceremony-scaled.jpg?ve=1&amp;tl=1, https:\/\/a57.foxnews.com\/static.foxnews.com\/foxnews.com\/content\/uploads\/2025\/04\/1440\/810\/netanyahu-speaking-at-holocaust-ceremony-scaled.jpg?ve=1&amp;tl=1 2x\" height=\"405\" width=\"720\"><img loading=\"lazy\" decoding=\"async\" src=\"https:\/\/a57.foxnews.com\/static.foxnews.com\/foxnews.com\/content\/uploads\/2025\/04\/1200\/675\/netanyahu-speaking-at-holocaust-ceremony-scaled.jpg?ve=1&amp;tl=1\" alt=\"Israel-Pol\u00edtica-Holocausto\" width=\"1200\" height=\"675\"\/><\/source><\/source><\/source><\/source><\/picture><\/div>\n<div class=\"info\">\n<div class=\"caption\">\n<p><span>El primer ministro israel\u00ed, Benjamin Netanyahu, habla durante una ceremonia que marca el D\u00eda del Recuerdo del Holocausto en el Memorial Yad Vashem Holocausto en Jerusal\u00e9n el 23 de abril de 2025.<\/span> <span>(Menahem Kahana\/AFP a trav\u00e9s de Getty)<\/span><\/p>\n<\/div>\n<\/div>\n<\/div>\n<p>El presidente Donald Trump emiti\u00f3 una proclamaci\u00f3n para marcar la solemne ocasi\u00f3n. \u00abEl precio de la humanidad de las vidas perdidas durante el Shoah nunca puede ser completamente capturado o entendido. Sin embargo, incluso a ra\u00edz del Holocausto, una patria jud\u00eda autodeterminada se levant\u00f3 de las cenizas como el estado moderno de Israel\u00bb, se\u00f1al\u00f3.<\/p>\n<p>\u00abLamentablemente, nuestra naci\u00f3n ha dado testimonio del peor brote de antisemitismo en el suelo estadounidense en generaciones. Casi todos los d\u00edas despu\u00e9s del mortal 7 de octubre de 2023, Attack on Israel, los estadounidenses jud\u00edos fueron amenazados en nuestras calles y en nuestra plaza p\u00fablica, un recordatorio de que el veneno del antisemitismo a\u00fan existe tr\u00e1gicamente\u00bb, agreg\u00f3.<\/p>\n<p>El presidente israel\u00ed, Isaac Herzog, prometi\u00f3 durante el principal evento de recuerdo del pa\u00eds para nunca permitir que otro genocidio sea perpetrado contra el pueblo jud\u00edo.<\/p>\n<div class=\"image-ct inline\">\n<div class=\"m\"><picture><source media=\"(max-width: 767px)\" srcset=\"https:\/\/a57.foxnews.com\/static.foxnews.com\/foxnews.com\/content\/uploads\/2025\/04\/343\/192\/gettyimages-2211608674-scaled.jpg?ve=1&amp;tl=1, https:\/\/a57.foxnews.com\/static.foxnews.com\/foxnews.com\/content\/uploads\/2025\/04\/686\/384\/gettyimages-2211608674-scaled.jpg?ve=1&amp;tl=1 2x\" height=\"192\" width=\"343\"><source media=\"(min-width: 768px) and (max-width: 1023px)\" srcset=\"https:\/\/a57.foxnews.com\/static.foxnews.com\/foxnews.com\/content\/uploads\/2025\/04\/672\/378\/gettyimages-2211608674-scaled.jpg?ve=1&amp;tl=1, https:\/\/a57.foxnews.com\/static.foxnews.com\/foxnews.com\/content\/uploads\/2025\/04\/1344\/756\/gettyimages-2211608674-scaled.jpg?ve=1&amp;tl=1 2x\" height=\"378\" width=\"672\"><source media=\"(min-width: 1024px) and (max-width: 1279px)\" srcset=\"https:\/\/a57.foxnews.com\/static.foxnews.com\/foxnews.com\/content\/uploads\/2025\/04\/931\/523\/gettyimages-2211608674-scaled.jpg?ve=1&amp;tl=1, https:\/\/a57.foxnews.com\/static.foxnews.com\/foxnews.com\/content\/uploads\/2025\/04\/1862\/1046\/gettyimages-2211608674-scaled.jpg?ve=1&amp;tl=1 2x\" height=\"523\" width=\"931\"><source media=\"(min-width: 1280px)\" srcset=\"https:\/\/a57.foxnews.com\/static.foxnews.com\/foxnews.com\/content\/uploads\/2025\/04\/720\/405\/gettyimages-2211608674-scaled.jpg?ve=1&amp;tl=1, https:\/\/a57.foxnews.com\/static.foxnews.com\/foxnews.com\/content\/uploads\/2025\/04\/1440\/810\/gettyimages-2211608674-scaled.jpg?ve=1&amp;tl=1 2x\" height=\"405\" width=\"720\"><img loading=\"lazy\" decoding=\"async\" src=\"https:\/\/a57.foxnews.com\/static.foxnews.com\/foxnews.com\/content\/uploads\/2025\/04\/1200\/675\/gettyimages-2211608674-scaled.jpg?ve=1&amp;tl=1\" alt=\"7 de octubre sobrevivientes en Auschwitz\" width=\"1200\" height=\"675\"\/><\/source><\/source><\/source><\/source><\/picture><\/div>\n<div class=\"info\">\n<div class=\"caption\">\n<p><span>Un grupo de sobrevivientes y familiares de sobrevivientes y v\u00edctimas visita Auschwitz, antes del D\u00eda del Recuerdo del Holocausto el 23 de abril de 2025, en Oswiecim, Polonia.<\/span> <span>(Alexi Rosenfeld\/Getty Images)<\/span><\/p>\n<\/div>\n<\/div>\n<\/div>\n<p>\u00abDesde esta monta\u00f1a de memoria, yad Vashem, declaramos: no olvidaremos, no perdonaremos y no permaneceremos en silencio. No frente a Hamas, no frente a Ir\u00e1n, y no frente a quienes nos desean da\u00f1o, ya sea con misiles, machetes o mentiras\u00bb, dijo.<\/p>\n<p>Durante el evento, el sobreviviente del Holocausto, Gad Fartouk, de 93 a\u00f1os, encendi\u00f3 una de las seis antorchas conmemorativas, antes de recitar una oraci\u00f3n: \u00abQue todos los rehenes vuelvan a casa pronto. Am\u00e9n\u00bb.<\/p>\n<p>Herzog viaj\u00f3 el jueves a Polonia para liderar la marcha de los vivos en el antiguo campamento de exterminio de Auschwitz-Birkenau. Este a\u00f1o, 80 sobrevivientes de 80 a 97 a\u00f1os, muchos de los cuales fueron liberados de los campos de exterminio nazis, se unieron una delegaci\u00f3n israel\u00ed de 10 rehenes liberados.<\/p>\n<p>\u00abNunca olvidaremos ni perdonaremos los horrores del Holocausto. Sin embargo, cada representante que ha venido aqu\u00ed de la delegaci\u00f3n del 7 de octubre es un triunfo de la luz para el pueblo jud\u00edo, y un recordatorio de que el pueblo jud\u00edo existir\u00e1 por la eternidad\u00bb, dijo el ex cautivo Eli Sharabi, que marcha en memoria de su hermano Yossi, cuyo cuerpo a\u00fan est\u00e1 en Gaza.<\/p>\n<p><strong>Seg\u00fan los informes, el grupo terrorista de Hamas se abrochan bajo tensi\u00f3n financiera en medio de ganancias militares israel\u00edes y crecientes disturbios<\/strong><\/p>\n<div class=\"image-ct inline\">\n<div class=\"m\"><picture><source media=\"(max-width: 767px)\" srcset=\"https:\/\/a57.foxnews.com\/static.foxnews.com\/foxnews.com\/content\/uploads\/2024\/01\/343\/192\/GettyImages-3303531.jpg?ve=1&amp;tl=1, https:\/\/a57.foxnews.com\/static.foxnews.com\/foxnews.com\/content\/uploads\/2024\/01\/686\/384\/GettyImages-3303531.jpg?ve=1&amp;tl=1 2x\" height=\"192\" width=\"343\"><source media=\"(min-width: 768px) and (max-width: 1023px)\" srcset=\"https:\/\/a57.foxnews.com\/static.foxnews.com\/foxnews.com\/content\/uploads\/2024\/01\/672\/378\/GettyImages-3303531.jpg?ve=1&amp;tl=1, https:\/\/a57.foxnews.com\/static.foxnews.com\/foxnews.com\/content\/uploads\/2024\/01\/1344\/756\/GettyImages-3303531.jpg?ve=1&amp;tl=1 2x\" height=\"378\" width=\"672\"><source media=\"(min-width: 1024px) and (max-width: 1279px)\" srcset=\"https:\/\/a57.foxnews.com\/static.foxnews.com\/foxnews.com\/content\/uploads\/2024\/01\/931\/523\/GettyImages-3303531.jpg?ve=1&amp;tl=1, https:\/\/a57.foxnews.com\/static.foxnews.com\/foxnews.com\/content\/uploads\/2024\/01\/1862\/1046\/GettyImages-3303531.jpg?ve=1&amp;tl=1 2x\" height=\"523\" width=\"931\"><source media=\"(min-width: 1280px)\" srcset=\"https:\/\/a57.foxnews.com\/static.foxnews.com\/foxnews.com\/content\/uploads\/2024\/01\/720\/405\/GettyImages-3303531.jpg?ve=1&amp;tl=1, https:\/\/a57.foxnews.com\/static.foxnews.com\/foxnews.com\/content\/uploads\/2024\/01\/1440\/810\/GettyImages-3303531.jpg?ve=1&amp;tl=1 2x\" height=\"405\" width=\"720\"><img loading=\"lazy\" decoding=\"async\" src=\"https:\/\/a57.foxnews.com\/static.foxnews.com\/foxnews.com\/content\/uploads\/2024\/01\/1200\/675\/GettyImages-3303531.jpg?ve=1&amp;tl=1\" alt=\"Puerta de auschwitz\" width=\"1200\" height=\"675\"\/><\/source><\/source><\/source><\/source><\/picture><\/div>\n<div class=\"info\">\n<div class=\"caption\">\n<p><span>Las puertas del campo de concentraci\u00f3n nazi en Auschwitz, Polonia, alrededor de 1965. El signo anterior, \u00abArbeit Macht Frei\u00bb, significa \u00abEl trabajo te hace libre\u00bb.<\/span> <span>(Keystone\/gettyimages)<\/span><\/p>\n<\/div>\n<\/div>\n<\/div>\n<p>\u00abEl pueblo jud\u00edo santifica la vida, no la muerte. Venimos aqu\u00ed con la esperanza de que el pacto entre el estado y sus ciudadanos sean honrados: que todos los rehenes regresen, tanto los vivos a sus hogares como a los ca\u00eddos a un entierro adecuado\u00bb, agreg\u00f3.<\/p>\n<p>Tambi\u00e9n participaban familiares de los asesinados o a\u00fan mantenidos cautivos, as\u00ed como familiares que han perdido a sus seres queridos durante la guerra de 18 meses.<\/p>\n<p>Entre los otros participantes se encontraba Merrill Eisenhower Atwater, bisnieto del general Dwight D. Eisenhower, quien dirigi\u00f3 el impulso aliado para liberar a Europa. La marcha de este a\u00f1o rindi\u00f3 homenaje especial a las fuerzas aliadas que liberaron los campos nazis hace 80 a\u00f1os.<\/p>\n<p>Seg\u00fan los datos oficiales, aproximadamente 120,000 sobrevivientes del Holocausto que emigraron a Israel permanecen vivos, y alrededor de 13,000 otros murieron el a\u00f1o pasado. Unos 2.500 sobrevivientes fueron afectados por los ataques del 7 de octubre de Hamas, y la mayor\u00eda fue evacuado a la seguridad de sus hogares.<\/p>\n<p>Se estima que 220,800 sobrevivientes del Holocausto todav\u00eda viven en 90 pa\u00edses de todo el mundo.<\/p>\n<p> <strong>Haga clic aqu\u00ed para obtener la aplicaci\u00f3n Fox News<\/strong><\/p>\n<div class=\"image-ct inline\">\n<div class=\"m\"><picture><source media=\"(max-width: 767px)\" srcset=\"https:\/\/a57.foxnews.com\/static.foxnews.com\/foxnews.com\/content\/uploads\/2025\/04\/343\/192\/gettyimages-2211605653-scaled.jpg?ve=1&amp;tl=1, https:\/\/a57.foxnews.com\/static.foxnews.com\/foxnews.com\/content\/uploads\/2025\/04\/686\/384\/gettyimages-2211605653-scaled.jpg?ve=1&amp;tl=1 2x\" height=\"192\" width=\"343\"><source media=\"(min-width: 768px) and (max-width: 1023px)\" srcset=\"https:\/\/a57.foxnews.com\/static.foxnews.com\/foxnews.com\/content\/uploads\/2025\/04\/672\/378\/gettyimages-2211605653-scaled.jpg?ve=1&amp;tl=1, https:\/\/a57.foxnews.com\/static.foxnews.com\/foxnews.com\/content\/uploads\/2025\/04\/1344\/756\/gettyimages-2211605653-scaled.jpg?ve=1&amp;tl=1 2x\" height=\"378\" width=\"672\"><source media=\"(min-width: 1024px) and (max-width: 1279px)\" srcset=\"https:\/\/a57.foxnews.com\/static.foxnews.com\/foxnews.com\/content\/uploads\/2025\/04\/931\/523\/gettyimages-2211605653-scaled.jpg?ve=1&amp;tl=1, https:\/\/a57.foxnews.com\/static.foxnews.com\/foxnews.com\/content\/uploads\/2025\/04\/1862\/1046\/gettyimages-2211605653-scaled.jpg?ve=1&amp;tl=1 2x\" height=\"523\" width=\"931\"><source media=\"(min-width: 1280px)\" srcset=\"https:\/\/a57.foxnews.com\/static.foxnews.com\/foxnews.com\/content\/uploads\/2025\/04\/720\/405\/gettyimages-2211605653-scaled.jpg?ve=1&amp;tl=1, https:\/\/a57.foxnews.com\/static.foxnews.com\/foxnews.com\/content\/uploads\/2025\/04\/1440\/810\/gettyimages-2211605653-scaled.jpg?ve=1&amp;tl=1 2x\" height=\"405\" width=\"720\"><img loading=\"lazy\" decoding=\"async\" src=\"https:\/\/a57.foxnews.com\/static.foxnews.com\/foxnews.com\/content\/uploads\/2025\/04\/1200\/675\/gettyimages-2211605653-scaled.jpg?ve=1&amp;tl=1\" alt=\"D\u00eda del Memorial del Holocausto\" width=\"1200\" height=\"675\"\/><\/source><\/source><\/source><\/source><\/picture><\/div>\n<div class=\"info\">\n<div class=\"caption\">\n<p><span>El sobreviviente del Holocausto George Shefi, de Berl\u00edn, y su nieta, Dana Elan, se\u00f1ala el nombre de su madre en el libro de nombres, enumerando a las v\u00edctimas del Holocausto, en Auschwitz el 23 de abril de 2025 en Oswiecim, Polonia.<\/span> <span>(Alexi Rosenfeld\/Getty Images)<\/span><\/p>\n<\/div>\n<\/div>\n<\/div>\n<p>Un informe reciente titulado \u00abVanishing testigos: un an\u00e1lisis urgente de la poblaci\u00f3n en declive de los sobrevivientes del Holocausto\u00bb, proyecta que solo la mitad de estos sobrevivientes vivir\u00e1n en seis a\u00f1os, con solo el 30%, o alrededor de 66,250, restantes en 2035. Para 2040, solo 22,080 sobrevivientes permanecer\u00e1n.<\/p>\n<p>Establecido en 1951, Yom Hashoah se observa anualmente en Israel el 27 del d\u00eda del mes calendario hebreo de Nissan, cayendo un tiempo en abril o mayo, con ceremonias, programas y testimonios de sobrevivientes que tienen lugar en las comunidades jud\u00edas de todo el mundo.<\/p>\n<p> <!----> <\/p>\n<div class=\"article-meta\">\n<div class=\"author-bio\">\n<p>Amelie Botbol es una periodista independiente con sede en Tel Aviv. Sus art\u00edculos han aparecido en el New York Post, el National Post de Canad\u00e1 y el Washington Times. Amelie se puede seguir en x @datrePorter <\/p>\n<\/div>\n<\/div>\n<\/div>\n\n","protected":false},"excerpt":{"rendered":"<p>Tel Aviv &#8211; Israel se detuvo a medida que todo el pa\u00eds se detuvo en memoria de los 6 millones de jud\u00edos asesinados por los nazis durante el Holocausto. La ceremonia estatal oficial de Israel, mantenida bajo el estandarte \u00abfuera de las profundidades: el dolor de la liberaci\u00f3n y el crecimiento\u00bb, tuvo lugar el mi\u00e9rcoles &hellip;<\/p>\n","protected":false},"author":1,"featured_media":24337,"comment_status":"open","ping_status":"open","sticky":false,"template":"","format":"standard","meta":{"fifu_image_url":"https:\/\/static.foxnews.com\/foxnews.com\/content\/uploads\/2024\/01\/GettyImages-1251989935.jpg","fifu_image_alt":"","footnotes":""},"categories":[13],"tags":[],"class_list":["post-24335","post","type-post","status-publish","format-standard","has-post-thumbnail","","category-mundo"],"_links":{"self":[{"href":"https:\/\/noticiasveraces.com\/index.php?rest_route=\/wp\/v2\/posts\/24335","targetHints":{"allow":["GET"]}}],"collection":[{"href":"https:\/\/noticiasveraces.com\/index.php?rest_route=\/wp\/v2\/posts"}],"about":[{"href":"https:\/\/noticiasveraces.com\/index.php?rest_route=\/wp\/v2\/types\/post"}],"author":[{"embeddable":true,"href":"https:\/\/noticiasveraces.com\/index.php?rest_route=\/wp\/v2\/users\/1"}],"replies":[{"embeddable":true,"href":"https:\/\/noticiasveraces.com\/index.php?rest_route=%2Fwp%2Fv2%2Fcomments&post=24335"}],"version-history":[{"count":0,"href":"https:\/\/noticiasveraces.com\/index.php?rest_route=\/wp\/v2\/posts\/24335\/revisions"}],"wp:featuredmedia":[{"embeddable":true,"href":"https:\/\/noticiasveraces.com\/index.php?rest_route=\/wp\/v2\/media\/24337"}],"wp:attachment":[{"href":"https:\/\/noticiasveraces.com\/index.php?rest_route=%2Fwp%2Fv2%2Fmedia&parent=24335"}],"wp:term":[{"taxonomy":"category","embeddable":true,"href":"https:\/\/noticiasveraces.com\/index.php?rest_route=%2Fwp%2Fv2%2Fcategories&post=24335"},{"taxonomy":"post_tag","embeddable":true,"href":"https:\/\/noticiasveraces.com\/index.php?rest_route=%2Fwp%2Fv2%2Ftags&post=24335"}],"curies":[{"name":"wp","href":"https:\/\/api.w.org\/{rel}","templated":true}]}}