{"id":24324,"date":"2025-04-24T09:40:13","date_gmt":"2025-04-24T13:40:13","guid":{"rendered":"https:\/\/noticiasveraces.com\/?p=24324"},"modified":"2025-04-24T09:40:13","modified_gmt":"2025-04-24T13:40:13","slug":"despues-de-los-aplastantes-contratiempos-de-hezbola-trump-policy-spurs-habla-de-la-paz-con-israel","status":"publish","type":"post","link":"https:\/\/noticiasveraces.com\/?p=24324","title":{"rendered":"Despu\u00e9s de los aplastantes contratiempos de Hezbol\u00e1, Trump Policy Spurs habla de la paz con Israel"},"content":{"rendered":"<p> \n<\/p>\n<div>\n<p class=\"speakable\">Desde la casi aniquilaci\u00f3n de Israel del liderazgo terrorista de Hezbol\u00e1, y el respaldo de la administraci\u00f3n Trump, cuyo enviado especial al L\u00edbano ha dejado en claro el objetivo de los Estados Unidos de limitar el poder y la influencia del proxy de terror de Ir\u00e1n, los vientos de cambio est\u00e1n soplando lentamente sobre Beirut.<\/p>\n<p class=\"speakable\">\u00abGracias a que Hezbol\u00e1 se debilit\u00f3 y derrota despu\u00e9s de la guerra con Israel, finalmente estamos en condiciones de tener esta conversaci\u00f3n sobre la paz con Israel\u00bb, dijo Rami Naim, periodista de asuntos de L\u00edbano y analista de Jusoor News, a Fox News Digital. \u00abEn el pasado, la inteligencia me investig\u00f3 y me llev\u00f3 a la c\u00e1rcel porque dije que queremos la paz con Israel, pero ahora lo digo abiertamente, s\u00ed, queremos normalizaci\u00f3n, y s\u00ed, queremos la paz con Israel sin temor\u00bb. Naim fue atacado personalmente por Hezbol\u00e1 el a\u00f1o pasado por sus opiniones abiertas.<\/p>\n<p>El debilitamiento de Hezbol\u00e1, el poder de Ir\u00e1n y la elecci\u00f3n de Joseph Aoun como presidente del L\u00edbano en enero de 2025, representan un punto de inflexi\u00f3n en la trayectoria pol\u00edtica del pa\u00eds. Despu\u00e9s de m\u00e1s de dos a\u00f1os de punto muerto pol\u00edtico, la elecci\u00f3n de Aoun fue vista como una victoria para el campamento anti-Hezbol\u00e1, y aparentemente ha hecho el cambio en la opini\u00f3n p\u00fablica con respecto a la paz con Israel m\u00e1s aceptable.<\/p>\n<p><strong>El nuevo presidente del L\u00edbano ataca un tono nacionalista en medio de cambios regionales, debilitando a\u00fan m\u00e1s a Hezbol\u00e1<\/strong><\/p>\n<div class=\"image-ct inline\">\n<div class=\"m\"><picture><source media=\"(max-width: 767px)\" srcset=\"https:\/\/a57.foxnews.com\/static.foxnews.com\/foxnews.com\/content\/uploads\/2024\/09\/343\/192\/Hezbollah-organizational-chart.jpeg?ve=1&amp;tl=1, https:\/\/a57.foxnews.com\/static.foxnews.com\/foxnews.com\/content\/uploads\/2024\/09\/686\/384\/Hezbollah-organizational-chart.jpeg?ve=1&amp;tl=1 2x\" height=\"192\" width=\"343\"><source media=\"(min-width: 768px) and (max-width: 1023px)\" srcset=\"https:\/\/a57.foxnews.com\/static.foxnews.com\/foxnews.com\/content\/uploads\/2024\/09\/672\/378\/Hezbollah-organizational-chart.jpeg?ve=1&amp;tl=1, https:\/\/a57.foxnews.com\/static.foxnews.com\/foxnews.com\/content\/uploads\/2024\/09\/1344\/756\/Hezbollah-organizational-chart.jpeg?ve=1&amp;tl=1 2x\" height=\"378\" width=\"672\"><source media=\"(min-width: 1024px) and (max-width: 1279px)\" srcset=\"https:\/\/a57.foxnews.com\/static.foxnews.com\/foxnews.com\/content\/uploads\/2024\/09\/931\/523\/Hezbollah-organizational-chart.jpeg?ve=1&amp;tl=1, https:\/\/a57.foxnews.com\/static.foxnews.com\/foxnews.com\/content\/uploads\/2024\/09\/1862\/1046\/Hezbollah-organizational-chart.jpeg?ve=1&amp;tl=1 2x\" height=\"523\" width=\"931\"><source media=\"(min-width: 1280px)\" srcset=\"https:\/\/a57.foxnews.com\/static.foxnews.com\/foxnews.com\/content\/uploads\/2024\/09\/720\/405\/Hezbollah-organizational-chart.jpeg?ve=1&amp;tl=1, https:\/\/a57.foxnews.com\/static.foxnews.com\/foxnews.com\/content\/uploads\/2024\/09\/1440\/810\/Hezbollah-organizational-chart.jpeg?ve=1&amp;tl=1 2x\" height=\"405\" width=\"720\"><img loading=\"lazy\" decoding=\"async\" src=\"https:\/\/a57.foxnews.com\/static.foxnews.com\/foxnews.com\/content\/uploads\/2024\/09\/1200\/675\/Hezbollah-organizational-chart.jpeg?ve=1&amp;tl=1\" alt=\"Una tabla de informaci\u00f3n de las FDI que muestra c\u00f3mo diezm\u00f3 la cadena de mando de Hezbol\u00e1 en huelgas recientes.\" width=\"1200\" height=\"675\"\/><\/source><\/source><\/source><\/source><\/picture><\/div>\n<div class=\"info\">\n<div class=\"caption\">\n<p><span>Una tabla de informaci\u00f3n de las FDI que muestra c\u00f3mo diezm\u00f3 la cadena de mando de Hezbol\u00e1 en huelgas recientes.<\/span> <span>(Unidad de Spokesman de las FDI)<\/span><\/p>\n<\/div>\n<\/div>\n<\/div>\n<p>Al promocionar al presidente de los Estados Unidos, Naim dijo: \u00abCreemos que Trump volver\u00e1 a poner las cosas y el trabajo hacia la paz, apuntando a un importante acuerdo de paz entre el L\u00edbano e Israel, lo que requerir\u00e1 una mayor presi\u00f3n sobre Ir\u00e1n\u00bb. <\/p>\n<p>Las entrevistas realizadas por Jussor, un medio de comunicaci\u00f3n panagur, han destacado que muchos ciudadanos libaneses ahora est\u00e1n dispuestos a considerar la normalizaci\u00f3n con Israel. Un hombre liban\u00e9s, entrevistado en c\u00e1mara con su rostro mostrando, comparti\u00f3 su esperanza: \u00abCreo que llegar\u00e1 un d\u00eda cuando habr\u00e1 normalizaci\u00f3n con Israel. Tomar\u00e1 tiempo, pero suceder\u00e1 eventualmente\u00bb. <\/p>\n<p>Otro entrevistado se hizo eco de sentimientos similares: \u00abIsrael quiere la paz. No quieren la guerra. Est\u00e1n limpiando las cosas para que la guerra no suceda, y tambi\u00e9n queremos paz. Estamos agotados\u00bb.<\/p>\n<div class=\"image-ct inline\">\n<div class=\"m\"><picture><source media=\"(max-width: 767px)\" srcset=\"https:\/\/a57.foxnews.com\/static.foxnews.com\/foxnews.com\/content\/uploads\/2025\/04\/343\/192\/ortagus-aoun-scaled.jpg?ve=1&amp;tl=1, https:\/\/a57.foxnews.com\/static.foxnews.com\/foxnews.com\/content\/uploads\/2025\/04\/686\/384\/ortagus-aoun-scaled.jpg?ve=1&amp;tl=1 2x\" height=\"192\" width=\"343\"><source media=\"(min-width: 768px) and (max-width: 1023px)\" srcset=\"https:\/\/a57.foxnews.com\/static.foxnews.com\/foxnews.com\/content\/uploads\/2025\/04\/672\/378\/ortagus-aoun-scaled.jpg?ve=1&amp;tl=1, https:\/\/a57.foxnews.com\/static.foxnews.com\/foxnews.com\/content\/uploads\/2025\/04\/1344\/756\/ortagus-aoun-scaled.jpg?ve=1&amp;tl=1 2x\" height=\"378\" width=\"672\"><source media=\"(min-width: 1024px) and (max-width: 1279px)\" srcset=\"https:\/\/a57.foxnews.com\/static.foxnews.com\/foxnews.com\/content\/uploads\/2025\/04\/931\/523\/ortagus-aoun-scaled.jpg?ve=1&amp;tl=1, https:\/\/a57.foxnews.com\/static.foxnews.com\/foxnews.com\/content\/uploads\/2025\/04\/1862\/1046\/ortagus-aoun-scaled.jpg?ve=1&amp;tl=1 2x\" height=\"523\" width=\"931\"><source media=\"(min-width: 1280px)\" srcset=\"https:\/\/a57.foxnews.com\/static.foxnews.com\/foxnews.com\/content\/uploads\/2025\/04\/720\/405\/ortagus-aoun-scaled.jpg?ve=1&amp;tl=1, https:\/\/a57.foxnews.com\/static.foxnews.com\/foxnews.com\/content\/uploads\/2025\/04\/1440\/810\/ortagus-aoun-scaled.jpg?ve=1&amp;tl=1 2x\" height=\"405\" width=\"720\"><img loading=\"lazy\" decoding=\"async\" src=\"https:\/\/a57.foxnews.com\/static.foxnews.com\/foxnews.com\/content\/uploads\/2025\/04\/1200\/675\/ortagus-aoun-scaled.jpg?ve=1&amp;tl=1\" alt=\"El presidente liban\u00e9s, Joseph Aoun, se encuentra con el enviado estadounidense Morgan Ortago en Beirut\" width=\"1200\" height=\"675\"\/><\/source><\/source><\/source><\/source><\/picture><\/div>\n<div class=\"info\">\n<div class=\"caption\">\n<p><span>El presidente liban\u00e9s, Joseph Aoun, se re\u00fane con Morgan Ortago, enviado especial adjunto de los Estados Unidos para la paz de Medio Oriente, en Beirut el 7 de febrero de 2025.<\/span> <span>(Presidencia libanesa\/folleto\/Anadolu a trav\u00e9s de Getty Images)<\/span><\/p>\n<\/div>\n<\/div>\n<\/div>\n<p>Morgan Ortago, enviado especial adjunto de los Estados Unidos para la paz del Medio Oriente, ha enfatizado la necesidad de desarmar a Hezbol\u00e1 para estabilizar el L\u00edbano y allanar el camino para la paz en la regi\u00f3n. <\/p>\n<p>En una entrevista con Al Arabiya a principios de este mes, describi\u00f3 a Hezbol\u00e1 como un \u00abc\u00e1ncer\u00bb dentro del L\u00edbano que debe ser eliminado para que el pa\u00eds tenga alguna esperanza de recuperaci\u00f3n. Ella dijo: \u00abCuando tienes c\u00e1ncer, no tratas parte del c\u00e1ncer en tu cuerpo y dejas que el resto crezca y se agite; cortas el c\u00e1ncer\u00bb. Ortago tambi\u00e9n critic\u00f3 a Ir\u00e1n por alimentar la inestabilidad regional y arrastrar al L\u00edbano a conflictos que no busc\u00f3. Ella se\u00f1al\u00f3: \u00abEl gobierno del L\u00edbano no quer\u00eda ir a la guerra con Israel. Fue el 8 de octubre de 2023, que Hezbol\u00e1 e Ir\u00e1n decidieron entrar en la guerra &#8230; la gente se vio obligada a una guerra en la que nadie quer\u00eda estar\u00bb.<\/p>\n<div class=\"image-ct inline\">\n<div class=\"m\"><picture><source media=\"(max-width: 767px)\" srcset=\"https:\/\/a57.foxnews.com\/static.foxnews.com\/foxnews.com\/content\/uploads\/2024\/10\/343\/192\/israel-lebanon.jpg?ve=1&amp;tl=1, https:\/\/a57.foxnews.com\/static.foxnews.com\/foxnews.com\/content\/uploads\/2024\/10\/686\/384\/israel-lebanon.jpg?ve=1&amp;tl=1 2x\" height=\"192\" width=\"343\"><source media=\"(min-width: 768px) and (max-width: 1023px)\" srcset=\"https:\/\/a57.foxnews.com\/static.foxnews.com\/foxnews.com\/content\/uploads\/2024\/10\/672\/378\/israel-lebanon.jpg?ve=1&amp;tl=1, https:\/\/a57.foxnews.com\/static.foxnews.com\/foxnews.com\/content\/uploads\/2024\/10\/1344\/756\/israel-lebanon.jpg?ve=1&amp;tl=1 2x\" height=\"378\" width=\"672\"><source media=\"(min-width: 1024px) and (max-width: 1279px)\" srcset=\"https:\/\/a57.foxnews.com\/static.foxnews.com\/foxnews.com\/content\/uploads\/2024\/10\/931\/523\/israel-lebanon.jpg?ve=1&amp;tl=1, https:\/\/a57.foxnews.com\/static.foxnews.com\/foxnews.com\/content\/uploads\/2024\/10\/1862\/1046\/israel-lebanon.jpg?ve=1&amp;tl=1 2x\" height=\"523\" width=\"931\"><source media=\"(min-width: 1280px)\" srcset=\"https:\/\/a57.foxnews.com\/static.foxnews.com\/foxnews.com\/content\/uploads\/2024\/10\/720\/405\/israel-lebanon.jpg?ve=1&amp;tl=1, https:\/\/a57.foxnews.com\/static.foxnews.com\/foxnews.com\/content\/uploads\/2024\/10\/1440\/810\/israel-lebanon.jpg?ve=1&amp;tl=1 2x\" height=\"405\" width=\"720\"><img loading=\"lazy\" decoding=\"async\" src=\"https:\/\/a57.foxnews.com\/static.foxnews.com\/foxnews.com\/content\/uploads\/2024\/10\/1200\/675\/israel-lebanon.jpg?ve=1&amp;tl=1\" alt=\"Airtrike en el L\u00edbano\" width=\"1200\" height=\"675\"\/><\/source><\/source><\/source><\/source><\/picture><\/div>\n<div class=\"info\">\n<div class=\"caption\">\n<p><span>El humo se eleva despu\u00e9s de un ataque a\u00e9reo israel\u00ed dirigido a una fortaleza de Hezbol\u00e1 en un suburbio sure\u00f1o de Beirut el 22 de octubre.<\/span> <span>(Fadel Itani\/AFP a trav\u00e9s de Getty Images)<\/span><\/p>\n<\/div>\n<\/div>\n<\/div>\n<p>\u00abEstamos agradecidos con nuestro aliado Israel por derrotar a Hezbol\u00e1\u00bb, dijo Ortagus en una conferencia de prensa en el suburbio sudoriental de Beirut de Baabda despu\u00e9s de una reuni\u00f3n con el presidente liban\u00e9s Joseph Aoun, inform\u00f3 Associated Press.<\/p>\n<p>Naim dijo que si bien el p\u00fablico puede estar listo para la paz, es la \u00e9lite pol\u00edtica libanesa la que debe tomar medidas. \u00abNecesitamos que Estados Unidos mantenga presi\u00f3n sobre los pol\u00edticos corruptos del L\u00edbano, que han permitido a Hezbol\u00e1 que reconstruya sus capacidades militares &#8230; Estos pol\u00edticos deben respaldar p\u00fablicamente la paz. No son solo activistas y periodistas los que deber\u00edan decirlo. Los tomadores de decisiones deben dar un paso adelante\u00bb.<\/p>\n<p><strong>Israel degrada a los terroristas de Hezbol\u00e1 con respaldo de Ir\u00e1n en Spectacular Pager Operaci\u00f3n de explosi\u00f3n: expertos<\/strong><\/p>\n<div class=\"image-ct inline\">\n<div class=\"m\"><picture><source media=\"(max-width: 767px)\" srcset=\"https:\/\/a57.foxnews.com\/static.foxnews.com\/foxnews.com\/content\/uploads\/2024\/10\/343\/192\/idf-s.lebanon-3.jpeg?ve=1&amp;tl=1, https:\/\/a57.foxnews.com\/static.foxnews.com\/foxnews.com\/content\/uploads\/2024\/10\/686\/384\/idf-s.lebanon-3.jpeg?ve=1&amp;tl=1 2x\" height=\"192\" width=\"343\"><source media=\"(min-width: 768px) and (max-width: 1023px)\" srcset=\"https:\/\/a57.foxnews.com\/static.foxnews.com\/foxnews.com\/content\/uploads\/2024\/10\/672\/378\/idf-s.lebanon-3.jpeg?ve=1&amp;tl=1, https:\/\/a57.foxnews.com\/static.foxnews.com\/foxnews.com\/content\/uploads\/2024\/10\/1344\/756\/idf-s.lebanon-3.jpeg?ve=1&amp;tl=1 2x\" height=\"378\" width=\"672\"><source media=\"(min-width: 1024px) and (max-width: 1279px)\" srcset=\"https:\/\/a57.foxnews.com\/static.foxnews.com\/foxnews.com\/content\/uploads\/2024\/10\/931\/523\/idf-s.lebanon-3.jpeg?ve=1&amp;tl=1, https:\/\/a57.foxnews.com\/static.foxnews.com\/foxnews.com\/content\/uploads\/2024\/10\/1862\/1046\/idf-s.lebanon-3.jpeg?ve=1&amp;tl=1 2x\" height=\"523\" width=\"931\"><source media=\"(min-width: 1280px)\" srcset=\"https:\/\/a57.foxnews.com\/static.foxnews.com\/foxnews.com\/content\/uploads\/2024\/10\/720\/405\/idf-s.lebanon-3.jpeg?ve=1&amp;tl=1, https:\/\/a57.foxnews.com\/static.foxnews.com\/foxnews.com\/content\/uploads\/2024\/10\/1440\/810\/idf-s.lebanon-3.jpeg?ve=1&amp;tl=1 2x\" height=\"405\" width=\"720\"><img loading=\"lazy\" decoding=\"async\" src=\"https:\/\/a57.foxnews.com\/static.foxnews.com\/foxnews.com\/content\/uploads\/2024\/10\/1200\/675\/idf-s.lebanon-3.jpeg?ve=1&amp;tl=1\" alt=\"IDF en el L\u00edbano\" width=\"1200\" height=\"675\"\/><\/source><\/source><\/source><\/source><\/picture><\/div>\n<div class=\"info\">\n<div class=\"caption\">\n<p><span>La FDI dice que \u00absus soldados contin\u00faan realizando redadas limitadas, localizadas y espec\u00edficas en el sur del L\u00edbano, eliminando a los terroristas de Hezbol\u00e1 y desmantelando la infraestructura terrorista y las reservas de armas tanto por encima como por debajo del suelo\u00bb.<\/span> <span>(Unidad de Spokesman de las FDI)<\/span><\/p>\n<\/div>\n<\/div>\n<\/div>\n<p>El llamado de Naim a la intervenci\u00f3n internacional subraya la importancia continua de la influencia estadounidense en la direcci\u00f3n pol\u00edtica del L\u00edbano. \u00abHemos sufrido bajo las administraciones Biden y Obama, as\u00ed como aquellos que han hecho compromisos y tratos con Ir\u00e1n a nuestros espaldas, ignorando nuestros intereses\u00bb, dijo Naim. <\/p>\n<p>\u00abDurante el primer mandato de Trump, hubo una presi\u00f3n significativa sobre Ir\u00e1n, que hab\u00eda planteado la agresi\u00f3n en la regi\u00f3n. Sin embargo, cuando Trump dej\u00f3 la Casa Blanca, Ir\u00e1n reconstruy\u00f3 sus capacidades y se fortaleci\u00f3. Ahora, tenemos grandes esperanzas en el segundo mandato de Trump. Su regreso a la Casa Blanca cambiar\u00eda la ecuaci\u00f3n. Lo que nos hace optimistas sobre Trump es que \u00e9l cumple sus promesas y conducta las negociaciones desde una posici\u00f3n de fortaleza, no d\u00e9bil, no d\u00e9bil.\u00bb<\/p>\n<p>Si bien existe un creciente apoyo a la paz con Israel, el tema de los refugiados palestinos en el L\u00edbano sigue siendo un obst\u00e1culo significativo. Un hombre entrevistado por Jussor News se\u00f1al\u00f3: \u00abCreo que toda la regi\u00f3n se dirige hacia la paz. Pero tenemos nuestras demandas: no pueden tener 500,000 palestinos viviendo aqu\u00ed, luego los israel\u00edes vienen a hacer la paz y la normalizaci\u00f3n, y los dejan todos aqu\u00ed con nosotros\u00bb. <\/p>\n<div class=\"image-ct inline\">\n<div class=\"m\"><picture><source media=\"(max-width: 767px)\" srcset=\"https:\/\/a57.foxnews.com\/static.foxnews.com\/foxnews.com\/content\/uploads\/2025\/04\/343\/192\/lebanon-poster-scaled.jpg?ve=1&amp;tl=1, https:\/\/a57.foxnews.com\/static.foxnews.com\/foxnews.com\/content\/uploads\/2025\/04\/686\/384\/lebanon-poster-scaled.jpg?ve=1&amp;tl=1 2x\" height=\"192\" width=\"343\"><source media=\"(min-width: 768px) and (max-width: 1023px)\" srcset=\"https:\/\/a57.foxnews.com\/static.foxnews.com\/foxnews.com\/content\/uploads\/2025\/04\/672\/378\/lebanon-poster-scaled.jpg?ve=1&amp;tl=1, https:\/\/a57.foxnews.com\/static.foxnews.com\/foxnews.com\/content\/uploads\/2025\/04\/1344\/756\/lebanon-poster-scaled.jpg?ve=1&amp;tl=1 2x\" height=\"378\" width=\"672\"><source media=\"(min-width: 1024px) and (max-width: 1279px)\" srcset=\"https:\/\/a57.foxnews.com\/static.foxnews.com\/foxnews.com\/content\/uploads\/2025\/04\/931\/523\/lebanon-poster-scaled.jpg?ve=1&amp;tl=1, https:\/\/a57.foxnews.com\/static.foxnews.com\/foxnews.com\/content\/uploads\/2025\/04\/1862\/1046\/lebanon-poster-scaled.jpg?ve=1&amp;tl=1 2x\" height=\"523\" width=\"931\"><source media=\"(min-width: 1280px)\" srcset=\"https:\/\/a57.foxnews.com\/static.foxnews.com\/foxnews.com\/content\/uploads\/2025\/04\/720\/405\/lebanon-poster-scaled.jpg?ve=1&amp;tl=1, https:\/\/a57.foxnews.com\/static.foxnews.com\/foxnews.com\/content\/uploads\/2025\/04\/1440\/810\/lebanon-poster-scaled.jpg?ve=1&amp;tl=1 2x\" height=\"405\" width=\"720\"><img loading=\"lazy\" decoding=\"async\" src=\"https:\/\/a57.foxnews.com\/static.foxnews.com\/foxnews.com\/content\/uploads\/2025\/04\/1200\/675\/lebanon-poster-scaled.jpg?ve=1&amp;tl=1\" alt=\"Pol\u00edtica del L\u00edbano\" width=\"1200\" height=\"675\"\/><\/source><\/source><\/source><\/source><\/picture><\/div>\n<div class=\"info\">\n<div class=\"caption\">\n<p><span>Los viajeros pasan m\u00e1s all\u00e1 de una cartelera recientemente instalada que lleva la imagen de una bandera libanesa y una declaraci\u00f3n que dice en el \u00e1rabe \u00abL\u00edbano una nueva era\u00bb, en el camino que conduce al Aeropuerto Internacional Rafic Hariri de Beirut el 10 de abril de 2025.<\/span> <span>(Joseph Eid\/AFP a trav\u00e9s de Getty Images)<\/span><\/p>\n<\/div>\n<\/div>\n<\/div>\n<p>Otra mujer le dijo a Jussor: \u00abEstamos a favor de la paz en el L\u00edbano. No luchar contra las guerras de otras personas que no son de inter\u00e9s del L\u00edbano. Neutralidad, como dijo nuestro patriarca: ya suficiente. No debemos buscar excusas o decir:\u00bb Queremos liberar a Palestina \u00abmientras seguimos destruyendo el L\u00edbano. Los palestinos le dijeron:\u00bb Rel\u00e1jese, no necesitamos nada de usted \u00ab\u00bb. \u00ab<\/p>\n<p><strong>Haga clic aqu\u00ed para obtener la aplicaci\u00f3n Fox News<\/strong><\/p>\n<p>\u00abEl pueblo liban\u00e9s est\u00e1 dividido, pero no en dos partes iguales\u00bb, dijo Naim. \u00abLa mayor\u00eda del pueblo liban\u00e9s de hoy apoya la normalizaci\u00f3n y la paz con Israel. Esto ya no es un tab\u00fa en el L\u00edbano. Los ciudadanos libaneses pueden decir hoy:\u00bb Estoy apoyando la paz y la normalizaci\u00f3n porque he sufrido estas guerras fallidas. Los israel\u00edes quieren paz y queremos la paz. Queremos vivir en la paz.<\/p>\n<p> <!----> <\/p>\n<div class=\"article-meta\">\n<div class=\"author-bio\">\n<p>Efrat Lachter es un reportero de investigaci\u00f3n y corresponsal de guerra. Su trabajo la ha llevado a 40 pa\u00edses, incluidos Ucrania, Rusia, Irak, Siria, Sud\u00e1n y Afganist\u00e1n. Recibi\u00f3 la Comunidad para el Periodismo 2024 Knight-Wallace para periodismo. Lachter se puede seguir en x @efratlachter.<\/p>\n<\/div>\n<\/div>\n<\/div>\n\n","protected":false},"excerpt":{"rendered":"<p>Desde la casi aniquilaci\u00f3n de Israel del liderazgo terrorista de Hezbol\u00e1, y el respaldo de la administraci\u00f3n Trump, cuyo enviado especial al L\u00edbano ha dejado en claro el objetivo de los Estados Unidos de limitar el poder y la influencia del proxy de terror de Ir\u00e1n, los vientos de cambio est\u00e1n soplando lentamente sobre Beirut. &hellip;<\/p>\n","protected":false},"author":1,"featured_media":24326,"comment_status":"open","ping_status":"open","sticky":false,"template":"","format":"standard","meta":{"fifu_image_url":"https:\/\/static.foxnews.com\/foxnews.com\/content\/uploads\/2025\/03\/gettyimages-2201099609.jpg","fifu_image_alt":"","footnotes":""},"categories":[13],"tags":[],"class_list":["post-24324","post","type-post","status-publish","format-standard","has-post-thumbnail","","category-mundo"],"_links":{"self":[{"href":"https:\/\/noticiasveraces.com\/index.php?rest_route=\/wp\/v2\/posts\/24324","targetHints":{"allow":["GET"]}}],"collection":[{"href":"https:\/\/noticiasveraces.com\/index.php?rest_route=\/wp\/v2\/posts"}],"about":[{"href":"https:\/\/noticiasveraces.com\/index.php?rest_route=\/wp\/v2\/types\/post"}],"author":[{"embeddable":true,"href":"https:\/\/noticiasveraces.com\/index.php?rest_route=\/wp\/v2\/users\/1"}],"replies":[{"embeddable":true,"href":"https:\/\/noticiasveraces.com\/index.php?rest_route=%2Fwp%2Fv2%2Fcomments&post=24324"}],"version-history":[{"count":0,"href":"https:\/\/noticiasveraces.com\/index.php?rest_route=\/wp\/v2\/posts\/24324\/revisions"}],"wp:featuredmedia":[{"embeddable":true,"href":"https:\/\/noticiasveraces.com\/index.php?rest_route=\/wp\/v2\/media\/24326"}],"wp:attachment":[{"href":"https:\/\/noticiasveraces.com\/index.php?rest_route=%2Fwp%2Fv2%2Fmedia&parent=24324"}],"wp:term":[{"taxonomy":"category","embeddable":true,"href":"https:\/\/noticiasveraces.com\/index.php?rest_route=%2Fwp%2Fv2%2Fcategories&post=24324"},{"taxonomy":"post_tag","embeddable":true,"href":"https:\/\/noticiasveraces.com\/index.php?rest_route=%2Fwp%2Fv2%2Ftags&post=24324"}],"curies":[{"name":"wp","href":"https:\/\/api.w.org\/{rel}","templated":true}]}}