{"id":24316,"date":"2025-04-24T07:38:28","date_gmt":"2025-04-24T11:38:28","guid":{"rendered":"https:\/\/noticiasveraces.com\/?p=24316"},"modified":"2025-04-24T07:38:28","modified_gmt":"2025-04-24T11:38:28","slug":"el-posible-reemplazo-del-papa-francisco-las-mejores-citas-del-cardenal-robert-sarah","status":"publish","type":"post","link":"https:\/\/noticiasveraces.com\/?p=24316","title":{"rendered":"El posible reemplazo del Papa Francisco: las mejores citas del cardenal Robert Sarah"},"content":{"rendered":"<p> \n<\/p>\n<div>\n<p class=\"speakable\">El cardenal Robert Sarah, defendido por los conservadores, ya que refleja el doctrinario y las papac\u00edas de los papas de la mente lit\u00fargica John Pablo II y Benedict XVI, se encuentra entre los que se consideran reemplazar al Papa Francisco.<\/p>\n<p class=\"speakable\">Un cardenal africano de Guinea, Sarah, de 79 a\u00f1os, es visto como un portador de est\u00e1ndares espiritual y teol\u00f3gico para los cat\u00f3licos conservadores, ya que los cr\u00edticos de Francis han argumentado que el difunto Papa estaba demasiado influenciado por el secularismo moderno. <\/p>\n<p>Sarah anteriormente encabez\u00f3 la oficina de caridad del Vaticano Cor Unum y se enfrent\u00f3 con Francis en muchas ocasiones. <\/p>\n<p>Su divisi\u00f3n ideol\u00f3gica m\u00e1s seriamente lleg\u00f3 a un punto cr\u00edtico cuando Sarah y Benedict, que se retiraron como Pope en 2013, fue coautor de un libro titulado \u00abDe las profundidades de nuestros corazones: sacerdocio, celibato y la crisis de la Iglesia Cat\u00f3lica\u00bb. El libro de 2020 abog\u00f3 por la \u00abnecesidad\u00bb del celibato continuo para los sacerdotes latinos y sali\u00f3 cuando Francis estaba sopesando si permitir que los sacerdotes casados \u200b\u200ben el Amazonas aborden una escasez de sacerdote all\u00ed. <\/p>\n<p><strong>\u00bfDe d\u00f3nde vendr\u00e1 el pr\u00f3ximo papa? Los analistas dicen que podr\u00eda ser el momento de \u00c1frica<\/strong><\/p>\n<div class=\"image-ct inline\">\n<div class=\"m\"><picture><source media=\"(max-width: 767px)\" srcset=\"https:\/\/a57.foxnews.com\/static.foxnews.com\/foxnews.com\/content\/uploads\/2025\/04\/343\/192\/ap25111716831786.jpg?ve=1&amp;tl=1, https:\/\/a57.foxnews.com\/static.foxnews.com\/foxnews.com\/content\/uploads\/2025\/04\/686\/384\/ap25111716831786.jpg?ve=1&amp;tl=1 2x\" height=\"192\" width=\"343\"><source media=\"(min-width: 768px) and (max-width: 1023px)\" srcset=\"https:\/\/a57.foxnews.com\/static.foxnews.com\/foxnews.com\/content\/uploads\/2025\/04\/672\/378\/ap25111716831786.jpg?ve=1&amp;tl=1, https:\/\/a57.foxnews.com\/static.foxnews.com\/foxnews.com\/content\/uploads\/2025\/04\/1344\/756\/ap25111716831786.jpg?ve=1&amp;tl=1 2x\" height=\"378\" width=\"672\"><source media=\"(min-width: 1024px) and (max-width: 1279px)\" srcset=\"https:\/\/a57.foxnews.com\/static.foxnews.com\/foxnews.com\/content\/uploads\/2025\/04\/931\/523\/ap25111716831786.jpg?ve=1&amp;tl=1, https:\/\/a57.foxnews.com\/static.foxnews.com\/foxnews.com\/content\/uploads\/2025\/04\/1862\/1046\/ap25111716831786.jpg?ve=1&amp;tl=1 2x\" height=\"523\" width=\"931\"><source media=\"(min-width: 1280px)\" srcset=\"https:\/\/a57.foxnews.com\/static.foxnews.com\/foxnews.com\/content\/uploads\/2025\/04\/720\/405\/ap25111716831786.jpg?ve=1&amp;tl=1, https:\/\/a57.foxnews.com\/static.foxnews.com\/foxnews.com\/content\/uploads\/2025\/04\/1440\/810\/ap25111716831786.jpg?ve=1&amp;tl=1 2x\" height=\"405\" width=\"720\"><img loading=\"lazy\" decoding=\"async\" src=\"https:\/\/a57.foxnews.com\/static.foxnews.com\/foxnews.com\/content\/uploads\/2025\/04\/1200\/675\/ap25111716831786.jpg?ve=1&amp;tl=1\" alt=\"Cardenal Robert Sarah en Roma\" width=\"1200\" height=\"675\"\/><\/source><\/source><\/source><\/source><\/picture><\/div>\n<div class=\"info\">\n<div class=\"caption\">\n<p><span>El cardenal Robert Sarah aparece para la presentaci\u00f3n del libro del cardenal Raymond Leo Burke \u00abDivine Love Made Flesh\u00bb, en Roma, el 14 de octubre de 2015. <\/span> <span>(AP Photo\/Andrew Medichini, archivo)<\/span><\/p>\n<\/div>\n<\/div>\n<\/div>\n<p>Como resultado, Francis desestim\u00f3 al Secretario de Benedicto, el arzobispo Georg Gaenswein, de su trabajo de hogar papal, y varios meses despu\u00e9s retir\u00f3 a Sarah despu\u00e9s de que cumpli\u00f3 75 a\u00f1os. La posibilidad de que un Papa retirado intentara influir en un reinante de un escenario creado en el escenario de que los abogados de Canon y los te\u00f3logos hab\u00edan advertido cuando Benedict decidi\u00f3 retener el Cassock Blanco del Papacio en el Papacio en el jubilado. El esc\u00e1ndalo se calm\u00f3 despu\u00e9s de que Benedicto se retir\u00f3 como coautor.<\/p>\n<p>En realidad, es el libro de Sarah 2019 lo que causa m\u00e1s revuelo con los cristianos conservadores a ra\u00edz del fallecimiento de Francis. <\/p>\n<p>Sarah ha descrito \u00abel d\u00eda ahora est\u00e1 muy dedicado\u00bb como su libro m\u00e1s importante. En \u00e9l, el cardenal disminuye la forma en que Europa y la civilizaci\u00f3n occidental se han alejado del cristianismo y sufren desaf\u00edos ideol\u00f3gicos tra\u00eddos por la migraci\u00f3n masiva. <\/p>\n<p>Por el contrario, Francis hab\u00eda contradecido abiertamente a la administraci\u00f3n Trump y al vicepresidente JD Vance, un converso cat\u00f3lico, sobre su represi\u00f3n de la inmigraci\u00f3n ilegal. <\/p>\n<p>Vance, uno de los \u00faltimos dignatarios que se reuni\u00f3 con Francis el domingo de Pascua antes de su fallecimiento, ha hecho referencia al Papa Juan Pablo II, ideol\u00f3gicamente m\u00e1s similar a Sarah, en las recientes direcciones p\u00fablicas. En la Conferencia de Seguridad de Munich, Vance elogi\u00f3 a Juan Pablo II como \u00abuno de los campeones m\u00e1s extraordinarios de la democracia\u00bb al enfatizar la importancia de los valores occidentales. El vicepresidente tambi\u00e9n celebr\u00f3 el llamado de John Paul II para la nueva evangelizaci\u00f3n en el desayuno de Oraci\u00f3n Cat\u00f3lica Nacional en Washington, DC.<\/p>\n<p>Sarah fue coautora de otros dos libros: \u00abDios o nada: una conversaci\u00f3n sobre la fe\u00bb en 2015 y el poder del silencio: contra la dictadura del ruido en 2017, ambos con el periodista franc\u00e9s Nicolas Diat. <\/p>\n<p>Aqu\u00ed hay algunas citas clave de Sarah que se destacan antes del funeral de Francis a finales de esta semana. El c\u00f3nclave papal se reunir\u00e1 en las pr\u00f3ximas semanas para elegir un nuevo l\u00edder de la Iglesia Cat\u00f3lica. <\/p>\n<h2>1. Occidente se &#8216;separa de su herencia cristiana&#8217;<\/h2>\n<p>Sarah argument\u00f3 que Occidente se ha separado de su herencia cristiana en \u00abEl d\u00eda ahora est\u00e1 muy gastado\u00bb. <\/p>\n<div class=\"image-ct inline\">\n<div class=\"m\"><picture><source media=\"(max-width: 767px)\" srcset=\"https:\/\/a57.foxnews.com\/static.foxnews.com\/foxnews.com\/content\/uploads\/2025\/04\/343\/192\/gettyimages-1822274908.jpg?ve=1&amp;tl=1, https:\/\/a57.foxnews.com\/static.foxnews.com\/foxnews.com\/content\/uploads\/2025\/04\/686\/384\/gettyimages-1822274908.jpg?ve=1&amp;tl=1 2x\" height=\"192\" width=\"343\"><source media=\"(min-width: 768px) and (max-width: 1023px)\" srcset=\"https:\/\/a57.foxnews.com\/static.foxnews.com\/foxnews.com\/content\/uploads\/2025\/04\/672\/378\/gettyimages-1822274908.jpg?ve=1&amp;tl=1, https:\/\/a57.foxnews.com\/static.foxnews.com\/foxnews.com\/content\/uploads\/2025\/04\/1344\/756\/gettyimages-1822274908.jpg?ve=1&amp;tl=1 2x\" height=\"378\" width=\"672\"><source media=\"(min-width: 1024px) and (max-width: 1279px)\" srcset=\"https:\/\/a57.foxnews.com\/static.foxnews.com\/foxnews.com\/content\/uploads\/2025\/04\/931\/523\/gettyimages-1822274908.jpg?ve=1&amp;tl=1, https:\/\/a57.foxnews.com\/static.foxnews.com\/foxnews.com\/content\/uploads\/2025\/04\/1862\/1046\/gettyimages-1822274908.jpg?ve=1&amp;tl=1 2x\" height=\"523\" width=\"931\"><source media=\"(min-width: 1280px)\" srcset=\"https:\/\/a57.foxnews.com\/static.foxnews.com\/foxnews.com\/content\/uploads\/2025\/04\/720\/405\/gettyimages-1822274908.jpg?ve=1&amp;tl=1, https:\/\/a57.foxnews.com\/static.foxnews.com\/foxnews.com\/content\/uploads\/2025\/04\/1440\/810\/gettyimages-1822274908.jpg?ve=1&amp;tl=1 2x\" height=\"405\" width=\"720\"><img loading=\"lazy\" decoding=\"async\" src=\"https:\/\/a57.foxnews.com\/static.foxnews.com\/foxnews.com\/content\/uploads\/2025\/04\/1200\/675\/gettyimages-1822274908.jpg?ve=1&amp;tl=1\" alt=\"El cardenal Robert Sarah asiste al servicio de oraci\u00f3n guineana\" width=\"1200\" height=\"675\"\/><\/source><\/source><\/source><\/source><\/picture><\/div>\n<div class=\"info\">\n<div class=\"caption\">\n<p><span>El cardenal guineano Robert Sarah asiste a una oraci\u00f3n en la Catedral de Nuestra Se\u00f1ora de las Victorias en Dakar el 4 de diciembre de 2023. <\/span> <span>(Guy Peterson\/AFP a trav\u00e9s de Getty Images)<\/span><\/p>\n<\/div>\n<\/div>\n<\/div>\n<p>\u00abOccidente ya no sabe qui\u00e9n es, porque ya no sabe y no quiere saber qui\u00e9n lo hizo, qui\u00e9n lo estableci\u00f3, como era y como es. Occidente se niega a reconocer sus ra\u00edces cristianas\u00bb.<\/p>\n<p>\u00abAl perder su fe, Europa tambi\u00e9n ha perdido su raz\u00f3n para ser. Est\u00e1 experimentando un declive letal y se est\u00e1 convirtiendo en una nueva civilizaci\u00f3n, una que est\u00e1 cortada de sus ra\u00edces cristianas\u00bb.<\/p>\n<p><strong>Vance fue uno de los \u00faltimos visitantes del Papa Francisco<\/strong><\/p>\n<h2>2. La ideolog\u00eda de g\u00e9nero es &#8216;luciferiana&#8217;<\/h2>\n<p>Sarah argument\u00f3 que la ideolog\u00eda de g\u00e9nero es una afrenta a la creaci\u00f3n de Dios y no puede cambiar fundamentalmente si una persona es hombre o mujer en \u00abel d\u00eda ahora est\u00e1 muy dedicado\u00bb. <\/p>\n<p>\u00abLa ideolog\u00eda de g\u00e9nero es una negativa luciferiana a recibir una naturaleza sexual de Dios\u00bb.<\/p>\n<h2>3. Llamada migraci\u00f3n masiva una &#8216;nueva forma de esclavitud&#8217;<\/h2>\n<p>En una entrevista en marzo de 2019 con la publicaci\u00f3n francesa \u00abValeurs Actueles\u00bb, Sarah, seg\u00fan los informes, critic\u00f3 el papel de la Iglesia Cat\u00f3lica en el apoyo a las pol\u00edticas de migraci\u00f3n masiva en Europa, se\u00f1alando el da\u00f1o causado a los propios migrantes. <\/p>\n<p>\u00abTodos los migrantes que llegan a Europa son sin dinero, sin trabajo, sin dignidad\u00bb, dijo Sarah. \u00ab\u00bfEsto es lo que la iglesia quiere? La iglesia no puede cooperar con esta nueva forma de esclavitud que se ha convertido en una migraci\u00f3n masiva\u00bb.<\/p>\n<div class=\"image-ct inline\">\n<div class=\"m\"><picture><source media=\"(max-width: 767px)\" srcset=\"https:\/\/a57.foxnews.com\/static.foxnews.com\/foxnews.com\/content\/uploads\/2025\/04\/343\/192\/gettyimages-107034344.jpg?ve=1&amp;tl=1, https:\/\/a57.foxnews.com\/static.foxnews.com\/foxnews.com\/content\/uploads\/2025\/04\/686\/384\/gettyimages-107034344.jpg?ve=1&amp;tl=1 2x\" height=\"192\" width=\"343\"><source media=\"(min-width: 768px) and (max-width: 1023px)\" srcset=\"https:\/\/a57.foxnews.com\/static.foxnews.com\/foxnews.com\/content\/uploads\/2025\/04\/672\/378\/gettyimages-107034344.jpg?ve=1&amp;tl=1, https:\/\/a57.foxnews.com\/static.foxnews.com\/foxnews.com\/content\/uploads\/2025\/04\/1344\/756\/gettyimages-107034344.jpg?ve=1&amp;tl=1 2x\" height=\"378\" width=\"672\"><source media=\"(min-width: 1024px) and (max-width: 1279px)\" srcset=\"https:\/\/a57.foxnews.com\/static.foxnews.com\/foxnews.com\/content\/uploads\/2025\/04\/931\/523\/gettyimages-107034344.jpg?ve=1&amp;tl=1, https:\/\/a57.foxnews.com\/static.foxnews.com\/foxnews.com\/content\/uploads\/2025\/04\/1862\/1046\/gettyimages-107034344.jpg?ve=1&amp;tl=1 2x\" height=\"523\" width=\"931\"><source media=\"(min-width: 1280px)\" srcset=\"https:\/\/a57.foxnews.com\/static.foxnews.com\/foxnews.com\/content\/uploads\/2025\/04\/720\/405\/gettyimages-107034344.jpg?ve=1&amp;tl=1, https:\/\/a57.foxnews.com\/static.foxnews.com\/foxnews.com\/content\/uploads\/2025\/04\/1440\/810\/gettyimages-107034344.jpg?ve=1&amp;tl=1 2x\" height=\"405\" width=\"720\"><img loading=\"lazy\" decoding=\"async\" src=\"https:\/\/a57.foxnews.com\/static.foxnews.com\/foxnews.com\/content\/uploads\/2025\/04\/1200\/675\/gettyimages-107034344.jpg?ve=1&amp;tl=1\" alt=\"Cardenal Robert Sarah en el Vaticano\" width=\"1200\" height=\"675\"\/><\/source><\/source><\/source><\/source><\/picture><\/div>\n<div class=\"info\">\n<div class=\"caption\">\n<p><span>El cardenal reci\u00e9n nombrado, Robert Sarah, saluda a los visitantes durante la visita de cortes\u00eda de Traditionnal despu\u00e9s del consistorio el 20 de noviembre de 2010 en el Vaticano.<\/span> <span>(Alberto Pizzoli\/AFP a trav\u00e9s de Getty Images)<\/span><\/p>\n<\/div>\n<\/div>\n<\/div>\n<h2>4. Llama a las distracciones modernas &#8216;la herramienta del diablo&#8217;<\/h2>\n<p>En \u00abEl poder del silencio: contra la dictadura del ruido\u00bb, Sarah argumenta que las distracciones modernas separan a la humanidad de Dios.<\/p>\n<p>\u00abLa distracci\u00f3n es la herramienta del diablo para cortar al hombre de Dios\u00bb.<\/p>\n<h2>5. Llama a los cristianos a rechazar la lealtad a la &#8216;popularidad o pol\u00edtica&#8217;<\/h2>\n<p>En \u00abDios o nada: una conversaci\u00f3n sobre la fe\u00bb, Sarah afirma que la lealtad de uno debe ser para Cristo, en lugar de popularidad o pol\u00edtica, y argumenta repetidamente en contra del relativismo moral en las normas familiares y sociales. <\/p>\n<p>\u00abLa iglesia no es una organizaci\u00f3n humana. No est\u00e1 sujeta a las modas del d\u00eda o los vientos de la doctrina. Debe ser fiel a Cristo\u00bb.<\/p>\n<p>\u00abDios o nada: no hay otra opci\u00f3n. Aquellos que eligen a Dios lo tienen todo. Los que no eligen nada est\u00e1n perdidos\u00bb.<\/p>\n<p><strong><u>Haga clic aqu\u00ed para obtener la aplicaci\u00f3n Fox News<\/u><\/strong><\/p>\n<p>\u00abSi la verdad ya no existe, si todo es relativo, entonces el hombre se convierte en esclavo de sus pasiones\u00bb.<\/p>\n<p><i>Associated Press contribuy\u00f3 a este informe.<\/i><\/p>\n<p> <!----> <\/p>\n<div class=\"article-meta\">\n<div class=\"author-bio\">\n<p>Danielle Wallace es reportera de noticias y pol\u00edticas en Fox News Digital. Los consejos de la historia se pueden enviar a danielle.wallace@fox.com y en X: @danimwallace. <\/p>\n<\/div>\n<\/div>\n<\/div>\n\n","protected":false},"excerpt":{"rendered":"<p>El cardenal Robert Sarah, defendido por los conservadores, ya que refleja el doctrinario y las papac\u00edas de los papas de la mente lit\u00fargica John Pablo II y Benedict XVI, se encuentra entre los que se consideran reemplazar al Papa Francisco. Un cardenal africano de Guinea, Sarah, de 79 a\u00f1os, es visto como un portador de &hellip;<\/p>\n","protected":false},"author":1,"featured_media":24318,"comment_status":"open","ping_status":"open","sticky":false,"template":"","format":"standard","meta":{"fifu_image_url":"https:\/\/static.foxnews.com\/foxnews.com\/content\/uploads\/2025\/04\/ap25111716831786.jpg","fifu_image_alt":"","footnotes":""},"categories":[13],"tags":[],"class_list":["post-24316","post","type-post","status-publish","format-standard","has-post-thumbnail","","category-mundo"],"_links":{"self":[{"href":"https:\/\/noticiasveraces.com\/index.php?rest_route=\/wp\/v2\/posts\/24316","targetHints":{"allow":["GET"]}}],"collection":[{"href":"https:\/\/noticiasveraces.com\/index.php?rest_route=\/wp\/v2\/posts"}],"about":[{"href":"https:\/\/noticiasveraces.com\/index.php?rest_route=\/wp\/v2\/types\/post"}],"author":[{"embeddable":true,"href":"https:\/\/noticiasveraces.com\/index.php?rest_route=\/wp\/v2\/users\/1"}],"replies":[{"embeddable":true,"href":"https:\/\/noticiasveraces.com\/index.php?rest_route=%2Fwp%2Fv2%2Fcomments&post=24316"}],"version-history":[{"count":0,"href":"https:\/\/noticiasveraces.com\/index.php?rest_route=\/wp\/v2\/posts\/24316\/revisions"}],"wp:featuredmedia":[{"embeddable":true,"href":"https:\/\/noticiasveraces.com\/index.php?rest_route=\/wp\/v2\/media\/24318"}],"wp:attachment":[{"href":"https:\/\/noticiasveraces.com\/index.php?rest_route=%2Fwp%2Fv2%2Fmedia&parent=24316"}],"wp:term":[{"taxonomy":"category","embeddable":true,"href":"https:\/\/noticiasveraces.com\/index.php?rest_route=%2Fwp%2Fv2%2Fcategories&post=24316"},{"taxonomy":"post_tag","embeddable":true,"href":"https:\/\/noticiasveraces.com\/index.php?rest_route=%2Fwp%2Fv2%2Ftags&post=24316"}],"curies":[{"name":"wp","href":"https:\/\/api.w.org\/{rel}","templated":true}]}}