{"id":24298,"date":"2025-04-24T05:54:29","date_gmt":"2025-04-24T09:54:29","guid":{"rendered":"https:\/\/noticiasveraces.com\/?p=24298"},"modified":"2025-04-24T05:54:29","modified_gmt":"2025-04-24T09:54:29","slug":"teddi-mellencamp-comparte-la-actualizacion-de-la-batalla-del-cancer-los-medicos-discuten-el-riesgo","status":"publish","type":"post","link":"https:\/\/noticiasveraces.com\/?p=24298","title":{"rendered":"Teddi Mellencamp comparte la actualizaci\u00f3n de la batalla del c\u00e1ncer, los m\u00e9dicos discuten el riesgo"},"content":{"rendered":"<p> \n<\/p>\n<div>\n<div class=\"featured featured-video video-ct\" data-v-5f342d4c=\"\"><!----> <\/p>\n<div class=\"contain\" data-v-5f342d4c=\"\">  <!----> <\/p>\n<div class=\"info\" data-v-5f342d4c=\"\">\n<div class=\"caption\" data-v-5f342d4c=\"\">\n<h4 class=\"title\" data-v-5f342d4c=\"\">&#8216;Plan de desintoxicaci\u00f3n masivo&#8217; c\u00e1ncer de mujer curado, dice ella<\/h4>\n<p data-v-5f342d4c=\"\">Liana Werner-Gray cree que si no hubiera realizado cambios sustanciales en su dieta y estilo de vida, no habr\u00eda golpeado su c\u00e1ncer. Fox News Digital habl\u00f3 con la autora y defensor del bienestar sobre su viaje de salud.<\/p>\n<\/div>\n<\/div>\n<\/div>\n<\/div>\n<p class=\"speakable\">La estrella de la realidad y el podcaster Teddi Mellencamp, de 43 a\u00f1os, ha estado luchando por su vida despu\u00e9s de la propagaci\u00f3n de una forma mortal de c\u00e1ncer de piel, y el mi\u00e9rcoles revel\u00f3 algunas noticias optimistas.<\/p>\n<p class=\"speakable\">Mellencamp, hija del cantante John Mellencamp y ex miembro del elenco de \u00abThe Real Housewives of Beverly Hills\u00bb, ha hablado abiertamente sobre la trayectoria de su melanoma en la etapa 4.<\/p>\n<p>\u00abLo que tenemos que recordar es que mi c\u00e1ncer fue c\u00e1ncer de piel. La \u00faltima vez que hablamos aqu\u00ed fue, como, tuve c\u00e1ncer de piel, melanoma, en mi espalda\u00bb, comparti\u00f3 la madre de tres hijos durante una entrevista reciente con extra.<\/p>\n<p><strong><u>Los tumores de la estrella de &#8216;Rhobh&#8217; Teddi Mellencamp se han &#8216;reducido significativamente&#8217; mientras lucha contra el c\u00e1ncer en estadio 4<\/u><\/strong><\/p>\n<p>\u00abEsto met\u00e1stasis, que sigue siendo una forma de melanoma, pero en mi cerebro, en mis pulmones\u00bb.<\/p>\n<div class=\"image-ct inline\">\n<div class=\"m\"><picture><source media=\"(max-width: 767px)\" srcset=\"https:\/\/a57.foxnews.com\/static.foxnews.com\/foxnews.com\/content\/uploads\/2025\/04\/343\/192\/cecc7cbf-teddi-mellencamp-split.jpg?ve=1&amp;tl=1, https:\/\/a57.foxnews.com\/static.foxnews.com\/foxnews.com\/content\/uploads\/2025\/04\/686\/384\/cecc7cbf-teddi-mellencamp-split.jpg?ve=1&amp;tl=1 2x\" height=\"192\" width=\"343\"><source media=\"(min-width: 768px) and (max-width: 1023px)\" srcset=\"https:\/\/a57.foxnews.com\/static.foxnews.com\/foxnews.com\/content\/uploads\/2025\/04\/672\/378\/cecc7cbf-teddi-mellencamp-split.jpg?ve=1&amp;tl=1, https:\/\/a57.foxnews.com\/static.foxnews.com\/foxnews.com\/content\/uploads\/2025\/04\/1344\/756\/cecc7cbf-teddi-mellencamp-split.jpg?ve=1&amp;tl=1 2x\" height=\"378\" width=\"672\"><source media=\"(min-width: 1024px) and (max-width: 1279px)\" srcset=\"https:\/\/a57.foxnews.com\/static.foxnews.com\/foxnews.com\/content\/uploads\/2025\/04\/931\/523\/cecc7cbf-teddi-mellencamp-split.jpg?ve=1&amp;tl=1, https:\/\/a57.foxnews.com\/static.foxnews.com\/foxnews.com\/content\/uploads\/2025\/04\/1862\/1046\/cecc7cbf-teddi-mellencamp-split.jpg?ve=1&amp;tl=1 2x\" height=\"523\" width=\"931\"><source media=\"(min-width: 1280px)\" srcset=\"https:\/\/a57.foxnews.com\/static.foxnews.com\/foxnews.com\/content\/uploads\/2025\/04\/720\/405\/cecc7cbf-teddi-mellencamp-split.jpg?ve=1&amp;tl=1, https:\/\/a57.foxnews.com\/static.foxnews.com\/foxnews.com\/content\/uploads\/2025\/04\/1440\/810\/cecc7cbf-teddi-mellencamp-split.jpg?ve=1&amp;tl=1 2x\" height=\"405\" width=\"720\"><img loading=\"lazy\" decoding=\"async\" src=\"https:\/\/a57.foxnews.com\/static.foxnews.com\/foxnews.com\/content\/uploads\/2025\/04\/1200\/675\/cecc7cbf-teddi-mellencamp-split.jpg?ve=1&amp;tl=1\" alt=\"Teddi Mellencamp\" width=\"1200\" height=\"675\"\/><\/source><\/source><\/source><\/source><\/picture><\/div>\n<div class=\"info\">\n<div class=\"caption\">\n<p><span>La estrella de la realidad y el podcaster Teddi Mellencamp, de 43 a\u00f1os, han estado luchando por su vida despu\u00e9s de la propagaci\u00f3n de una forma mortal de c\u00e1ncer de piel.<\/span> <span>(Getty Images\/Instagram)<\/span><\/p>\n<\/div>\n<\/div>\n<\/div>\n<p>Mellencamp se ha sometido a una cirug\u00eda para eliminar cuatro tumores cerebrales, pero los cinco tumores adicionales a\u00fan est\u00e1n intactos. Tambi\u00e9n est\u00e1 recibiendo tratamientos continuos de inmunoterapia y radiaci\u00f3n, ha compartido en su podcast, \u00abTwo Ts in a Pod\u00bb.<\/p>\n<p>Mellencamp revel\u00f3 en otra entrevista con Nightline que los m\u00e9dicos le han dado una posibilidad de supervivencia 50\/50.<\/p>\n<blockquote class=\"pull-quote\">\n<p class=\"quote-text\">\u00abMis tumores se han reducido significativamente, lo que los m\u00e9dicos creen que significa que todo esto funcionar\u00e1 y que volver\u00e9 a m\u00ed mismo\u00bb.<\/p>\n<p> <!----><\/p><\/blockquote>\n<p>\u00ab\u00bf50\/50? No comprar\u00eda un auto que solo conduzca el 50 por ciento del tiempo. No quiero esto\u00bb, brome\u00f3. \u00abY \u00e9l dice: &#8216;No, es solo porque ese es el tiempo que ha existido la inmunoterapia, as\u00ed que ese es el tiempo que ha funcionado el estudio&#8217;. As\u00ed que es cuando trato de encontrar lo positivo \u00ab.<\/p>\n<p>El mi\u00e9rcoles, Mellencamp revel\u00f3 en una publicaci\u00f3n de Instagram que su \u00faltima exploraci\u00f3n muestra que todos los tumores met\u00e1stasis en su cerebro y pulmones se han \u00abreducido o desaparecido\u00bb.<\/p>\n<p><strong><u>El an\u00e1lisis de sangre podr\u00eda predecir la recurrencia del c\u00e1ncer de piel, muestra el estudio<\/u><\/strong><\/p>\n<p>\u00abMis tumores se han reducido significativamente, lo que los m\u00e9dicos creen que significa que todo esto funcionar\u00e1 y que volver\u00e9 a m\u00ed mismo\u00bb, dijo en el video. <\/p>\n<p>\u00abMe siento bien\u00bb, continu\u00f3 Mellencamp. \u00abTengo dos sesiones m\u00e1s de inmunoterapia, y luego espero haber terminado y estar\u00e9 libre de c\u00e1ncer. Voy a mantener una perspectiva positiva, porque as\u00ed es como mi m\u00e9dico me habl\u00f3, dijo: &#8216;Hiciste esto. Lo tienes'\u00bb.<\/p>\n<p>Fox News Digital contact\u00f3 a Mellencamp para hacer comentarios.<\/p>\n<h2><strong>Prevalencia del melanoma metast\u00e1sico<\/strong><\/h2>\n<p>La tasa de incidencia del melanoma metast\u00e1sico es de 0.9 por 100,000 personas, por datos del Instituto Nacional del C\u00e1ncer.<\/p>\n<p>\u00abEl melanoma tiene una probabilidad significativamente mayor de propagarse que los carcinomas de c\u00e9lulas basales y de c\u00e9lulas escamosas, los tipos m\u00e1s comunes de c\u00e1ncer de piel\u00bb, dijo Marcus Monroe, MD, profesor asociado en la Divisi\u00f3n de Otorrinolaringolog\u00eda de la Escuela de Medicina de la Universidad de Utah, en una entrevista con Fox News Digital. <\/p>\n<div class=\"image-ct inline\">\n<div class=\"m\"><picture><source media=\"(max-width: 767px)\" srcset=\"https:\/\/a57.foxnews.com\/static.foxnews.com\/foxnews.com\/content\/uploads\/2025\/04\/343\/192\/teddi-mellencamp-split-2.png?ve=1&amp;tl=1, https:\/\/a57.foxnews.com\/static.foxnews.com\/foxnews.com\/content\/uploads\/2025\/04\/686\/384\/teddi-mellencamp-split-2.png?ve=1&amp;tl=1 2x\" height=\"192\" width=\"343\"><source media=\"(min-width: 768px) and (max-width: 1023px)\" srcset=\"https:\/\/a57.foxnews.com\/static.foxnews.com\/foxnews.com\/content\/uploads\/2025\/04\/672\/378\/teddi-mellencamp-split-2.png?ve=1&amp;tl=1, https:\/\/a57.foxnews.com\/static.foxnews.com\/foxnews.com\/content\/uploads\/2025\/04\/1344\/756\/teddi-mellencamp-split-2.png?ve=1&amp;tl=1 2x\" height=\"378\" width=\"672\"><source media=\"(min-width: 1024px) and (max-width: 1279px)\" srcset=\"https:\/\/a57.foxnews.com\/static.foxnews.com\/foxnews.com\/content\/uploads\/2025\/04\/931\/523\/teddi-mellencamp-split-2.png?ve=1&amp;tl=1, https:\/\/a57.foxnews.com\/static.foxnews.com\/foxnews.com\/content\/uploads\/2025\/04\/1862\/1046\/teddi-mellencamp-split-2.png?ve=1&amp;tl=1 2x\" height=\"523\" width=\"931\"><source media=\"(min-width: 1280px)\" srcset=\"https:\/\/a57.foxnews.com\/static.foxnews.com\/foxnews.com\/content\/uploads\/2025\/04\/720\/405\/teddi-mellencamp-split-2.png?ve=1&amp;tl=1, https:\/\/a57.foxnews.com\/static.foxnews.com\/foxnews.com\/content\/uploads\/2025\/04\/1440\/810\/teddi-mellencamp-split-2.png?ve=1&amp;tl=1 2x\" height=\"405\" width=\"720\"><img loading=\"lazy\" decoding=\"async\" src=\"https:\/\/a57.foxnews.com\/static.foxnews.com\/foxnews.com\/content\/uploads\/2025\/04\/1200\/675\/teddi-mellencamp-split-2.png?ve=1&amp;tl=1\" alt=\"TEDDI-MELLENCAMP-Split\" width=\"1200\" height=\"675\"\/><\/source><\/source><\/source><\/source><\/picture><\/div>\n<div class=\"info\">\n<div class=\"caption\">\n<p><span>Mellencamp, hija del cantante John Mellencamp y ex miembro del elenco de \u00abThe Real Housewives of Beverly Hills\u00bb, ha hablado abiertamente sobre la trayectoria de su melanoma en la etapa 4.<\/span> <span>(Teddi Mellencamp Instagram)<\/span><\/p>\n<\/div>\n<\/div>\n<\/div>\n<p>Las posibilidades de que se propaguen melanoma a otros lugares aumentan con cada etapa de c\u00e1ncer.<\/p>\n<p>\u00abPara la etapa m\u00e1s temprana, este riesgo se estima en menos del 5%, aumentando para los pacientes con enfermedad en estadio 2 a un rango m\u00e1s amplio, desde el 5% en el extremo inferior hasta un 40% a 50% para los pacientes en estadio 2 m\u00e1s avanzados\u00bb, dijo Monroe.<\/p>\n<p><strong><u>El informe del c\u00e1ncer revela nuevos datos sorprendentes sobre las muertes, diagn\u00f3sticos<\/u><\/strong><\/p>\n<p>En pacientes en estadio 3 (aquellos con propagaci\u00f3n regional a trav\u00e9s de met\u00e1stasis en tr\u00e1nsito o en ganglios linf\u00e1ticos adyacentes), hasta el 30% al 40% desarrollar\u00e1n met\u00e1stasis distantes, con un riesgo de met\u00e1stasis cerebrales del 16% al 17%, agreg\u00f3 el m\u00e9dico.<\/p>\n<p>El cerebro y los pulmones son los sitios m\u00e1s comunes de met\u00e1stasis para el melanoma, confirmaron los expertos.<\/p>\n<div class=\"image-ct inline\">\n<div class=\"m\"><picture><source media=\"(max-width: 767px)\" srcset=\"https:\/\/a57.foxnews.com\/static.foxnews.com\/foxnews.com\/content\/uploads\/2023\/12\/343\/192\/skin-cancer-microscope.jpg?ve=1&amp;tl=1, https:\/\/a57.foxnews.com\/static.foxnews.com\/foxnews.com\/content\/uploads\/2023\/12\/686\/384\/skin-cancer-microscope.jpg?ve=1&amp;tl=1 2x\" height=\"192\" width=\"343\"><source media=\"(min-width: 768px) and (max-width: 1023px)\" srcset=\"https:\/\/a57.foxnews.com\/static.foxnews.com\/foxnews.com\/content\/uploads\/2023\/12\/672\/378\/skin-cancer-microscope.jpg?ve=1&amp;tl=1, https:\/\/a57.foxnews.com\/static.foxnews.com\/foxnews.com\/content\/uploads\/2023\/12\/1344\/756\/skin-cancer-microscope.jpg?ve=1&amp;tl=1 2x\" height=\"378\" width=\"672\"><source media=\"(min-width: 1024px) and (max-width: 1279px)\" srcset=\"https:\/\/a57.foxnews.com\/static.foxnews.com\/foxnews.com\/content\/uploads\/2023\/12\/931\/523\/skin-cancer-microscope.jpg?ve=1&amp;tl=1, https:\/\/a57.foxnews.com\/static.foxnews.com\/foxnews.com\/content\/uploads\/2023\/12\/1862\/1046\/skin-cancer-microscope.jpg?ve=1&amp;tl=1 2x\" height=\"523\" width=\"931\"><source media=\"(min-width: 1280px)\" srcset=\"https:\/\/a57.foxnews.com\/static.foxnews.com\/foxnews.com\/content\/uploads\/2023\/12\/720\/405\/skin-cancer-microscope.jpg?ve=1&amp;tl=1, https:\/\/a57.foxnews.com\/static.foxnews.com\/foxnews.com\/content\/uploads\/2023\/12\/1440\/810\/skin-cancer-microscope.jpg?ve=1&amp;tl=1 2x\" height=\"405\" width=\"720\"><img loading=\"lazy\" decoding=\"async\" src=\"https:\/\/a57.foxnews.com\/static.foxnews.com\/foxnews.com\/content\/uploads\/2023\/12\/1200\/675\/skin-cancer-microscope.jpg?ve=1&amp;tl=1\" alt=\"Microscopio de c\u00e1ncer de piel\" width=\"1200\" height=\"675\"\/><\/source><\/source><\/source><\/source><\/picture><\/div>\n<div class=\"info\">\n<div class=\"caption\">\n<p><span>Las posibilidades de que se propaguen melanoma a otros lugares aumentan con cada etapa de c\u00e1ncer.<\/span> <span>(Istock)<\/span><\/p>\n<\/div>\n<\/div>\n<\/div>\n<p>Si el paciente tiene lesiones que est\u00e1n profundamente en la piel o que involucran los ganglios linf\u00e1ticos, la posibilidad de propagaci\u00f3n del melanoma es mayor, en cualquier lugar del 20% al 70%, seg\u00fan Jos\u00e9 Lutzky, MD, director de servicios de oncolog\u00eda cut\u00e1nea en el Centro de C\u00e1ncer Integral de Sylvester en el sur de Florida.<\/p>\n<h2><strong>Tratamiento y prevenci\u00f3n<\/strong><\/h2>\n<p>El melanoma metast\u00e1sico alguna vez se consider\u00f3 principalmente resistente al tratamiento porque no respondi\u00f3 a la quimioterapia y la radiaci\u00f3n tradicionales, se\u00f1al\u00f3 el Dr. Joshua Strauss de Avanzed Care Oncology and Hematology Associates of the Atlantic Medical Group en Morristown, Nueva Jersey.<\/p>\n<p><strong><u>Los pacientes con melanoma revelan historias dram\u00e1ticas para el mes de concientizaci\u00f3n sobre el c\u00e1ncer de piel: \u00abPens\u00e9 que ten\u00eda cuidado\u00bb<\/u><\/strong><\/p>\n<p>\u00abHoy en d\u00eda, el uso de terapias espec\u00edficas y la supervivencia de la inmunoterapia se ha mejorado dram\u00e1ticamente, y existe la posibilidad de remisi\u00f3n a largo plazo con tratamiento\u00bb, dijo Strauss a Fox News Digital.<\/p>\n<p>Lutzky se\u00f1al\u00f3 que el melanoma casi siempre es curable por la eliminaci\u00f3n quir\u00fargica cuando se detecta temprano. <\/p>\n<div class=\"image-ct inline\">\n<div class=\"m\"><picture><source media=\"(max-width: 767px)\" srcset=\"https:\/\/a57.foxnews.com\/static.foxnews.com\/foxnews.com\/content\/uploads\/2023\/11\/343\/192\/man-getting-immunotherapy.jpg?ve=1&amp;tl=1, https:\/\/a57.foxnews.com\/static.foxnews.com\/foxnews.com\/content\/uploads\/2023\/11\/686\/384\/man-getting-immunotherapy.jpg?ve=1&amp;tl=1 2x\" height=\"192\" width=\"343\"><source media=\"(min-width: 768px) and (max-width: 1023px)\" srcset=\"https:\/\/a57.foxnews.com\/static.foxnews.com\/foxnews.com\/content\/uploads\/2023\/11\/672\/378\/man-getting-immunotherapy.jpg?ve=1&amp;tl=1, https:\/\/a57.foxnews.com\/static.foxnews.com\/foxnews.com\/content\/uploads\/2023\/11\/1344\/756\/man-getting-immunotherapy.jpg?ve=1&amp;tl=1 2x\" height=\"378\" width=\"672\"><source media=\"(min-width: 1024px) and (max-width: 1279px)\" srcset=\"https:\/\/a57.foxnews.com\/static.foxnews.com\/foxnews.com\/content\/uploads\/2023\/11\/931\/523\/man-getting-immunotherapy.jpg?ve=1&amp;tl=1, https:\/\/a57.foxnews.com\/static.foxnews.com\/foxnews.com\/content\/uploads\/2023\/11\/1862\/1046\/man-getting-immunotherapy.jpg?ve=1&amp;tl=1 2x\" height=\"523\" width=\"931\"><source media=\"(min-width: 1280px)\" srcset=\"https:\/\/a57.foxnews.com\/static.foxnews.com\/foxnews.com\/content\/uploads\/2023\/11\/720\/405\/man-getting-immunotherapy.jpg?ve=1&amp;tl=1, https:\/\/a57.foxnews.com\/static.foxnews.com\/foxnews.com\/content\/uploads\/2023\/11\/1440\/810\/man-getting-immunotherapy.jpg?ve=1&amp;tl=1 2x\" height=\"405\" width=\"720\"><img loading=\"lazy\" decoding=\"async\" src=\"https:\/\/a57.foxnews.com\/static.foxnews.com\/foxnews.com\/content\/uploads\/2023\/11\/1200\/675\/man-getting-immunotherapy.jpg?ve=1&amp;tl=1\" alt=\"Inmunoterapia\" width=\"1200\" height=\"675\"\/><\/source><\/source><\/source><\/source><\/picture><\/div>\n<div class=\"info\">\n<div class=\"caption\">\n<p><span>\u00abDebido a los avances en el tratamiento del melanoma en los \u00faltimos 10 a 15 a\u00f1os, incluso el melanoma muy avanzado se puede curar en hasta el 50% de los casos con tratamiento moderno de inmunoterapia\u00bb, dijo un experto.<\/span> <span>(Istock)<\/span><\/p>\n<\/div>\n<\/div>\n<\/div>\n<p>\u00abDebido a los avances en el tratamiento del melanoma en los \u00faltimos 10 a 15 a\u00f1os, incluso el melanoma muy avanzado se puede curar en hasta el 50% de los casos con tratamiento moderno de inmunoterapia\u00bb, dijo a Fox News Digital. <\/p>\n<p>\u00abM\u00e1s recientemente, la terapia celular ha sido aprobada para tratar esos melanomas avanzados que no responden a la inmunoterapia\u00bb.<\/p>\n<h2><strong>Prevenci\u00f3n del melanoma<\/strong><\/h2>\n<p>Para prevenir el melanoma, es importante reducir la exposici\u00f3n a la radiaci\u00f3n ultravioleta, especialmente en personas con piel ligeramente pigmentada, aconsej\u00f3 Strauss. <\/p>\n<p>\u00abEl protector solar y la ropa protectora solar son cr\u00edticas\u00bb, dijo.<\/p>\n<p><strong><u>Haga clic aqu\u00ed para obtener la aplicaci\u00f3n Fox News<\/u><\/strong><\/p>\n<p>La Academia Americana de Dermatolog\u00eda recomienda aplicar protector solar resistente al agua con protecci\u00f3n de amplio espectro contra rayos UVA y UVB, y SPF 30 o m\u00e1s, antes de la exposici\u00f3n al sol.<\/p>\n<p>\u00abSe debe evitar el uso de la cama de bronceado en interiores porque se sabe que est\u00e1 asociado con un mayor riesgo de melanoma\u00bb, agreg\u00f3 Strauss.<\/p>\n<div class=\"image-ct inline\">\n<div class=\"m\"><picture><source media=\"(max-width: 767px)\" srcset=\"https:\/\/a57.foxnews.com\/static.foxnews.com\/foxnews.com\/content\/uploads\/2025\/04\/343\/192\/gettyimages-1432941680.jpg?ve=1&amp;tl=1, https:\/\/a57.foxnews.com\/static.foxnews.com\/foxnews.com\/content\/uploads\/2025\/04\/686\/384\/gettyimages-1432941680.jpg?ve=1&amp;tl=1 2x\" height=\"192\" width=\"343\"><source media=\"(min-width: 768px) and (max-width: 1023px)\" srcset=\"https:\/\/a57.foxnews.com\/static.foxnews.com\/foxnews.com\/content\/uploads\/2025\/04\/672\/378\/gettyimages-1432941680.jpg?ve=1&amp;tl=1, https:\/\/a57.foxnews.com\/static.foxnews.com\/foxnews.com\/content\/uploads\/2025\/04\/1344\/756\/gettyimages-1432941680.jpg?ve=1&amp;tl=1 2x\" height=\"378\" width=\"672\"><source media=\"(min-width: 1024px) and (max-width: 1279px)\" srcset=\"https:\/\/a57.foxnews.com\/static.foxnews.com\/foxnews.com\/content\/uploads\/2025\/04\/931\/523\/gettyimages-1432941680.jpg?ve=1&amp;tl=1, https:\/\/a57.foxnews.com\/static.foxnews.com\/foxnews.com\/content\/uploads\/2025\/04\/1862\/1046\/gettyimages-1432941680.jpg?ve=1&amp;tl=1 2x\" height=\"523\" width=\"931\"><source media=\"(min-width: 1280px)\" srcset=\"https:\/\/a57.foxnews.com\/static.foxnews.com\/foxnews.com\/content\/uploads\/2025\/04\/720\/405\/gettyimages-1432941680.jpg?ve=1&amp;tl=1, https:\/\/a57.foxnews.com\/static.foxnews.com\/foxnews.com\/content\/uploads\/2025\/04\/1440\/810\/gettyimages-1432941680.jpg?ve=1&amp;tl=1 2x\" height=\"405\" width=\"720\"><img loading=\"lazy\" decoding=\"async\" src=\"https:\/\/a57.foxnews.com\/static.foxnews.com\/foxnews.com\/content\/uploads\/2025\/04\/1200\/675\/gettyimages-1432941680.jpg?ve=1&amp;tl=1\" alt=\"El paciente sin camisa se tumba boca abajo mientras el m\u00e9dico examina la espalda\" width=\"1200\" height=\"675\"\/><\/source><\/source><\/source><\/source><\/picture><\/div>\n<div class=\"info\">\n<div class=\"caption\">\n<p><span>Las personas de alto riesgo deben tener controles de la piel anuales con un dermat\u00f3logo, los expertos recomiendan.<\/span> <span>(Istock)<\/span><\/p>\n<\/div>\n<\/div>\n<\/div>\n<p>Las personas de alto riesgo tambi\u00e9n deben tener controles de la piel anuales con un dermat\u00f3logo.  <\/p>\n<p>\u00abEsto incluye a las personas con antecedentes personales de c\u00e1ncer de piel, antecedentes familiares de melanoma, personas que toman medicamentos que suprimen el sistema inmunitario y las personas altamente sensibles al sol, como aquellas con cabello rojo o rubio, pigmentaci\u00f3n de la piel clara, peca significativa y color de ojos ligeros\u00bb, dijo el onc\u00f3logo.<\/p>\n<p><strong><u>Haga clic aqu\u00ed para registrarse en nuestro bolet\u00edn de salud<\/u><\/strong><\/p>\n<p>Strauss usa el acr\u00f3nimo ABCDE para diferenciar entre un lunar normal y un melanoma. <\/p>\n<p>\u00abMoles con <strong>Asimetr\u00eda<\/strong>irregular <strong>Fronteras<\/strong>m\u00faltiple <strong>Bandera<\/strong>, <strong>Di\u00e1metro<\/strong> m\u00e1s grande que un borrador de l\u00e1piz, y <strong>Evoluci\u00f3n<\/strong> o las caracter\u00edsticas cambiantes requieren una evaluaci\u00f3n adicional \u00ab, dijo. <\/p>\n<blockquote class=\"pull-quote\">\n<p class=\"quote-text\">\u00abSu coraje al compartir su historia y crear conciencia sobre el melanoma puede marcar la diferencia en que alguien m\u00e1s reciba atenci\u00f3n de vida\u00bb.<\/p>\n<p> <!----><\/p><\/blockquote>\n<p>Los m\u00e9dicos que hablaron con Fox News Digital, ninguno de los cuales ha tratado a Mellencamp, compartieron sus sentimientos sobre la batalla contra el c\u00e1ncer de la personalidad televisiva.<\/p>\n<p>\u00abLa situaci\u00f3n de Teddi es bastante grave, pero hay motivos de esperanza y optimismo con los nuevos tratamientos que ahora tenemos disponibles para el melanoma\u00bb, dijo Strauss.<\/p>\n<p><i><strong><u>Para m\u00e1s art\u00edculos de salud, visite www.foxnews.com\/Health<\/u><\/strong><\/i><\/p>\n<p>Monroe agreg\u00f3: \u00abNuestros pensamientos est\u00e1n con Teddi y le deseamos lo mejor mientras enfrenta este desaf\u00edo\u00bb.<\/p>\n<p>\u00abSu coraje al compartir su historia y crear conciencia sobre el melanoma puede marcar la diferencia en que alguien m\u00e1s reciba atenci\u00f3n de vida\u00bb.<\/p>\n<p> <!----> <\/p>\n<div class=\"article-meta\">\n<div class=\"author-bio\">\n<p>Melissa Rudy es editora de salud senior y miembro del equipo de estilo de vida en Fox News Digital. Los consejos de la historia se pueden enviar a melissa.rudy@fox.com.<\/p>\n<\/div>\n<\/div>\n<\/div>\n\n","protected":false},"excerpt":{"rendered":"<p>&#8216;Plan de desintoxicaci\u00f3n masivo&#8217; c\u00e1ncer de mujer curado, dice ella Liana Werner-Gray cree que si no hubiera realizado cambios sustanciales en su dieta y estilo de vida, no habr\u00eda golpeado su c\u00e1ncer. Fox News Digital habl\u00f3 con la autora y defensor del bienestar sobre su viaje de salud. La estrella de la realidad y el &hellip;<\/p>\n","protected":false},"author":1,"featured_media":24300,"comment_status":"open","ping_status":"open","sticky":false,"template":"","format":"standard","meta":{"fifu_image_url":"https:\/\/a57.foxnews.com\/static.foxnews.com\/foxnews.com\/content\/uploads\/2025\/04\/1200\/675\/cecc7cbf-teddi-mellencamp-split.jpg?ve=1&tl=1","fifu_image_alt":"","footnotes":""},"categories":[8],"tags":[],"class_list":["post-24298","post","type-post","status-publish","format-standard","has-post-thumbnail","","category-salud"],"_links":{"self":[{"href":"https:\/\/noticiasveraces.com\/index.php?rest_route=\/wp\/v2\/posts\/24298","targetHints":{"allow":["GET"]}}],"collection":[{"href":"https:\/\/noticiasveraces.com\/index.php?rest_route=\/wp\/v2\/posts"}],"about":[{"href":"https:\/\/noticiasveraces.com\/index.php?rest_route=\/wp\/v2\/types\/post"}],"author":[{"embeddable":true,"href":"https:\/\/noticiasveraces.com\/index.php?rest_route=\/wp\/v2\/users\/1"}],"replies":[{"embeddable":true,"href":"https:\/\/noticiasveraces.com\/index.php?rest_route=%2Fwp%2Fv2%2Fcomments&post=24298"}],"version-history":[{"count":0,"href":"https:\/\/noticiasveraces.com\/index.php?rest_route=\/wp\/v2\/posts\/24298\/revisions"}],"wp:featuredmedia":[{"embeddable":true,"href":"https:\/\/noticiasveraces.com\/index.php?rest_route=\/wp\/v2\/media\/24300"}],"wp:attachment":[{"href":"https:\/\/noticiasveraces.com\/index.php?rest_route=%2Fwp%2Fv2%2Fmedia&parent=24298"}],"wp:term":[{"taxonomy":"category","embeddable":true,"href":"https:\/\/noticiasveraces.com\/index.php?rest_route=%2Fwp%2Fv2%2Fcategories&post=24298"},{"taxonomy":"post_tag","embeddable":true,"href":"https:\/\/noticiasveraces.com\/index.php?rest_route=%2Fwp%2Fv2%2Ftags&post=24298"}],"curies":[{"name":"wp","href":"https:\/\/api.w.org\/{rel}","templated":true}]}}