{"id":24250,"date":"2025-04-23T21:49:10","date_gmt":"2025-04-24T01:49:10","guid":{"rendered":"https:\/\/noticiasveraces.com\/?p=24250"},"modified":"2025-04-23T21:49:10","modified_gmt":"2025-04-24T01:49:10","slug":"carlos-el-pibe-valderrama-reconocio-que-no-hay-excusas-para-que-dayro-moreno-no-este-en-seleccion-curiosidades-de-futbol","status":"publish","type":"post","link":"https:\/\/noticiasveraces.com\/?p=24250","title":{"rendered":"Carlos &#8216;El Pibe&#8217; Valderrama reconoci\u00f3 que no hay excusas para que Dayro Moreno no est\u00e9 en Selecci\u00f3n | Curiosidades de f\u00fatbol"},"content":{"rendered":"<p> \n<\/p>\n<div id=\"cuerpoArticulo\">\n<p class=\"texto intro\" id=\"p243255-m1025-1024-1026\">Dayro Moreno sigue brillando en el f\u00fatbol colombiano con la camiseta del Once Caldas. En su m\u00e1s reciente juego, v\u00e1lido por Copa Sudamericana, dio un hat-trick, que vali\u00f3 la victoria en condici\u00f3n de visitante ante\u00a0GV San Jos\u00e9. Debido a su rendimiento, el t\u00e9cnico Hern\u00e1n Dar\u00edo Herrera ha insistido que sea tenido en cuenta para la Selecci\u00f3n Colombia y ahora, Carlos &#8216;El Pibe&#8217; Valderrama, respald\u00f3 esta idea. <\/p>\n<p>As\u00ed lo dej\u00f3 ver en sus redes sociales, donde dio a conocer el momento en que se encuentran ambas leyendas del f\u00fatbol en un aeropuerto. <\/p>\n<p>El &#8216;Pibe&#8217;, fiel a su estilo y personalidad, no dud\u00f3 en acercarse al goleador hist\u00f3rico del f\u00fatbol colombiano, para inmortalizar el momento que se ha viralizado. <\/p>\n<p class=\"texto contenido-parrafo-articulo\" id=\"p243255-m1088-3-1089\">Apurado, y pidiendo la foto, Valderrama abraz\u00f3 a Dayro, quien con una sonrisa de por medio, entabl\u00f3 contacto con uno de sus referentes. <\/p>\n<p>En la publicaci\u00f3n, el exjugador de la Selecci\u00f3n Colombia, dej\u00f3 en claro que quisiera verlo vistiendo la camiseta &#8216;tricolor&#8217;. <\/p>\n<div class=\"fotografia caja-articulo\" id=\"p243255-m1094-4-1095\">\n<div class=\"imagen-cuerpo-bk\">\n<figure itemscope=\"\" itemtype=\"https:\/\/schema.org\/ImageObject\" itemprop=\"image\" id=\"m1099-1098-1100\" class=\"foto-galeria-articulo imagen-articulo foto-texto-articulo-galeria\"><img decoding=\"async\" alt=\"Dayro Moreno\" src=\"data:image\/png;base64,iVBORw0KGgoAAAANSUhEUgAAAAEAAAABCAQAAAC1HAwCAAAAC0lEQVR42mP8\/x0AAvsB+DlKarAAAAAASUVORK5CYII=\" style=\" display: inline;\" data-original=\"\/files\/article_content\/uploads\/2025\/04\/22\/68085d7cc8995.jpeg\"\/><meta itemprop=\"width\" content=\"600\"\/><meta itemprop=\"height\" content=\"450\"\/> <meta itemprop=\"url\" content=\"https:\/\/www.futbolred.com\/files\/article_content\/uploads\/2025\/04\/22\/68085d7cc8995.jpeg\"\/><\/figure>\n<\/div>\n<div class=\"figcaption-cuerpo-bk credito-image-bk\"><figcaption class=\"foto-info\">\n<div class=\"titulo-foto-bk\">\n<p id=\"m1106-1-1107\" class=\"titulo pie-de-foto\">Dayro Moreno tripleta a San Jos\u00e9 en Sudamericana<\/p>\n<\/div>\n<p class=\"credito\">\n                            <span class=\"linea pre_credito\">Foto:<\/span><\/p>\n<p>                        <span id=\"m1112-2-1113\" class=\"autor\">Efusi\u00f3n<\/span><\/p>\n<\/figcaption><\/div>\n<\/p><\/div>\n<p>                                                    <span class=\"articulo-subtitulo subtitulo2 espacio-contenido\" id=\"p243255-m1120-5-1121\">El Pibe quiere a Dayro Moreno en la Selecci\u00f3n Colombia<\/span><\/p>\n<p class=\"texto contenido-parrafo-articulo\" id=\"p243255-m1126-6-1127\"><b>\u00abQu\u00e9 nota bacana encontrarme con el goleador Dayro Moreno\u00bb, escribi\u00f3 de entrada.<br \/><\/b><br \/>Posteriormente, resalt\u00f3 que: <b>\u00abHey loco! Ya no tienen excusas para no llamarte a la Selecci\u00f3n\u00bb. <br \/><\/b><br \/>Estas palabras se unen a las dichas por el t\u00e9cnico de Once Caldas, quien ya hab\u00eda manifestado su inter\u00e9s en que el delantero sea convocado por N\u00e9stor Lorenzo.<\/p>\n<div class=\"fotografia caja-articulo\" id=\"p243255-m1132-7-1133\">\n<div class=\"imagen-cuerpo-bk\">\n<figure itemscope=\"\" itemtype=\"https:\/\/schema.org\/ImageObject\" itemprop=\"image\" id=\"m1137-1136-1138\" class=\"foto-galeria-articulo imagen-articulo foto-texto-articulo-galeria\"><img decoding=\"async\" alt=\"Dayro Moreno\" src=\"data:image\/png;base64,iVBORw0KGgoAAAANSUhEUgAAAAEAAAABCAQAAAC1HAwCAAAAC0lEQVR42mP8\/x0AAvsB+DlKarAAAAAASUVORK5CYII=\" style=\" display: inline;\" data-original=\"\/files\/article_content\/uploads\/2025\/04\/05\/67f1fb614646b.png\"\/><meta itemprop=\"width\" content=\"600\"\/><meta itemprop=\"height\" content=\"450\"\/> <meta itemprop=\"url\" content=\"https:\/\/www.futbolred.com\/files\/article_content\/uploads\/2025\/04\/05\/67f1fb614646b.png\"\/><\/figure>\n<\/div>\n<div class=\"figcaption-cuerpo-bk credito-image-bk\"><figcaption class=\"foto-info\">\n<div class=\"titulo-foto-bk\">\n<p id=\"m1144-1-1145\" class=\"titulo pie-de-foto\">Dayro Moreno goleador del FPC<\/p>\n<\/div>\n<p class=\"credito\">\n                            <span class=\"linea pre_credito\">Foto:<\/span><\/p>\n<p>                        <span id=\"m1150-2-1151\" class=\"autor\">@oncecaldas<\/span><\/p>\n<\/figcaption><\/div>\n<\/p><\/div>\n<p class=\"texto contenido-parrafo-articulo\" id=\"p243255-m1158-8-1159\">\u00abDayro Moreno tiene que representar a Colombia. Es nuestro goleador, el que est\u00e1 haciendo los goles. No s\u00e9 por qu\u00e9 no le han dado oportunidad en la Selecci\u00f3n, pero se lo merece\u00bb, coment\u00f3 en rueda de prensa.<\/p>\n<p>Por ahora, Dayro seguir\u00e1 buscando m\u00e1s goles, mientras llega el momento de una nueva convocatoria, que ser\u00e1 en el mes de junio para la doble jornada de Eliminatorias.<\/p>\n<\/p><\/div>\n\n","protected":false},"excerpt":{"rendered":"<p>Dayro Moreno sigue brillando en el f\u00fatbol colombiano con la camiseta del Once Caldas. En su m\u00e1s reciente juego, v\u00e1lido por Copa Sudamericana, dio un hat-trick, que vali\u00f3 la victoria en condici\u00f3n de visitante ante\u00a0GV San Jos\u00e9. Debido a su rendimiento, el t\u00e9cnico Hern\u00e1n Dar\u00edo Herrera ha insistido que sea tenido en cuenta para la &hellip;<\/p>\n","protected":false},"author":1,"featured_media":24251,"comment_status":"open","ping_status":"open","sticky":false,"template":"","format":"standard","meta":{"fifu_image_url":"https:\/\/www.futbolred.com\/files\/og_thumbnail\/uploads\/2025\/04\/23\/680921d4db259.jpeg","fifu_image_alt":"","footnotes":""},"categories":[6],"tags":[],"class_list":["post-24250","post","type-post","status-publish","format-standard","has-post-thumbnail","","category-deportes"],"_links":{"self":[{"href":"https:\/\/noticiasveraces.com\/index.php?rest_route=\/wp\/v2\/posts\/24250","targetHints":{"allow":["GET"]}}],"collection":[{"href":"https:\/\/noticiasveraces.com\/index.php?rest_route=\/wp\/v2\/posts"}],"about":[{"href":"https:\/\/noticiasveraces.com\/index.php?rest_route=\/wp\/v2\/types\/post"}],"author":[{"embeddable":true,"href":"https:\/\/noticiasveraces.com\/index.php?rest_route=\/wp\/v2\/users\/1"}],"replies":[{"embeddable":true,"href":"https:\/\/noticiasveraces.com\/index.php?rest_route=%2Fwp%2Fv2%2Fcomments&post=24250"}],"version-history":[{"count":0,"href":"https:\/\/noticiasveraces.com\/index.php?rest_route=\/wp\/v2\/posts\/24250\/revisions"}],"wp:featuredmedia":[{"embeddable":true,"href":"https:\/\/noticiasveraces.com\/index.php?rest_route=\/wp\/v2\/media\/24251"}],"wp:attachment":[{"href":"https:\/\/noticiasveraces.com\/index.php?rest_route=%2Fwp%2Fv2%2Fmedia&parent=24250"}],"wp:term":[{"taxonomy":"category","embeddable":true,"href":"https:\/\/noticiasveraces.com\/index.php?rest_route=%2Fwp%2Fv2%2Fcategories&post=24250"},{"taxonomy":"post_tag","embeddable":true,"href":"https:\/\/noticiasveraces.com\/index.php?rest_route=%2Fwp%2Fv2%2Ftags&post=24250"}],"curies":[{"name":"wp","href":"https:\/\/api.w.org\/{rel}","templated":true}]}}