{"id":24245,"date":"2025-04-23T21:26:12","date_gmt":"2025-04-24T01:26:12","guid":{"rendered":"https:\/\/noticiasveraces.com\/?p=24245"},"modified":"2025-04-23T21:26:12","modified_gmt":"2025-04-24T01:26:12","slug":"multitudinario-tributo-de-medianoche-al-papa-francisco-dw-24-04-2025","status":"publish","type":"post","link":"https:\/\/noticiasveraces.com\/?p=24245","title":{"rendered":"Multitudinario tributo de medianoche al papa Francisco \u2013 DW \u2013 24\/04\/2025"},"content":{"rendered":"<p> \n<\/p>\n<div>\n<p>La fila formada por miles de personas que acuden a la bas\u00edlica de San Pedro para dar el \u00faltimo adi\u00f3s al papa Francisco ha superado la medianoche (24.04.2025) en Roma, en el primero d\u00eda de tres d\u00edas de exposici\u00f3n del f\u00e9retro antes del funeral del s\u00e1bado.<\/p>\n<p>Las personas que aguardan pacientemente a entrar al templo en la Plaza de San Pedro ya pasada la medianoche en Roma (00:00 CET) se cuentan todav\u00eda por miles, todo envuelto en un severo protocolo de seguridad y controlado por la Polic\u00eda y la Protecci\u00f3n Civil.4<\/p>\n<p>Se espera que la bas\u00edlica con el cuerpo del pont\u00edfice permanezca abierta toda la noche o al menos hasta que todo el mundo le haya despedido, seg\u00fan explican los voluntarios.<\/p>\n<p>Desde que se abri\u00f3 la capilla ardiente a las 11:00 horas locales (9:00 GMT) hasta las 19:30 horas locales (17:30 GMT) el Vaticano hab\u00eda contabilizado 19.430 personas.<\/p>\n<blockquote class=\"tweet embed\" data-id=\"1915117465333338290\"\/>\n<p>Francisco, fallecido el lunes con 88 a\u00f1os a causa de un ictus y tras m\u00e1s de dos meses con serios problemas respiratorios, yace dentro de un f\u00e9retro de madera a los pies del baldaquino de Bernini.<\/p>\n<h2>Vaticano preparado para dejar Bas\u00edlica abierta<\/h2>\n<p>El Vaticano ha organizado tres d\u00edas para permitir que los fieles puedan darle el \u00faltimo adi\u00f3s en el templo: mi\u00e9rcoles y el jueves hasta la medianoche pero el portavoz de la Santa Sede, Matteo Bruni, ha adelantado que est\u00e1n \u00abpreparados\u00bb para dejar la bas\u00edlica abierta m\u00e1s all\u00e1 de esa hora.<\/p>\n<p><span data-slot-id=\"Article_InContent-1\" class=\"rich-text-ad\"\/><\/p>\n<p>La capilla ardiente terminar\u00e1 previsiblemente el viernes a las 19:00 horas locales (17:00 GMT) para despu\u00e9s proceder al cierre del f\u00e9retro.<\/p>\n<figure class=\"placeholder-image master_landscape big\"><img data-format=\"MASTER_LANDSCAPE\" data-id=\"72328167\" data-url=\"https:\/\/static.dw.com\/image\/72328167_${formatId}.jpg\" data-aspect-ratio=\"16\/9\" alt=\"La gente hace cola en los aleda\u00f1os a la Plaza de San Pedro en el Vaticano, para dar el \u00faltimo adi\u00f3s al papa Francisco, cuyo cuerpo reposar\u00e1 durante tres d\u00edas en la Bas\u00edlica de San Pedro.\" style=\"padding-bottom: 56.25%; height: 0; max-height: 0;\"\/><figcaption class=\"img-caption\">La gente hace cola en los aleda\u00f1os a la Plaza de San Pedro en el Vaticano, para dar el \u00faltimo adi\u00f3s al papa Francisco, cuyo cuerpo reposar\u00e1 durante tres d\u00edas en la Bas\u00edlica de San Pedro.<small class=\"copyright\">Im\u00e1genes: Markus Schreiber\/AP\/Picture Alliance<\/small><\/figcaption><\/figure>\n<p>El s\u00e1bado, tras el funeral, su cuerpo ser\u00e1 llevado a la bas\u00edlica romana de Santa Mar\u00eda La Mayor para ser enterrado en una capilla, tal y como el pont\u00edfice argentino dispuso en vida por ser muy devoto de la Virgen que custodio, la &#8216;Salus populi romani&#8217;.<\/p>\n<p>El primer pont\u00edfice latinoamericano yace en un sencillo ata\u00fad abierto, ante el imponente baldaquino barroco de la iglesia m\u00e1s grande del mundo.<\/p>\n<blockquote class=\"tweet embed\" data-id=\"1915123583166165374\"\/>\n<p>Llevaba su inseparable rosario entre las manos y casulla roja. Su cuerpo no se deposit\u00f3 en un catafalco, a diferencia de sus antecesores: petici\u00f3n expresa del jesuita argentino de estilo austero.<\/p>\n<h2>El \u00abm\u00e1s humilde de los papas\u00bb<\/h2>\n<p>\u00abEl gran silencio me acerc\u00f3 a \u00e9l\u00bb, dijo a AFP sor Caterina, despu\u00e9s de verlo. \u00abTuve esa emoci\u00f3n de sentir que tenemos al papa en el cielo rezando por nosotros\u00bb, agreg\u00f3 esta monja residenciada en Suiza.<\/p>\n<p>\u00abQuer\u00edamos decir gracias al m\u00e1s humilde de los papas\u00bb, se\u00f1al\u00f3 Francisca Antunes, estudiante de medicina portuguesa de 21 a\u00f1os tras abandonar la bas\u00edlica con una amiga. \u00abSe sinti\u00f3 muy bien estar ah\u00ed\u00bb.<\/p>\n<p>Los tradicionales nueve d\u00edas de duelo en el Vaticano tras la muerte de un pont\u00edfice -los Novendiales- comenzar\u00e1n el s\u00e1bado, inform\u00f3 la Santa Sede tras una nueva reuni\u00f3n de cardenales, que a\u00fan no anunciaron la fecha del pr\u00f3ximo c\u00f3nclave.<\/p>\n<p>JC (Efe, AFP)<\/p>\n<\/div>\n\n","protected":false},"excerpt":{"rendered":"<p>La fila formada por miles de personas que acuden a la bas\u00edlica de San Pedro para dar el \u00faltimo adi\u00f3s al papa Francisco ha superado la medianoche (24.04.2025) en Roma, en el primero d\u00eda de tres d\u00edas de exposici\u00f3n del f\u00e9retro antes del funeral del s\u00e1bado. Las personas que aguardan pacientemente a entrar al templo &hellip;<\/p>\n","protected":false},"author":1,"featured_media":24246,"comment_status":"open","ping_status":"open","sticky":false,"template":"","format":"standard","meta":{"fifu_image_url":"https:\/\/static.dw.com\/image\/72328189_6.jpg","fifu_image_alt":"","footnotes":""},"categories":[13],"tags":[],"class_list":["post-24245","post","type-post","status-publish","format-standard","has-post-thumbnail","","category-mundo"],"_links":{"self":[{"href":"https:\/\/noticiasveraces.com\/index.php?rest_route=\/wp\/v2\/posts\/24245","targetHints":{"allow":["GET"]}}],"collection":[{"href":"https:\/\/noticiasveraces.com\/index.php?rest_route=\/wp\/v2\/posts"}],"about":[{"href":"https:\/\/noticiasveraces.com\/index.php?rest_route=\/wp\/v2\/types\/post"}],"author":[{"embeddable":true,"href":"https:\/\/noticiasveraces.com\/index.php?rest_route=\/wp\/v2\/users\/1"}],"replies":[{"embeddable":true,"href":"https:\/\/noticiasveraces.com\/index.php?rest_route=%2Fwp%2Fv2%2Fcomments&post=24245"}],"version-history":[{"count":0,"href":"https:\/\/noticiasveraces.com\/index.php?rest_route=\/wp\/v2\/posts\/24245\/revisions"}],"wp:featuredmedia":[{"embeddable":true,"href":"https:\/\/noticiasveraces.com\/index.php?rest_route=\/wp\/v2\/media\/24246"}],"wp:attachment":[{"href":"https:\/\/noticiasveraces.com\/index.php?rest_route=%2Fwp%2Fv2%2Fmedia&parent=24245"}],"wp:term":[{"taxonomy":"category","embeddable":true,"href":"https:\/\/noticiasveraces.com\/index.php?rest_route=%2Fwp%2Fv2%2Fcategories&post=24245"},{"taxonomy":"post_tag","embeddable":true,"href":"https:\/\/noticiasveraces.com\/index.php?rest_route=%2Fwp%2Fv2%2Ftags&post=24245"}],"curies":[{"name":"wp","href":"https:\/\/api.w.org\/{rel}","templated":true}]}}