{"id":24242,"date":"2025-04-23T21:16:24","date_gmt":"2025-04-24T01:16:24","guid":{"rendered":"https:\/\/noticiasveraces.com\/?p=24242"},"modified":"2025-04-23T21:16:24","modified_gmt":"2025-04-24T01:16:24","slug":"el-gobernador-de-illinois-jb-pritzker-toma-medidas-para-boicotear-el-salvador-en-protesta-por-la-detencion-de-kilmar-abrego-garcia","status":"publish","type":"post","link":"https:\/\/noticiasveraces.com\/?p=24242","title":{"rendered":"El gobernador de Illinois, JB Pritzker, toma medidas para boicotear El Salvador en protesta por la detenci\u00f3n de Kilmar Abrego Garc\u00eda"},"content":{"rendered":"<p> \n<\/p>\n<div>\n<p class=\"body-graf\">El gobernador de Illinois, JB Pritzker, dem\u00f3crata, anunci\u00f3 el mi\u00e9rcoles que dirigir\u00e1 a varias agencias estatales a revisar sus lazos con El Salvador a ra\u00edz de lo que su oficina llam\u00f3 \u00abayudar a las acciones ilegales e inconstitucionales de la administraci\u00f3n Trump\u00bb.<\/p>\n<p class=\"body-graf\">\u00abLa Constituci\u00f3n de los Estados Unidos garantiza el debido proceso. Estamos presenciando que Donald Trump erosiona nuestros derechos constitucionales fundamentales en tiempo real, y debemos luchar para restaurar el equilibrio de poder. El estado de Illinois defender\u00e1 el estado de ley y har\u00e1 todo lo que est\u00e1 en nuestro poder para evitar que la administraci\u00f3n Trump destroze nuestros derechos m\u00e1s b\u00e1sicos\u00bb, se considera que Pritzer, que se considera un candidato potencial de 2028, un candidato de 2028, en una declaraci\u00f3n.<\/p>\n<p class=\"body-graf\">En un comunicado, la oficina de Pritzker dijo que hab\u00eda ordenado a varios fondos de pensiones de Illinois para que revisen si est\u00e1n invertidos en alguna compa\u00f1\u00eda con sede en El Salvador y que hab\u00eda ordenado al Departamento de Servicios de Gesti\u00f3n Central de Illinois evaluar si se han otorgado contratos estatales de adquisici\u00f3n a empresas con sede o controladas por El Salvador.<\/p>\n<figure class=\"styles_inlineImage__FvnTh styles_medium__MEKii\"><picture class=\"styles_image__i32F7\" data-testid=\"picture\"><source media=\"(min-width: 1000px)\" srcset=\"https:\/\/media-cldnry.s-nbcnews.com\/image\/upload\/t_fit-560w,f_avif,q_auto:eco,dpr_2\/rockcms\/2023-03\/230322-jb-pritzker-se-1228p-32817a.jpg 2x, https:\/\/media-cldnry.s-nbcnews.com\/image\/upload\/t_fit-560w,f_auto,q_auto:best\/rockcms\/2023-03\/230322-jb-pritzker-se-1228p-32817a.jpg 1x\"\/><source media=\"(min-width: 320px)\" srcset=\"https:\/\/media-cldnry.s-nbcnews.com\/image\/upload\/t_fit-760w,f_avif,q_auto:eco,dpr_2\/rockcms\/2023-03\/230322-jb-pritzker-se-1228p-32817a.jpg 2x, https:\/\/media-cldnry.s-nbcnews.com\/image\/upload\/t_fit-760w,f_auto,q_auto:best\/rockcms\/2023-03\/230322-jb-pritzker-se-1228p-32817a.jpg 1x\"\/><img decoding=\"async\" loading=\"lazy\" src=\"https:\/\/media-cldnry.s-nbcnews.com\/image\/upload\/t_fit-760w,f_auto,q_auto:best\/rockcms\/2023-03\/230322-jb-pritzker-se-1228p-32817a.jpg\" alt=\"Imagen: JB Pritzker\" height=\"1667\" width=\"2500\"\/><\/picture><figcaption class=\"caption styles_caption__TCewG\" data-testid=\"caption\"><span class=\"caption__container\" data-testid=\"caption__container\">El gobernador de Illinois JB Pritzker.<\/span><span class=\"caption__source\" data-testid=\"caption__source\">Archivo Charles Rex Arbogast \/ AP<\/span><\/figcaption><\/figure>\n<p class=\"body-graf\">El presidente salvadore\u00f1o, Nayib Bukele, se ha puesto del lado de Trump en las \u00faltimas semanas en el caso de deportaci\u00f3n de alto perfil de Kilmar Abrego Garc\u00eda. La administraci\u00f3n Trump admite que Abrego Garc\u00eda fue deportado por error a El Salvador, pero sostiene que fue miembro de la violenta pandilla MS-13, a pesar de las declaraciones de su esposa y su abogado en contrario.<\/p>\n<p class=\"body-graf\">Los miembros de la administraci\u00f3n Trump tambi\u00e9n han dicho que debido a que Abrego Garc\u00eda est\u00e1 bajo la custodia de El Salvador, no pueden traerlo de regreso a los Estados Unidos. Bukele se ha negado a liberar a Abrego Garc\u00eda.<\/p>\n<p class=\"body-graf\">\u00abPor supuesto que no voy a hacerlo\u00bb, dijo Bukele a los periodistas durante una reuni\u00f3n de la Oficina Oval con Trump este mes. \u00abLa pregunta es absurda\u00bb.<\/p>\n<p class=\"body-graf\">El domingo, el senador Chris Van Hollen, D-Md., Que visit\u00f3 a Abrego Garc\u00eda en El Salvador la semana pasada, dijo en \u00abMeet the Press\u00bb de NBC News de que la desinvaluaci\u00f3n del pa\u00eds podr\u00eda ser un m\u00e9todo para presionar a Bukele para liberar a Abrego Garc\u00eda.<\/p>\n<p class=\"endmark body-graf\">\u00abTambi\u00e9n hay presiones que podemos poner en el Gobierno de El Salvador, incluso a trav\u00e9s de, ya sabes, las personas que deciden no invertir en El Salvador, los estadounidenses que no viajan a El Salvador. As\u00ed que creo que hay otros puntos de presi\u00f3n\u00bb, dijo Van Hollen.<\/p>\n<\/div>\n\n","protected":false},"excerpt":{"rendered":"<p>El gobernador de Illinois, JB Pritzker, dem\u00f3crata, anunci\u00f3 el mi\u00e9rcoles que dirigir\u00e1 a varias agencias estatales a revisar sus lazos con El Salvador a ra\u00edz de lo que su oficina llam\u00f3 \u00abayudar a las acciones ilegales e inconstitucionales de la administraci\u00f3n Trump\u00bb. \u00abLa Constituci\u00f3n de los Estados Unidos garantiza el debido proceso. Estamos presenciando que &hellip;<\/p>\n","protected":false},"author":1,"featured_media":24244,"comment_status":"open","ping_status":"open","sticky":false,"template":"","format":"standard","meta":{"fifu_image_url":"https:\/\/media-cldnry.s-nbcnews.com\/image\/upload\/t_nbcnews-fp-1200-630,f_auto,q_auto:best\/rockcms\/2023-03\/230322-jb-pritzker-se-1228p-32817a.jpg","fifu_image_alt":"","footnotes":""},"categories":[4],"tags":[],"class_list":["post-24242","post","type-post","status-publish","format-standard","has-post-thumbnail","","category-historias-destacadas"],"_links":{"self":[{"href":"https:\/\/noticiasveraces.com\/index.php?rest_route=\/wp\/v2\/posts\/24242","targetHints":{"allow":["GET"]}}],"collection":[{"href":"https:\/\/noticiasveraces.com\/index.php?rest_route=\/wp\/v2\/posts"}],"about":[{"href":"https:\/\/noticiasveraces.com\/index.php?rest_route=\/wp\/v2\/types\/post"}],"author":[{"embeddable":true,"href":"https:\/\/noticiasveraces.com\/index.php?rest_route=\/wp\/v2\/users\/1"}],"replies":[{"embeddable":true,"href":"https:\/\/noticiasveraces.com\/index.php?rest_route=%2Fwp%2Fv2%2Fcomments&post=24242"}],"version-history":[{"count":0,"href":"https:\/\/noticiasveraces.com\/index.php?rest_route=\/wp\/v2\/posts\/24242\/revisions"}],"wp:featuredmedia":[{"embeddable":true,"href":"https:\/\/noticiasveraces.com\/index.php?rest_route=\/wp\/v2\/media\/24244"}],"wp:attachment":[{"href":"https:\/\/noticiasveraces.com\/index.php?rest_route=%2Fwp%2Fv2%2Fmedia&parent=24242"}],"wp:term":[{"taxonomy":"category","embeddable":true,"href":"https:\/\/noticiasveraces.com\/index.php?rest_route=%2Fwp%2Fv2%2Fcategories&post=24242"},{"taxonomy":"post_tag","embeddable":true,"href":"https:\/\/noticiasveraces.com\/index.php?rest_route=%2Fwp%2Fv2%2Ftags&post=24242"}],"curies":[{"name":"wp","href":"https:\/\/api.w.org\/{rel}","templated":true}]}}