{"id":24222,"date":"2025-04-23T15:20:30","date_gmt":"2025-04-23T19:20:30","guid":{"rendered":"https:\/\/noticiasveraces.com\/?p=24222"},"modified":"2025-04-23T15:20:30","modified_gmt":"2025-04-23T19:20:30","slug":"no-hay-candidatos-pero-si-muchos-nombres-dw-23-04-2025","status":"publish","type":"post","link":"https:\/\/noticiasveraces.com\/?p=24222","title":{"rendered":"no hay candidatos, pero s\u00ed muchos nombres \u2013 DW \u2013 23\/04\/2025"},"content":{"rendered":"<p> \n<\/p>\n<div>\n<p>Tras la noticia de la muerte del papa se ha planteado la pregunta de qui\u00e9n ser\u00e1 el pr\u00f3ximo sumo pont\u00edfice. Incluso mientras Francisco estaba vivo, la b\u00fasqueda de candidatos formaba parte de las conversaciones. Pero, a pesar de todo, el asunto sigue siendo un misterio.<\/p>\n<p>No hay \u00abcandidatos\u201d en el verdadero sentido de la palabra cuando se trata de elegir a un futuro papa. En la pel\u00edcula \u00abC\u00f3nclave\u201d, muchos espectadores se enteraron de que cada cardenal escribe un nombre en su papeleta y la introduce en la urna. As\u00ed, el mencionado con m\u00e1s frecuencia se convierte en favorito.<\/p>\n<p>El cardenal muniqu\u00e9s Reinhard Marx precis\u00f3 que si un c\u00f3nclave durara m\u00e1s tiempo y surgieran dificultades, podr\u00eda imaginarse que se produjeran discusiones como las de la pel\u00edcula.<\/p>\n<h2>La edad, las lenguas<\/h2>\n<p>Una cosa est\u00e1 clara: lo m\u00e1s probable es que el futuro papa salga del c\u00edrculo de los participantes en el c\u00f3nclave. As\u00ed ha sido durante muchos siglos.<\/p>\n<p>Tambi\u00e9n est\u00e1 claro que los dos \u00faltimos pontificados duraron en promedio diez a\u00f1os, tiempo suficiente para dar forma a la Iglesia, dejando una diversidad de corrientes. Eso podr\u00eda hablar a favor de un candidato de unos 70 a\u00f1os. Y otra cosa: todos los votantes del papa saben lo importante que es poder hablar varios idiomas y, sobre todo, el italiano.<\/p>\n<figure class=\"placeholder-image master_landscape big\"><img data-format=\"MASTER_LANDSCAPE\" data-id=\"72308655\" data-url=\"https:\/\/static.dw.com\/image\/72308655_${formatId}.jpg\" data-aspect-ratio=\"16\/9\" alt=\"&quot;El humo blanco&quot; del 13 de marzo de 2013: se\u00f1al\u00f3 el \u00e9xito de la elecci\u00f3n papal de Francisco.\" style=\"padding-bottom: 56.25%; height: 0; max-height: 0;\"\/><figcaption class=\"img-caption\">El \u00abhumo blanco\u00bb sobre la Capilla Sixtina es la se\u00f1al que indica que un nuevo papa ha sido elegido. <small class=\"copyright\">Imagen: Alberto Lingria\/Picture Alliance\/Press Photo Ulmer<\/small><\/figcaption><\/figure>\n<h2>Los italianos quieren un italiano<\/h2>\n<p>Ning\u00fan italiano ha estado al frente de la Iglesia cat\u00f3lica desde 1978. Esto ya se apunt\u00f3 con nostalgia y cr\u00edtica en los medios italianos tras los c\u00f3nclaves de 2005 y 2013. El anterior n\u00famero dos del Vaticano, el cardenal de la Curia Pietro Parolin (70 a\u00f1os), es ahora el m\u00e1s mencionado y tambi\u00e9n el favorito en las casas de apuestas.<\/p>\n<p>El cardenal Pierbattista Pizzaballa (60), otro italiano en la lista, tambi\u00e9n procede del norte de Italia. Este franciscano vive en Jerusal\u00e9n desde hace 25 a\u00f1os y se ha ganado una excelente reputaci\u00f3n, sobre todo desde el 7 de octubre de 2023, cuando ocurri\u00f3 el atentado terrorista de Ham\u00e1s contra Israel, tras el cual se ofreci\u00f3 como reh\u00e9n a cambio de israel\u00edes secuestrados.<\/p>\n<p>El tercer italiano en la el c\u00edrculo de los favoritos es el arzobispo de Bolonia, el cardenal Matteo Maria Zuppi (69), que actualmente ocupa la presidencia de la Conferencia Episcopal Italiana. Los tres, Parolin, Pizzaballa y Zuppi, est\u00e1n a favor del rumbo que le dio a la iglesia el papa Francisco.<\/p>\n<p>Pero es imposible calcular si el m\u00e1ximo de 133 cardenales (dos de los 135 posibles papables ya cancelaron su participaci\u00f3n), de 71 pa\u00edses, considerar\u00e1n el papel de Italia para la iglesia universal.<\/p>\n<figure class=\"placeholder-image master_landscape big\"><img data-format=\"MASTER_LANDSCAPE\" data-id=\"72318618\" data-url=\"https:\/\/static.dw.com\/image\/72318618_${formatId}.jpg\" data-aspect-ratio=\"16\/9\" alt=\"El cardenal italiano Pietro Parolin, es uno de los papales favoritos.\" style=\"padding-bottom: 56.25%; height: 0; max-height: 0;\"\/><figcaption class=\"img-caption\">El cardenal Pietro Parolin, Cardenal Secretario de Estado hasta la muerte de Francisco es uno de los papales favoritos.<small class=\"copyright\">Imagen: marco iacobucci\/ipa-agency\/picture alliance <\/small><\/figcaption><\/figure>\n<h2>Casi nulas posibilidades de EE.UU.<\/h2>\n<p>Muchos cat\u00f3licos de Estados Unidos han apostado por un cardenal de su pa\u00eds. Probablemente no hay otro pa\u00eds en el mundo donde la mayor\u00eda de los laicos, obispos y cardenales sean tan conservadores e incluso pol\u00edticamente de derecha. El cardenal Raymond Leo Burke, uno de los cr\u00edticos m\u00e1s ac\u00e9rrimos de Francisco, encaja en este molde. Pero con Trump gobernando, las posibilidades de un papa estadounidense se hunden hasta cero.<\/p>\n<p>Los candidatos de otros pa\u00edses tienen m\u00e1s probabilidades, como el arzobispo de Ciudad de M\u00e9xico, Carlos Aguiar Retes (74); de los pa\u00edses asi\u00e1ticos est\u00e1 el arzobispo filipino Luis Antonio Tagle (67), uno de los favoritos, mientras que el arzobispo de Yangon, en Myanmar, el cardenal Charles Mauung Bo (76), ser\u00eda un outsider.<\/p>\n<p><span data-slot-id=\"Article_InContent-1\" class=\"rich-text-ad\"\/><\/p>\n<h2>\u00bfUn papa de \u00c1frica?<\/h2>\n<p>En \u00c1frica, el arzobispo de Kinshasa, el cardenal Fridolin Ambongo Besungu (65 a\u00f1os), se ha hecho un nombre recientemente. Sin embargo, Besungu se ha mostrado verbalmente duro en cuestiones como la homosexualidad.<\/p>\n<p>Algunos de los nombres que se mencionan tambi\u00e9n son el resultado de la presi\u00f3n de grupos cr\u00edticos de Francisco, pero que de facto no tienen ninguna posibilidad. Tambi\u00e9n se mencionan los nombres de algunos cl\u00e9rigos de pa\u00edses europeos no italianos, pero la Iglesia cat\u00f3lica en Europa es cada vez menos numerosa.<\/p>\n<h2>El problema de los abusos sexuales<\/h2>\n<p>El esc\u00e1ndalo de la violencia y los abusos sexuales en la Iglesia cat\u00f3lica es desde hace tiempo un problema mundial y estar\u00e1 presente en este c\u00f3nclave. El te\u00f3logo italoamericano Massimo Faggioli escribi\u00f3 d\u00edas antes de Pascua que el \u00abesc\u00e1ndalo en torno a los abusos sexuales cometidos por cl\u00e9rigos\u201d podr\u00eda \u00abensombrecer un futuro c\u00f3nclave\u201d.<\/p>\n<p>De cualquier manera, la loter\u00eda papal continuar\u00e1 hasta que salga humo blanco de la chimenea\u00a0de la Capilla Sixtina, que anunciar\u00e1 la elecci\u00f3n exitosa de un nuevo papa en alg\u00fan momento despu\u00e9s de los primeros d\u00edas de mayo. Entonces sabremos m\u00e1s. Pero para no generar m\u00e1s especulaci\u00f3n es bueno recordar que en el pasado c\u00f3nclave el papa Francisco no figuraba como favorito en ning\u00fan lado.<\/p>\n<p>(Mn\/ers)<\/p>\n<\/p>\n<\/div>\n\n","protected":false},"excerpt":{"rendered":"<p>Tras la noticia de la muerte del papa se ha planteado la pregunta de qui\u00e9n ser\u00e1 el pr\u00f3ximo sumo pont\u00edfice. Incluso mientras Francisco estaba vivo, la b\u00fasqueda de candidatos formaba parte de las conversaciones. Pero, a pesar de todo, el asunto sigue siendo un misterio. No hay \u00abcandidatos\u201d en el verdadero sentido de la palabra &hellip;<\/p>\n","protected":false},"author":1,"featured_media":24223,"comment_status":"open","ping_status":"open","sticky":false,"template":"","format":"standard","meta":{"fifu_image_url":"https:\/\/static.dw.com\/image\/72306953_6.jpg","fifu_image_alt":"","footnotes":""},"categories":[13],"tags":[],"class_list":["post-24222","post","type-post","status-publish","format-standard","has-post-thumbnail","","category-mundo"],"_links":{"self":[{"href":"https:\/\/noticiasveraces.com\/index.php?rest_route=\/wp\/v2\/posts\/24222","targetHints":{"allow":["GET"]}}],"collection":[{"href":"https:\/\/noticiasveraces.com\/index.php?rest_route=\/wp\/v2\/posts"}],"about":[{"href":"https:\/\/noticiasveraces.com\/index.php?rest_route=\/wp\/v2\/types\/post"}],"author":[{"embeddable":true,"href":"https:\/\/noticiasveraces.com\/index.php?rest_route=\/wp\/v2\/users\/1"}],"replies":[{"embeddable":true,"href":"https:\/\/noticiasveraces.com\/index.php?rest_route=%2Fwp%2Fv2%2Fcomments&post=24222"}],"version-history":[{"count":0,"href":"https:\/\/noticiasveraces.com\/index.php?rest_route=\/wp\/v2\/posts\/24222\/revisions"}],"wp:featuredmedia":[{"embeddable":true,"href":"https:\/\/noticiasveraces.com\/index.php?rest_route=\/wp\/v2\/media\/24223"}],"wp:attachment":[{"href":"https:\/\/noticiasveraces.com\/index.php?rest_route=%2Fwp%2Fv2%2Fmedia&parent=24222"}],"wp:term":[{"taxonomy":"category","embeddable":true,"href":"https:\/\/noticiasveraces.com\/index.php?rest_route=%2Fwp%2Fv2%2Fcategories&post=24222"},{"taxonomy":"post_tag","embeddable":true,"href":"https:\/\/noticiasveraces.com\/index.php?rest_route=%2Fwp%2Fv2%2Ftags&post=24222"}],"curies":[{"name":"wp","href":"https:\/\/api.w.org\/{rel}","templated":true}]}}