{"id":24210,"date":"2025-04-23T14:28:15","date_gmt":"2025-04-23T18:28:15","guid":{"rendered":"https:\/\/noticiasveraces.com\/?p=24210"},"modified":"2025-04-23T14:28:15","modified_gmt":"2025-04-23T18:28:15","slug":"el-icono-de-la-roca-se-apresuro-al-hospital-tres-anos-despues-del-colapso-noticias-de-celebridades-showbiz-tv","status":"publish","type":"post","link":"https:\/\/noticiasveraces.com\/?p=24210","title":{"rendered":"El \u00edcono de la roca se apresur\u00f3 al hospital tres a\u00f1os despu\u00e9s del colapso | Noticias de celebridades | Showbiz &#038; TV"},"content":{"rendered":"<p> \n<\/p>\n<div>\n<p>La estrella de rock Carlos Santana fue llevada de urgencia al hospital despu\u00e9s de una emergencia m\u00e9dica de \u00faltima hora en Texas, solo momentos antes de que \u00e9l fuera el escenario. El \u00edcono de la guitarra de 77 a\u00f1os se vio obligado a cancelar su espect\u00e1culo en el Majestic Theatre en San Antonio el martes por la noche despu\u00e9s de sufrir un susto de salud repentino detr\u00e1s del escenario. Su gerente de toda la vida, Michael Vrionis, confirm\u00f3 el incidente, diciendo: \u201cCon una profunda decepci\u00f3n que tengo que informarles a todos que el show de esta noche en San Antonio ha sido pospuesto.<\/p>\n<p>\u00abEl Sr. Santana estaba en el lugar (Majestic Theatre) prepar\u00e1ndose para el espect\u00e1culo de esta noche cuando experiment\u00f3 un evento que se determin\u00f3 que era la deshidrataci\u00f3n. Por precauci\u00f3n y la salud del Sr. Santana, la decisi\u00f3n de posponer el espect\u00e1culo fue el curso de acci\u00f3n m\u00e1s prudente\u00bb. Vrionis asegur\u00f3 a los fan\u00e1ticos que el legendario int\u00e9rprete est\u00e1 estable, y agreg\u00f3 que Santana est\u00e1 \u00abhaciendo bien y espera volver a San Antonio pronto y continuar su gira por los Estados Unidos\u00bb.<\/p>\n<\/div>\n<div>\n<p>Si bien el espect\u00e1culo ser\u00e1 reprogramado, quedan preocupaciones sobre si el resto de su gira fechas, incluidas las paradas en Sugar Land, Thackerville, Tulsa, Nashville y Nueva Orleans, continuar\u00e1n seg\u00fan lo planeado.<\/p>\n<p>Santana tambi\u00e9n est\u00e1 programada para regresar a su residencia en Las Vegas el 14 de mayo, antes de dirigirse a Europa para una serie de actuaciones de verano.<\/p>\n<p>Esta no es la primera vez que Health ha obligado al padre de tres hijos a retroceder del escenario. En enero, pospuso parte de su residencia en la casa de Blues en Las Vegas despu\u00e9s de romper el dedo en lo que Vrionis llam\u00f3 una \u00abca\u00edda accidental\u00bb en su casa en Hawai.<\/p>\n<p>\u00abLamento decir que Carlos sali\u00f3 a caminar a su casa de vacaciones en Kauai. Tom\u00f3 una dura ca\u00edda y se rompi\u00f3 el dedo me\u00f1ique en su mano izquierda\u00bb, dijo Vrionis en ese momento.<\/p>\n<p>\u00abTen\u00eda que insertar alfileres en el dedo. Desafortunadamente, no podr\u00e1 tocar la guitarra durante aproximadamente seis semanas. Los m\u00e9dicos dicen que se recuperar\u00e1 por completo\u00bb.<\/p>\n<\/div>\n<div>\n<p>\u00abA Carlos le va bien y est\u00e1 ansioso por volver al escenario pronto. Solo necesita sanar. Santana lamenta profundamente estos aplazamientos de sus pr\u00f3ximas actuaciones, pero los accidentes suceden, y su salud es nuestra preocupaci\u00f3n n\u00famero uno. Esperamos ver a todos sus fan\u00e1ticos muy pronto\u00bb.<\/p>\n<p>En mayo de 2022, la cantante de Maria Maira tambi\u00e9n colaps\u00f3 a la mitad del rendimiento en Michigan debido al agotamiento del calor y la deshidrataci\u00f3n.<\/p>\n<p>M\u00e1s tarde abord\u00f3 el incidente en Facebook, escribiendo: \u00abA todos y todos gracias por sus preciosas oraciones. Cindy y yo somos buenos solo tom\u00e1ndole con calma olvidarme de comer y beber agua, as\u00ed que deshidrat\u00e9 y desmay\u00e9 bendiciones y milagros a todos (sic)\u00bb.<\/p>\n<p>Seis conciertos fueron eliminados despu\u00e9s de ese colapso aterrador.<\/p>\n<p>Santana, ampliamente considerada una de las mejores guitarristas de todos los tiempos, ha ganado 10 premios Grammy y tres premios latinos Grammy. Fue incluido en el Sal\u00f3n de la Fama del Rock and Roll en 1998 junto con su banda, Santana.<\/p>\n<\/div>\n\n","protected":false},"excerpt":{"rendered":"<p>La estrella de rock Carlos Santana fue llevada de urgencia al hospital despu\u00e9s de una emergencia m\u00e9dica de \u00faltima hora en Texas, solo momentos antes de que \u00e9l fuera el escenario. El \u00edcono de la guitarra de 77 a\u00f1os se vio obligado a cancelar su espect\u00e1culo en el Majestic Theatre en San Antonio el martes &hellip;<\/p>\n","protected":false},"author":1,"featured_media":24211,"comment_status":"open","ping_status":"open","sticky":false,"template":"","format":"standard","meta":{"fifu_image_url":"https:\/\/cdn.images.express.co.uk\/img\/dynamic\/79\/1200x630\/6114727.jpg","fifu_image_alt":"","footnotes":""},"categories":[766],"tags":[],"class_list":["post-24210","post","type-post","status-publish","format-standard","has-post-thumbnail","","category-musica"],"_links":{"self":[{"href":"https:\/\/noticiasveraces.com\/index.php?rest_route=\/wp\/v2\/posts\/24210","targetHints":{"allow":["GET"]}}],"collection":[{"href":"https:\/\/noticiasveraces.com\/index.php?rest_route=\/wp\/v2\/posts"}],"about":[{"href":"https:\/\/noticiasveraces.com\/index.php?rest_route=\/wp\/v2\/types\/post"}],"author":[{"embeddable":true,"href":"https:\/\/noticiasveraces.com\/index.php?rest_route=\/wp\/v2\/users\/1"}],"replies":[{"embeddable":true,"href":"https:\/\/noticiasveraces.com\/index.php?rest_route=%2Fwp%2Fv2%2Fcomments&post=24210"}],"version-history":[{"count":0,"href":"https:\/\/noticiasveraces.com\/index.php?rest_route=\/wp\/v2\/posts\/24210\/revisions"}],"wp:featuredmedia":[{"embeddable":true,"href":"https:\/\/noticiasveraces.com\/index.php?rest_route=\/wp\/v2\/media\/24211"}],"wp:attachment":[{"href":"https:\/\/noticiasveraces.com\/index.php?rest_route=%2Fwp%2Fv2%2Fmedia&parent=24210"}],"wp:term":[{"taxonomy":"category","embeddable":true,"href":"https:\/\/noticiasveraces.com\/index.php?rest_route=%2Fwp%2Fv2%2Fcategories&post=24210"},{"taxonomy":"post_tag","embeddable":true,"href":"https:\/\/noticiasveraces.com\/index.php?rest_route=%2Fwp%2Fv2%2Ftags&post=24210"}],"curies":[{"name":"wp","href":"https:\/\/api.w.org\/{rel}","templated":true}]}}