{"id":24206,"date":"2025-04-23T14:18:20","date_gmt":"2025-04-23T18:18:20","guid":{"rendered":"https:\/\/noticiasveraces.com\/?p=24206"},"modified":"2025-04-23T14:18:20","modified_gmt":"2025-04-23T18:18:20","slug":"las-probabilidades-de-tener-un-papa-africano-son-muy-bajas-dw-23-04-2025","status":"publish","type":"post","link":"https:\/\/noticiasveraces.com\/?p=24206","title":{"rendered":"Las probabilidades de tener un papa africano son muy bajas \u2013 DW \u2013 23\/04\/2025"},"content":{"rendered":"<p> \n<\/p>\n<div>\n<p>Cat\u00f3licos de toda \u00c1frica se han reunido para llorar la muerte del papa Francisco, fallecido en Roma el lunes de Pascua (21.04.2025). Su figura fue muy valorada en el continente y dentro de las especulaciones se plantea con fuerza la posibilidad de que un africano suceda a Francisco.\u00a0Dentro de los nombres que han circulado est\u00e1n los siguientes:<\/p>\n<p><span data-slot-id=\"Article_InContent-1\" class=\"rich-text-ad\"\/><\/p>\n<h2>Peter Turkson: un ghan\u00e9s\u00a0pacificador<\/h2>\n<p>En ninguna parte del mundo crece la Iglesia cat\u00f3lica con m\u00e1s rapidez que en \u00c1frica. Seg\u00fan cifras del Vaticano, los africanos representan ya el 20% de los cat\u00f3licos del mundo.<\/p>\n<p>Aunque no existe una lista exclusiva de personas que pueden optar al m\u00e1ximo cargo, se requiere cierta experiencia. En ese escenario, el cardenal ghan\u00e9s Peter Turkson es quien primero resuena entre los africanos. El antiguo arzobispo de Cape Coast se traslad\u00f3 a Roma en 2009, donde se convirti\u00f3 en presidente del Consejo Pontificio para la Justicia y la Paz.<\/p>\n<p>\u00abHay cierta similitud en la personalidad del papa Francisco y la del cardenal Turkson\u201d, dijo la hermana Jacinta Tuoniba en Tamale, en el norte de Ghana. Y mencion\u00f3 \u00ablas\u00a0virtudes de la humildad, la sencillez, la compasi\u00f3n, el amor por los pobres y los necesitados, y sobre todo la compasi\u00f3n por la tierra, la madre tierra que est\u00e1 destinada a la vida de nuestro pueblo\u201d.<\/p>\n<p>\u00bfTurkson estar\u00eda a la altura del cargo? Para el padre Thaddeus Kuusah, sacerdote de la arquidi\u00f3cesis de Tamale, esto es evidente. \u00abDefinitivamente tiene todos los atributos para dirigir la Iglesia\u201d, dijo Kuusah a DW, evocando los esfuerzos de mediaci\u00f3n de Turkson con el Consejo Nacional de Paz de Ghana, especialmente en las disputadas elecciones de 2008.<\/p>\n<figure class=\"placeholder-image master_landscape big\"><img data-format=\"MASTER_LANDSCAPE\" data-id=\"69115060\" data-url=\"https:\/\/static.dw.com\/image\/69115060_${formatId}.jpg\" data-aspect-ratio=\"16\/9\" alt=\"Cardenal Fridolin Ambongo, de la Rep\u00fablica Democr\u00e1tica del Congo.\" style=\"padding-bottom: 56.25%; height: 0; max-height: 0;\"\/><figcaption class=\"img-caption\">Cardenal Fridolin Ambongo, de la Rep\u00fablica Democr\u00e1tica del Congo.<small class=\"copyright\">Imagen: Maria Laura Antonelli\/Avalon\/Picture Alliance\/Photoshot<\/small><\/figcaption><\/figure>\n<h2>Fridolin Ambongo: destacada voz de la Iglesia del Congo<\/h2>\n<p>El atributo de pacificador es sin duda algo que resuena entre los cat\u00f3licos de \u00c1frica. En la Rep\u00fablica Democr\u00e1tica del Congo, los conflictos son moneda corriente desde hace d\u00e9cadas. Y la Conferencia Episcopal Nacional (CENCO) ha emprendido repetidos esfuerzos de mediaci\u00f3n. Con unos 50 millones de miembros -m\u00e1s de la mitad de la poblaci\u00f3n del pa\u00eds-, la Iglesia es una de las mayores del \u00c1frica subsahariana.<\/p>\n<p>Y es el hogar de una de las figuras prominentes del catolicismo africano: el cardenal Fridolin Ambongo Besungu, que dirige el Simposio de Conferencias Episcopales de \u00c1frica y Madagascar, y ha sido confidente del papa Francisco, formando parte del Consejo de Cardenales Asesores del Papa.<\/p>\n<p>Aunque Ambongo ha sido citado por mantener posturas liberales, como presionar a favor de la igualdad de oportunidades para las mujeres, es m\u00e1s conocido por criticar un decreto papal que permit\u00eda la bendici\u00f3n de parejas del mismo sexo. Hablando en nombre de las conferencias episcopales de \u00c1frica, Ambongo se neg\u00f3 a aceptar la decisi\u00f3n, provocando una leve reacci\u00f3n en Roma y cosechando muchos aplausos en toda \u00c1frica.<\/p>\n<p>Donatien Nshole, Secretario General de la CENCO, guarda un vivo recuerdo de la visita del papa Francisco a Kinshasa en 2023, donde recibi\u00f3 a una delegaci\u00f3n de la conflictiva provincia de Kivu Norte, y de su continuo apoyo al Congo. Preguntado por DW sobre las posibilidades de un papa africano, se\u00f1al\u00f3 el car\u00e1cter \u00abuniversal\u201d de la Iglesia cat\u00f3lica, donde \u00abhay sitio para todos\u201d, por lo que no se puede hacer c\u00e1lculos \u00aben t\u00e9rminos de cuotas, rotaciones o raza\u201d. Lo m\u00e1s importante para \u00e9l es tener a \u00abun papa que sea pastor de coraz\u00f3n, sea cual sea su origen\u201d.<\/p>\n<p>Una respuesta diplom\u00e1tica que suena diferente de algunas reacciones a nivel popular. Por ejemplo, Hugues Tamfumu, en Kinshasa, declar\u00f3 a DW, refiri\u00e9ndose a las posibilidades del cardenal Ambongo,: \u00abSer\u00eda\u00a0una victoria para los africanos demostrar que \u00c1frica es capaz de liderar [la Iglesia]\u201d. Todos los cristianos le aplaudir\u00edan si lo consiguiera, afirm\u00f3 Tamfumu. Para \u00e9l, el rechazo de Ambongo a las bendiciones homosexuales es clave: \u00abDijo no, los africanos no aceptaremos eso. Fue muy claro\u00bb.<\/p>\n<p>(Mn\/ers)<\/p>\n<\/p>\n<\/div>\n\n","protected":false},"excerpt":{"rendered":"<p>Cat\u00f3licos de toda \u00c1frica se han reunido para llorar la muerte del papa Francisco, fallecido en Roma el lunes de Pascua (21.04.2025). Su figura fue muy valorada en el continente y dentro de las especulaciones se plantea con fuerza la posibilidad de que un africano suceda a Francisco.\u00a0Dentro de los nombres que han circulado est\u00e1n &hellip;<\/p>\n","protected":false},"author":1,"featured_media":24207,"comment_status":"open","ping_status":"open","sticky":false,"template":"","format":"standard","meta":{"fifu_image_url":"https:\/\/static.dw.com\/image\/72314665_6.jpg","fifu_image_alt":"","footnotes":""},"categories":[13],"tags":[],"class_list":["post-24206","post","type-post","status-publish","format-standard","has-post-thumbnail","","category-mundo"],"_links":{"self":[{"href":"https:\/\/noticiasveraces.com\/index.php?rest_route=\/wp\/v2\/posts\/24206","targetHints":{"allow":["GET"]}}],"collection":[{"href":"https:\/\/noticiasveraces.com\/index.php?rest_route=\/wp\/v2\/posts"}],"about":[{"href":"https:\/\/noticiasveraces.com\/index.php?rest_route=\/wp\/v2\/types\/post"}],"author":[{"embeddable":true,"href":"https:\/\/noticiasveraces.com\/index.php?rest_route=\/wp\/v2\/users\/1"}],"replies":[{"embeddable":true,"href":"https:\/\/noticiasveraces.com\/index.php?rest_route=%2Fwp%2Fv2%2Fcomments&post=24206"}],"version-history":[{"count":0,"href":"https:\/\/noticiasveraces.com\/index.php?rest_route=\/wp\/v2\/posts\/24206\/revisions"}],"wp:featuredmedia":[{"embeddable":true,"href":"https:\/\/noticiasveraces.com\/index.php?rest_route=\/wp\/v2\/media\/24207"}],"wp:attachment":[{"href":"https:\/\/noticiasveraces.com\/index.php?rest_route=%2Fwp%2Fv2%2Fmedia&parent=24206"}],"wp:term":[{"taxonomy":"category","embeddable":true,"href":"https:\/\/noticiasveraces.com\/index.php?rest_route=%2Fwp%2Fv2%2Fcategories&post=24206"},{"taxonomy":"post_tag","embeddable":true,"href":"https:\/\/noticiasveraces.com\/index.php?rest_route=%2Fwp%2Fv2%2Ftags&post=24206"}],"curies":[{"name":"wp","href":"https:\/\/api.w.org\/{rel}","templated":true}]}}