{"id":24204,"date":"2025-04-23T13:56:21","date_gmt":"2025-04-23T17:56:21","guid":{"rendered":"https:\/\/noticiasveraces.com\/?p=24204"},"modified":"2025-04-23T13:56:21","modified_gmt":"2025-04-23T17:56:21","slug":"la-complutense-empapela-con-carteles-de-congresos-cientificos-la-facultad-de-fisicas-para-reclamar-fondos-a-ayuso-educacion","status":"publish","type":"post","link":"https:\/\/noticiasveraces.com\/?p=24204","title":{"rendered":"La Complutense empapela con carteles de congresos cient\u00edficos la facultad de F\u00edsicas para reclamar fondos a Ayuso | Educaci\u00f3n"},"content":{"rendered":"<p> \n<\/p>\n<div data-dtm-region=\"articulo_cuerpo\">\n<p class=\"\">Un centenar de profesores y alumnos de la facultad de Ciencias F\u00edsica de la Universidad Complutense ha trabajado el \u00faltimo mes con un prop\u00f3sito com\u00fan: empapelar este mi\u00e9rcoles la fachada de la instituci\u00f3n acad\u00e9mica \u2015coronada con las c\u00fapulas de su observatorio astron\u00f3mico\u2015 con p\u00f3steres de congresos a los que han acudido en los \u00faltimos 20 a\u00f1os. De esta forma, quieren sacar pecho sobre el trabajo que hacen, reconocido internacionalmente, y denunciar su falta de medios por la asfixia econ\u00f3mica del Gobierno de Isabel D\u00edaz Ayuso. La Complutense, que apenas recibe un 5% m\u00e1s de fondos que en 2009, cerr\u00f3 2023 con 65 millones de euros de deuda.<\/p>\n<p class=\"\">\u201cLo hemos hecho para recuperar la dignidad de la universidad p\u00fablica y para que se conozca la labor de investigaci\u00f3n que se hace, que es vertebral para toda la docencia. Si no, la docencia no tiene la calidad\u201d, cuenta Bel\u00e9n Rodr\u00edguez Fonseca, catedr\u00e1tica de F\u00edsica de la Tierra y una de las promotoras del mural de 35 columnas. El viento les jug\u00f3 malas pasadas en dos pruebas que hicieron antes y este jueves una r\u00e1faga ha estado a punto de hacer naufragar la iniciativa. Pese a las botellas de pl\u00e1stico llenas que actuaban de peso, dos columnas de p\u00f3steres se han descolgado, pero finalmente s\u00ed se ha podido leer el lema \u2015\u201cUniversidad p\u00fablica, inversi\u00f3n en calidad\u201d\u2015 que ha ido bajando al ritmo de un tambor que marcaba los tiempos y los congregados coreaban \u201cUniversidad p\u00fablica\u201d.<\/p>\n<aside class=\"a_ei\">\n<header class=\"a_ei_h _db\">M\u00e1s informaci\u00f3n<\/header>\n<\/aside>\n<p class=\"\">El 92% de las publicaciones cient\u00edficas del Sistema Universitario Espa\u00f1ol (SUE) se realiza en las universidades p\u00fablicas, frente al 8% de las instituciones privadas, y F\u00edsicas tiene motivos de sobra para enorgullecerse. Madrid cuenta con 13 privadas, pero su contribuci\u00f3n a la ciencia es muy peque\u00f1o. Por eso inciden en la necesidad de que la comunidad invierta en sus universidades p\u00fablicas pues, por cada euro gastado, se revierten cinco a la sociedad en forma de innovaci\u00f3n, empleo o conocimiento. Madrid es la comunidad que menos invierte por alumno (21% menos que la media) de Espa\u00f1a, pese a su enorme renta per c\u00e1pita regional (36,5% m\u00e1s).<\/p>\n<figure class=\"a_m a_m-h \"><span class=\"_db a_m_w _pr lb_btn\"><img alt=\"Profesores y alumnos sujetan el mural protesta de la facultad de F\u00edsicas de la UCM.\" decoding=\"auto\" class=\"_re lazyload a_m-h\" height=\"271\" srcset=\"https:\/\/imagenes.elpais.com\/resizer\/v2\/MA4PSL5E6FHMNCOWQFKW5TGUPU.jpg?auth=7918495c81aa62c25d9bb9cf226e4dc5cf99c550a4fa84cb1413c3388a570605&amp;width=414 414w,https:\/\/imagenes.elpais.com\/resizer\/v2\/MA4PSL5E6FHMNCOWQFKW5TGUPU.jpg?auth=7918495c81aa62c25d9bb9cf226e4dc5cf99c550a4fa84cb1413c3388a570605&amp;width=828 640w,https:\/\/imagenes.elpais.com\/resizer\/v2\/MA4PSL5E6FHMNCOWQFKW5TGUPU.jpg?auth=7918495c81aa62c25d9bb9cf226e4dc5cf99c550a4fa84cb1413c3388a570605&amp;width=980 1000w,https:\/\/imagenes.elpais.com\/resizer\/v2\/MA4PSL5E6FHMNCOWQFKW5TGUPU.jpg?auth=7918495c81aa62c25d9bb9cf226e4dc5cf99c550a4fa84cb1413c3388a570605&amp;width=1960 1960w\" width=\"414\" sizes=\"auto, (min-width:1199px) 1155px,(min-width:1001px) calc(100vw - 44px),(min-width:768px) 767px, 100vw\" src=\"https:\/\/imagenes.elpais.com\/resizer\/v2\/MA4PSL5E6FHMNCOWQFKW5TGUPU.jpg?auth=7918495c81aa62c25d9bb9cf226e4dc5cf99c550a4fa84cb1413c3388a570605&amp;width=414\" loading=\"lazy\"\/><svg aria-hidden=\"true\" class=\"icon_multimedia_ampliar | _pa a_m_i a_m_i-a _dn\" viewbox=\"0 0 40 40\"><use xlink:href=\"#svg-ampliar\"\/><\/svg><\/span><figcaption class=\"a_m_p\" aria-hidden=\"true\"><span>Profesores y alumnos sujetan el mural protesta de la facultad de F\u00edsicas de la UCM.<\/span><span class=\"a_m_m\">Jaime Villanueva<\/span><\/figcaption><\/figure>\n<p class=\"\">\u201cGracias a todos. Casi un centenar de personas han trabajado para dise\u00f1ar el mural, para ensamblarlo adecuadamente, dise\u00f1ar la forma de bajarlo&#8230; \u201c, ha explicado \u00c1ngel G\u00f3mez Nicola, decano de F\u00edsicas, a los presentes en el acto. \u201cQueremos dar visibilidad a lo que hacemos en la universidad p\u00fablica: investigaci\u00f3n, docencia y transferencia de conocimiento de calidad\u201d. Le acompa\u00f1aban los decanos de Matem\u00e1ticas y Qu\u00edmicas, con los que comparten la Plaza de las Ciencias, en se\u00f1al de apoyo.<\/p>\n<p class=\"\">A F\u00edsicas en la UCM vienen los mejores expedientes de ciencia \u2015la nota de corte fue un 11,96 el curso pasado\u2015, a sus egresados se les rifan las empresas y son muchos los j\u00f3venes investigadores que quieren cursar all\u00ed el doctorado o el posdoctorado con contratos competitivos, pero al decano le desespera pensar que no pueden garantizarles all\u00ed una carrera, porque no hay fondos para estabilizar. Tampoco sobran para pr\u00e1cticas, se valen de lo comprado otros a\u00f1os y ahora con las lluvias hay que hacer n\u00fameros para arreglar los techos de dos despachos que se han ca\u00eddo. \u201cQueremos dar a nuestros estudiantes lo que tuvieron el a\u00f1o anterior y en anterior\u201d, pide el decano.<\/p>\n<figure class=\"a_m a_m-h \"><span class=\"_db a_m_w _pr lb_btn\"><img alt=\"Protesta para reivindicar m\u00e1s dinero para ciencia en la Facultad de Ciencias F\u00edsicas de la Universidad Complutense.\" decoding=\"auto\" class=\"_re lazyload a_m-h\" height=\"276\" srcset=\"https:\/\/imagenes.elpais.com\/resizer\/v2\/JIL6IFBHTNGP5GOP6TNOSLEKXA.jpg?auth=dd2064e7448dc9f63e5682609ff5190e96e831269675aa440d2425678a5a4795&amp;width=414 414w,https:\/\/imagenes.elpais.com\/resizer\/v2\/JIL6IFBHTNGP5GOP6TNOSLEKXA.jpg?auth=dd2064e7448dc9f63e5682609ff5190e96e831269675aa440d2425678a5a4795&amp;width=828 640w,https:\/\/imagenes.elpais.com\/resizer\/v2\/JIL6IFBHTNGP5GOP6TNOSLEKXA.jpg?auth=dd2064e7448dc9f63e5682609ff5190e96e831269675aa440d2425678a5a4795&amp;width=980 1000w,https:\/\/imagenes.elpais.com\/resizer\/v2\/JIL6IFBHTNGP5GOP6TNOSLEKXA.jpg?auth=dd2064e7448dc9f63e5682609ff5190e96e831269675aa440d2425678a5a4795&amp;width=1960 1960w\" width=\"414\" sizes=\"auto, (min-width:1199px) 1155px,(min-width:1001px) calc(100vw - 44px),(min-width:768px) 767px, 100vw\" src=\"https:\/\/imagenes.elpais.com\/resizer\/v2\/JIL6IFBHTNGP5GOP6TNOSLEKXA.jpg?auth=dd2064e7448dc9f63e5682609ff5190e96e831269675aa440d2425678a5a4795&amp;width=414\" loading=\"lazy\"\/><svg aria-hidden=\"true\" class=\"icon_multimedia_ampliar | _pa a_m_i a_m_i-a _dn\" viewbox=\"0 0 40 40\"><use xlink:href=\"#svg-ampliar\"\/><\/svg><\/span><figcaption class=\"a_m_p\" aria-hidden=\"true\"><span>Protesta para reivindicar m\u00e1s dinero para ciencia en la Facultad de Ciencias F\u00edsicas de la Universidad Complutense.<\/span><span class=\"a_m_m\">Jaime Villanueva<\/span><\/figcaption><\/figure>\n<p class=\"\">La acci\u00f3n en F\u00edsicas pretende, como otras, caldear el ambiente de cara a la huelga de profesores y alumnos convocada para el pr\u00f3ximo lunes, 28 de abril, en las seis universidades p\u00fablicas de Madrid. La Complutense es el centro que da visos de una peor situaci\u00f3n econ\u00f3mica. Ha tenido que suspender la ayuda econ\u00f3mica a sus grupos de investigaci\u00f3n, para ahorrar en plantilla no se van a descontar las horas de docencia a los profesores con una s\u00f3lida carrera cient\u00edfica y se han quitado las ayudas a innovaci\u00f3n docente.<\/p>\n<p class=\"\">La UCM, a su vez, estudia la viabilidad de sus grados, m\u00e1steres o doctorados con poca demanda o recalibrar el precio de una plaza en sus colegios mayores o el de las actividades culturales y deportivas. Hace casi un a\u00f1o se pidi\u00f3 a los decanatos que menguasen sus gastos un 35% con una partida ya muy exigua. La media se ha prolongado este curso, en el que no habr\u00e1 nuevos presupuestos.<\/p>\n<figure class=\"a_m a_m-h \"><span class=\"_db a_m_w _pr lb_btn\"><img alt=\"Alumnos y profesores en la azotea de la facultad de F\u00edsicas antes de titar las 35 columnas de posteres.\" decoding=\"auto\" class=\"_re lazyload a_m-h\" height=\"282\" srcset=\"https:\/\/imagenes.elpais.com\/resizer\/v2\/VLPHJZ7WC5A6BJBU5JGY5XLHXU.jpg?auth=c3c7c22464f65fff2ad86c9ed9aa4866bb7bdd46e05fa977d94ebd899c073c29&amp;width=414 414w,https:\/\/imagenes.elpais.com\/resizer\/v2\/VLPHJZ7WC5A6BJBU5JGY5XLHXU.jpg?auth=c3c7c22464f65fff2ad86c9ed9aa4866bb7bdd46e05fa977d94ebd899c073c29&amp;width=828 640w,https:\/\/imagenes.elpais.com\/resizer\/v2\/VLPHJZ7WC5A6BJBU5JGY5XLHXU.jpg?auth=c3c7c22464f65fff2ad86c9ed9aa4866bb7bdd46e05fa977d94ebd899c073c29&amp;width=980 1000w,https:\/\/imagenes.elpais.com\/resizer\/v2\/VLPHJZ7WC5A6BJBU5JGY5XLHXU.jpg?auth=c3c7c22464f65fff2ad86c9ed9aa4866bb7bdd46e05fa977d94ebd899c073c29&amp;width=1960 1960w\" width=\"414\" sizes=\"auto, (min-width:1199px) 1155px,(min-width:1001px) calc(100vw - 44px),(min-width:768px) 767px, 100vw\" src=\"https:\/\/imagenes.elpais.com\/resizer\/v2\/VLPHJZ7WC5A6BJBU5JGY5XLHXU.jpg?auth=c3c7c22464f65fff2ad86c9ed9aa4866bb7bdd46e05fa977d94ebd899c073c29&amp;width=414\" loading=\"lazy\"\/><svg aria-hidden=\"true\" class=\"icon_multimedia_ampliar | _pa a_m_i a_m_i-a _dn\" viewbox=\"0 0 40 40\"><use xlink:href=\"#svg-ampliar\"\/><\/svg><\/span><figcaption class=\"a_m_p\" aria-hidden=\"true\"><span>Alumnos y profesores en la azotea de la facultad de F\u00edsicas antes de titar las 35 columnas de posteres.<\/span><span class=\"a_m_m\">Jaime Villanueva<\/span><\/figcaption><\/figure>\n<p class=\"\">Con la aportaci\u00f3n que hace la Comunidad de Madrid, los seis rectorados no cubren ni las n\u00f3minas, una partida que crece al ritmo de la antig\u00fcedad del personal y su producci\u00f3n (se cobra un plus) y de la subida de sueldos por la inflaci\u00f3n. En noviembre sus rectores ya alertaron de que estaba en riesgo la calidad del servicio.<\/p>\n<p class=\"\">En la facultad de Matem\u00e1ticas de la UCM ya hubo un encierro a principios de abril y este jueves har\u00e1n lo propio profesores y alumnos de la Carlos III. En la facultad de Pol\u00edticas de la UCM habr\u00e1 concierto este jueves y actividades y el viernes charlas informativas en Educaci\u00f3n; porque muchos estudiantes, a quienes la falta de inversi\u00f3n no afecta al bolsillo directamente, aunque s\u00ed a las pr\u00e1cticas o a las asignaturas optativas que pueden elegir, no saben lo que se cuece estos d\u00edas y los promotores quieren llegar a ellos: \u00bfhuelga? \u00bfcu\u00e1ndo? \u00bfpor qu\u00e9?<\/p>\n<\/div>\n\n","protected":false},"excerpt":{"rendered":"<p>Un centenar de profesores y alumnos de la facultad de Ciencias F\u00edsica de la Universidad Complutense ha trabajado el \u00faltimo mes con un prop\u00f3sito com\u00fan: empapelar este mi\u00e9rcoles la fachada de la instituci\u00f3n acad\u00e9mica \u2015coronada con las c\u00fapulas de su observatorio astron\u00f3mico\u2015 con p\u00f3steres de congresos a los que han acudido en los \u00faltimos 20 &hellip;<\/p>\n","protected":false},"author":1,"featured_media":24205,"comment_status":"open","ping_status":"open","sticky":false,"template":"","format":"standard","meta":{"fifu_image_url":"https:\/\/imagenes.elpais.com\/resizer\/v2\/6QBEWOFRCZB5HIVSCIIWGKAJFA.jpg?auth=0e8b70afaf2b5875274baf75b47729695d09bd171ec1b5a8d73fbd183bb63b07&width=1200","fifu_image_alt":"","footnotes":""},"categories":[11],"tags":[],"class_list":["post-24204","post","type-post","status-publish","format-standard","has-post-thumbnail","","category-viaje"],"_links":{"self":[{"href":"https:\/\/noticiasveraces.com\/index.php?rest_route=\/wp\/v2\/posts\/24204","targetHints":{"allow":["GET"]}}],"collection":[{"href":"https:\/\/noticiasveraces.com\/index.php?rest_route=\/wp\/v2\/posts"}],"about":[{"href":"https:\/\/noticiasveraces.com\/index.php?rest_route=\/wp\/v2\/types\/post"}],"author":[{"embeddable":true,"href":"https:\/\/noticiasveraces.com\/index.php?rest_route=\/wp\/v2\/users\/1"}],"replies":[{"embeddable":true,"href":"https:\/\/noticiasveraces.com\/index.php?rest_route=%2Fwp%2Fv2%2Fcomments&post=24204"}],"version-history":[{"count":0,"href":"https:\/\/noticiasveraces.com\/index.php?rest_route=\/wp\/v2\/posts\/24204\/revisions"}],"wp:featuredmedia":[{"embeddable":true,"href":"https:\/\/noticiasveraces.com\/index.php?rest_route=\/wp\/v2\/media\/24205"}],"wp:attachment":[{"href":"https:\/\/noticiasveraces.com\/index.php?rest_route=%2Fwp%2Fv2%2Fmedia&parent=24204"}],"wp:term":[{"taxonomy":"category","embeddable":true,"href":"https:\/\/noticiasveraces.com\/index.php?rest_route=%2Fwp%2Fv2%2Fcategories&post=24204"},{"taxonomy":"post_tag","embeddable":true,"href":"https:\/\/noticiasveraces.com\/index.php?rest_route=%2Fwp%2Fv2%2Ftags&post=24204"}],"curies":[{"name":"wp","href":"https:\/\/api.w.org\/{rel}","templated":true}]}}