{"id":24199,"date":"2025-04-23T13:17:18","date_gmt":"2025-04-23T17:17:18","guid":{"rendered":"https:\/\/noticiasveraces.com\/?p=24199"},"modified":"2025-04-23T13:17:18","modified_gmt":"2025-04-23T17:17:18","slug":"roma-en-estado-de-sitio-por-los-funerales-del-papa-francisco-dw-23-04-2025","status":"publish","type":"post","link":"https:\/\/noticiasveraces.com\/?p=24199","title":{"rendered":"Roma en estado de sitio por los funerales del papa Francisco \u2013 DW \u2013 23\/04\/2025"},"content":{"rendered":"<p> \n<\/p>\n<div>\n<p>La ciudad de Roma se encuentra en estado de m\u00e1xima alerta y seguridad debido a los funerales del papa Francisco, programados para el s\u00e1bado.<\/p>\n<p>Se espera que cientos de miles de fieles y figuras pol\u00edticas de todo el mundo acudan a la Ciudad Eterna para despedir al pont\u00edfice argentino, fallecido a los 88 a\u00f1os.<\/p>\n<p>La capital italiana, conocida por su tr\u00e1fico ca\u00f3tico y su infraestructura saturada, se prepara para semanas de intensa actividad que se prolongar\u00e1n hasta el c\u00f3nclave en mayo, donde los cardenales elegir\u00e1n al nuevo papa.<\/p>\n<p>El desaf\u00edo log\u00edstico y de seguridad es colosal. Se estima la llegada de entre 150 y 170 delegaciones extranjeras, entre ellas importantes l\u00edderes como el presidente estadounidense Donald Trump, los mandatarios de Brasil y Argentina, los reyes de Espa\u00f1a y B\u00e9lgica, y el pr\u00edncipe Guillermo de Reino Unido. <\/p>\n<figure class=\"placeholder-image master_landscape big\"><img data-format=\"MASTER_LANDSCAPE\" data-id=\"72320591\" data-url=\"https:\/\/static.dw.com\/image\/72320591_${formatId}.jpg\" data-aspect-ratio=\"16\/9\" alt=\"El f\u00e9retro del pont\u00edfice, quien muri\u00f3 el lunes a los 88 a\u00f1os.\" style=\"padding-bottom: 56.25%; height: 0; max-height: 0;\"\/><figcaption class=\"img-caption\">El f\u00e9retro del pont\u00edfice, quien muri\u00f3 el lunes a los 88 a\u00f1os.<small class=\"copyright\">Imagen: Guglielmo Mangiapane\/REUTERS<\/small><\/figcaption><\/figure>\n<p><strong>Rigurosos controles de seguridad<\/strong><\/p>\n<p>Desde el mi\u00e9rcoles, con la llegada del f\u00e9retro del papa a la Bas\u00edlica de San Pedro, las autoridades italianas cerraron completamente los accesos al Vaticano y las calles adyacentes.<\/p>\n<p>Se establecieron rigurosos controles de seguridad que incluyen revisiones de mochilas, esc\u00e1neres de rayos X y patrullajes constantes por parte de la polic\u00eda italiana, los carabineros y la gendarmer\u00eda del Vaticano. En total unos 2.000 agentes se encuentran desplegados de forma permanente en la zona.<\/p>\n<p>Adem\u00e1s de las medidas terrestres se impuso una zona de exclusi\u00f3n a\u00e9rea sobre Roma, en funcionamiento las 24 horas, y se desplegaron unidades antidrones con sistemas de inhibici\u00f3n de se\u00f1ales para prevenir cualquier actividad sospechosa.<\/p>\n<p>Aviones de combate est\u00e1n en alerta para intervenir si es necesario, y francotiradores se encuentran posicionados estrat\u00e9gicamente en los tejados a lo largo de la Via della Conciliazione y la colina del Gianicolo.<\/p>\n<p>CT (AFP, Efe)<\/p>\n<\/p>\n<\/div>\n\n","protected":false},"excerpt":{"rendered":"<p>La ciudad de Roma se encuentra en estado de m\u00e1xima alerta y seguridad debido a los funerales del papa Francisco, programados para el s\u00e1bado. Se espera que cientos de miles de fieles y figuras pol\u00edticas de todo el mundo acudan a la Ciudad Eterna para despedir al pont\u00edfice argentino, fallecido a los 88 a\u00f1os. La &hellip;<\/p>\n","protected":false},"author":1,"featured_media":24200,"comment_status":"open","ping_status":"open","sticky":false,"template":"","format":"standard","meta":{"fifu_image_url":"https:\/\/static.dw.com\/image\/72321742_6.jpg","fifu_image_alt":"","footnotes":""},"categories":[13],"tags":[],"class_list":["post-24199","post","type-post","status-publish","format-standard","has-post-thumbnail","","category-mundo"],"_links":{"self":[{"href":"https:\/\/noticiasveraces.com\/index.php?rest_route=\/wp\/v2\/posts\/24199","targetHints":{"allow":["GET"]}}],"collection":[{"href":"https:\/\/noticiasveraces.com\/index.php?rest_route=\/wp\/v2\/posts"}],"about":[{"href":"https:\/\/noticiasveraces.com\/index.php?rest_route=\/wp\/v2\/types\/post"}],"author":[{"embeddable":true,"href":"https:\/\/noticiasveraces.com\/index.php?rest_route=\/wp\/v2\/users\/1"}],"replies":[{"embeddable":true,"href":"https:\/\/noticiasveraces.com\/index.php?rest_route=%2Fwp%2Fv2%2Fcomments&post=24199"}],"version-history":[{"count":0,"href":"https:\/\/noticiasveraces.com\/index.php?rest_route=\/wp\/v2\/posts\/24199\/revisions"}],"wp:featuredmedia":[{"embeddable":true,"href":"https:\/\/noticiasveraces.com\/index.php?rest_route=\/wp\/v2\/media\/24200"}],"wp:attachment":[{"href":"https:\/\/noticiasveraces.com\/index.php?rest_route=%2Fwp%2Fv2%2Fmedia&parent=24199"}],"wp:term":[{"taxonomy":"category","embeddable":true,"href":"https:\/\/noticiasveraces.com\/index.php?rest_route=%2Fwp%2Fv2%2Fcategories&post=24199"},{"taxonomy":"post_tag","embeddable":true,"href":"https:\/\/noticiasveraces.com\/index.php?rest_route=%2Fwp%2Fv2%2Ftags&post=24199"}],"curies":[{"name":"wp","href":"https:\/\/api.w.org\/{rel}","templated":true}]}}