{"id":24188,"date":"2025-04-23T09:46:12","date_gmt":"2025-04-23T13:46:12","guid":{"rendered":"https:\/\/noticiasveraces.com\/?p=24188"},"modified":"2025-04-23T09:46:12","modified_gmt":"2025-04-23T13:46:12","slug":"carlos-antonio-velez-conto-la-verdad-detras-de-pelea-entre-wilmar-roldan-y-otro-arbitro-colombiano-curiosidades-de-futbol","status":"publish","type":"post","link":"https:\/\/noticiasveraces.com\/?p=24188","title":{"rendered":"Carlos Antonio V\u00e9lez cont\u00f3 la verdad detr\u00e1s de pelea entre Wilmar Rold\u00e1n y otro \u00e1rbitro colombiano | Curiosidades de f\u00fatbol"},"content":{"rendered":"<p> \n<\/p>\n<div id=\"cuerpoArticulo\">\n<p class=\"texto intro\" id=\"p243227-m983-982-984\">Una controversial situaci\u00f3n se ha dado a conocer en las \u00faltimas horas, donde se involucra al reconocido arbitro colombiano Wilmar Rold\u00e1n, quien habr\u00eda protagonizado una agresi\u00f3n en contra de un colega en un aeropuerto.<\/p>\n<p>La informaci\u00f3n fue revelada por Wilmer Barahona, quien en\u00a0el programa Jugada Maestra de la plataforma Ditu, dijo: \u00abRichard Ortiz se encontr\u00f3 en un aeropuerto con Wilmar Rold\u00e1n, ellos no andaban juntos. Empezaron a dialogar sobre un tema y Rold\u00e1n le reclam\u00f3 a Ortiz por qu\u00e9 no le hab\u00eda ayudado en un partido a un \u00e1rbitro central muy allegado a Rold\u00e1n. El tema se torn\u00f3 caliente y ah\u00ed Rold\u00e1n le peg\u00f3 la cachetada al asistente\u00bb.<\/p>\n<p class=\"texto contenido-parrafo-articulo\" id=\"p243227-m1046-3-1047\">Esta situaci\u00f3n, desconocida hasta ahora, gener\u00f3 una ola de comentarios y reacciones, debido al reconocimiento que tiene Rold\u00e1n a nivel internacional. <\/p>\n<p>Ahora, fue Carlos Antonio V\u00e9lez, quien se encarg\u00f3 de dar nuevos detalles de lo ocurrido en su habitual programa Palabras Mayores de Antena 2. <\/p>\n<div class=\"fotografia caja-articulo\" id=\"p243227-m1052-4-1053\">\n<div class=\"imagen-cuerpo-bk\">\n<figure itemscope=\"\" itemtype=\"https:\/\/schema.org\/ImageObject\" itemprop=\"image\" id=\"m1057-1056-1058\" class=\"foto-galeria-articulo imagen-articulo foto-texto-articulo-galeria\"><img decoding=\"async\" alt=\"Wilmar Rold\u00e1n en Copa Am\u00e9rica 2024\" src=\"data:image\/png;base64,iVBORw0KGgoAAAANSUhEUgAAAAEAAAABCAQAAAC1HAwCAAAAC0lEQVR42mP8\/x0AAvsB+DlKarAAAAAASUVORK5CYII=\" style=\" display: inline;\" data-original=\"\/files\/article_content\/uploads\/2024\/06\/22\/66777923c3cf0.jpeg\"\/><meta itemprop=\"width\" content=\"600\"\/><meta itemprop=\"height\" content=\"450\"\/> <meta itemprop=\"url\" content=\"https:\/\/www.futbolred.com\/files\/article_content\/uploads\/2024\/06\/22\/66777923c3cf0.jpeg\"\/><\/figure>\n<\/div>\n<div class=\"figcaption-cuerpo-bk credito-image-bk\"><figcaption class=\"foto-info\">\n<div class=\"titulo-foto-bk\">\n<p id=\"m1064-1-1065\" class=\"titulo pie-de-foto\">Wilmar Rold\u00e1n en Copa Am\u00e9rica 2024.<\/p>\n<\/div>\n<p class=\"credito\">\n                            <span class=\"linea pre_credito\">Foto:<\/span><\/p>\n<p>                        <span id=\"m1070-2-1071\" class=\"autor\">Efusi\u00f3n<\/span><\/p>\n<\/figcaption><\/div>\n<\/p><\/div>\n<p class=\"texto contenido-parrafo-articulo\" id=\"p243227-m1078-5-1079\">Seg\u00fan indic\u00f3 el periodista deportivo, este hecho no es reciente. \u00abHubo un problema y fue el a\u00f1o pasado en la sala VIP del aeropuerto. No es de este a\u00f1o, sino del a\u00f1o pasado\u00bb.<\/p>\n<p>Y de inmediato, V\u00e9lez cuestion\u00f3: \u00abLa pregunta es qui\u00e9n lo ventil\u00f3 porque es mucha coincidencia que cuando se habla de una disputa interna entre los \u00e1rbitros y que Rold\u00e1n podr\u00eda reemplazar a (\u00cdmer) Machado, salga esta versi\u00f3n\u00bb.<\/p>\n<div class=\"fotografia caja-articulo\" id=\"p243227-m1084-6-1085\">\n<div class=\"imagen-cuerpo-bk\">\n<figure itemscope=\"\" itemtype=\"https:\/\/schema.org\/ImageObject\" itemprop=\"image\" id=\"m1089-1088-1090\" class=\"foto-galeria-articulo imagen-articulo foto-texto-articulo-galeria\"><img decoding=\"async\" alt=\"Wilmar Rold\u00e1n\" src=\"data:image\/png;base64,iVBORw0KGgoAAAANSUhEUgAAAAEAAAABCAQAAAC1HAwCAAAAC0lEQVR42mP8\/x0AAvsB+DlKarAAAAAASUVORK5CYII=\" style=\" display: inline;\" data-original=\"\/files\/article_content\/uploads\/2024\/04\/20\/6624335181e8d.jpeg\"\/><meta itemprop=\"width\" content=\"600\"\/><meta itemprop=\"height\" content=\"450\"\/> <meta itemprop=\"url\" content=\"https:\/\/www.futbolred.com\/files\/article_content\/uploads\/2024\/04\/20\/6624335181e8d.jpeg\"\/><\/figure>\n<\/div>\n<div class=\"figcaption-cuerpo-bk credito-image-bk\"><figcaption class=\"foto-info\">\n<p class=\"credito\">\n                            <span class=\"linea pre_credito\">Foto:<\/span><\/p>\n<p>                        <span id=\"m1102-2-1103\" class=\"autor\">Marcelo Manera \/ AFP<\/span><\/p>\n<\/figcaption><\/div>\n<\/p><\/div>\n<p class=\"texto contenido-parrafo-articulo\" id=\"p243227-m1110-7-1111\">\u00bfPor qu\u00e9 habr\u00eda sucedido la pelea? Seg\u00fan cont\u00f3, todo parece indicar que \u00abOrtiz en un partido no hab\u00eda tenido un buen trabajo con un colega protegido por Rold\u00e1n, cuando Rold\u00e1n lo ve en la sala VIP, se le tira encima y sin decirle nada lo cachetea y se fueron a las manos\u00bb.<\/p>\n<p>Adem\u00e1s, al parecer, hay testigos de lo ocurrido. \u00abEstaban en esa sala Alex Ospina, Alex Le\u00f3n y Leonard Mosquera. Esos tres vieron el episodio porque estaban con Rold\u00e1n en el sal\u00f3n VIP de Avianca el d\u00eda que eso sucedi\u00f3\u00bb, agreg\u00f3 Carlos Antonio V\u00e9lez.<\/p>\n<div class=\"fotografia caja-articulo\" id=\"p243227-m1116-8-1117\">\n<div class=\"imagen-cuerpo-bk\">\n<figure itemscope=\"\" itemtype=\"https:\/\/schema.org\/ImageObject\" itemprop=\"image\" id=\"m1121-1120-1122\" class=\"foto-galeria-articulo imagen-articulo foto-texto-articulo-galeria\"><img decoding=\"async\" alt=\"Wilmar Rold\u00e1n y Carlos Antonio V\u00e9lez\" src=\"data:image\/png;base64,iVBORw0KGgoAAAANSUhEUgAAAAEAAAABCAQAAAC1HAwCAAAAC0lEQVR42mP8\/x0AAvsB+DlKarAAAAAASUVORK5CYII=\" style=\" display: inline;\" data-original=\"\/files\/article_content\/uploads\/2024\/01\/30\/65b91c7d2fa72.jpeg\"\/><meta itemprop=\"width\" content=\"600\"\/><meta itemprop=\"height\" content=\"450\"\/> <meta itemprop=\"url\" content=\"https:\/\/www.futbolred.com\/files\/article_content\/uploads\/2024\/01\/30\/65b91c7d2fa72.jpeg\"\/><\/figure>\n<\/div>\n<div class=\"figcaption-cuerpo-bk credito-image-bk\"><figcaption class=\"foto-info\">\n<div class=\"titulo-foto-bk\">\n<p id=\"m1128-1-1129\" class=\"titulo pie-de-foto\">Wilmar Rold\u00e1n y Carlos Antonio V\u00e9lez<\/p>\n<\/div>\n<p class=\"credito\">\n                            <span class=\"linea pre_credito\">Foto:<\/span><\/p>\n<p>                        <span id=\"m1134-2-1135\" class=\"autor\">Dimayor y @velezfutbol<\/span><\/p>\n<\/figcaption><\/div>\n<\/p><\/div>\n<p class=\"texto contenido-parrafo-articulo\" id=\"p243227-m1142-9-1143\">Para el analista, es claro \u00abque hay una divisi\u00f3n al lado de Machado y otra al lado de Rold\u00e1n. Empiezan todas las triqui\u00f1uelas pol\u00edticas que se mueven para el prestigio\u00bb.<\/p>\n<p>Por ahora, ninguna de las partes se\u00f1aladas se han pronunciado ante los supuestos hechos que habr\u00edan sucedido en un aeropuerto.<\/p>\n<\/p><\/div>\n\n","protected":false},"excerpt":{"rendered":"<p>Una controversial situaci\u00f3n se ha dado a conocer en las \u00faltimas horas, donde se involucra al reconocido arbitro colombiano Wilmar Rold\u00e1n, quien habr\u00eda protagonizado una agresi\u00f3n en contra de un colega en un aeropuerto. La informaci\u00f3n fue revelada por Wilmer Barahona, quien en\u00a0el programa Jugada Maestra de la plataforma Ditu, dijo: \u00abRichard Ortiz se encontr\u00f3 &hellip;<\/p>\n","protected":false},"author":1,"featured_media":24189,"comment_status":"open","ping_status":"open","sticky":false,"template":"","format":"standard","meta":{"fifu_image_url":"https:\/\/www.futbolred.com\/files\/og_thumbnail\/uploads\/2024\/06\/29\/6680c43febc02.jpeg","fifu_image_alt":"","footnotes":""},"categories":[6],"tags":[],"class_list":["post-24188","post","type-post","status-publish","format-standard","has-post-thumbnail","","category-deportes"],"_links":{"self":[{"href":"https:\/\/noticiasveraces.com\/index.php?rest_route=\/wp\/v2\/posts\/24188","targetHints":{"allow":["GET"]}}],"collection":[{"href":"https:\/\/noticiasveraces.com\/index.php?rest_route=\/wp\/v2\/posts"}],"about":[{"href":"https:\/\/noticiasveraces.com\/index.php?rest_route=\/wp\/v2\/types\/post"}],"author":[{"embeddable":true,"href":"https:\/\/noticiasveraces.com\/index.php?rest_route=\/wp\/v2\/users\/1"}],"replies":[{"embeddable":true,"href":"https:\/\/noticiasveraces.com\/index.php?rest_route=%2Fwp%2Fv2%2Fcomments&post=24188"}],"version-history":[{"count":0,"href":"https:\/\/noticiasveraces.com\/index.php?rest_route=\/wp\/v2\/posts\/24188\/revisions"}],"wp:featuredmedia":[{"embeddable":true,"href":"https:\/\/noticiasveraces.com\/index.php?rest_route=\/wp\/v2\/media\/24189"}],"wp:attachment":[{"href":"https:\/\/noticiasveraces.com\/index.php?rest_route=%2Fwp%2Fv2%2Fmedia&parent=24188"}],"wp:term":[{"taxonomy":"category","embeddable":true,"href":"https:\/\/noticiasveraces.com\/index.php?rest_route=%2Fwp%2Fv2%2Fcategories&post=24188"},{"taxonomy":"post_tag","embeddable":true,"href":"https:\/\/noticiasveraces.com\/index.php?rest_route=%2Fwp%2Fv2%2Ftags&post=24188"}],"curies":[{"name":"wp","href":"https:\/\/api.w.org\/{rel}","templated":true}]}}