{"id":24158,"date":"2025-04-23T05:51:21","date_gmt":"2025-04-23T09:51:21","guid":{"rendered":"https:\/\/noticiasveraces.com\/?p=24158"},"modified":"2025-04-23T05:51:21","modified_gmt":"2025-04-23T09:51:21","slug":"el-neurologo-comparte-por-que-las-tasas-de-demencia-estan-aumentando-y-como-reducir-el-riesgo","status":"publish","type":"post","link":"https:\/\/noticiasveraces.com\/?p=24158","title":{"rendered":"El neur\u00f3logo comparte por qu\u00e9 las tasas de demencia est\u00e1n aumentando y c\u00f3mo reducir el riesgo"},"content":{"rendered":"<p> \n<\/p>\n<div>\n<p class=\"speakable\">Los casos de demencia contin\u00faan aumentando en los Estados Unidos, con personas mayores de 55 a\u00f1os que enfrentan un riesgo del 42% de desarrollar la afecci\u00f3n en su vida.<\/p>\n<p class=\"speakable\">Un estudio reciente dirigido por Johns Hopkins predijo medio mill\u00f3n de casos de demencia en 2025 y un mill\u00f3n por a\u00f1o para 2060.<\/p>\n<p>Sin embargo, eso no significa que las personas no tengan impotentes para reducir su riesgo, seg\u00fan el Dr. Joel Salinas, un neur\u00f3logo conductual y profesor asociado en la Facultad de Medicina de la NYU Grossman.<\/p>\n<p><strong><u>Presi\u00f3n arterial y demencia Riesgo Compartir un v\u00ednculo sorprendente, sugiere el estudio<\/u><\/strong><\/p>\n<p>Salinas se uni\u00f3 a Fox News Digital en una entrevista en la c\u00e1mara para discutir qu\u00e9 est\u00e1 impulsando el aumento en los casos de demencia y qu\u00e9 cambios de comportamiento podr\u00edan proporcionar cierto grado de protecci\u00f3n cognitiva. <strong>(Vea el video en la parte superior del art\u00edculo).<\/strong><\/p>\n<h2><strong>Conductores de demencia<\/strong><\/h2>\n<p>Uno de los factores m\u00e1s importantes en el aumento es la demograf\u00eda, se\u00f1al\u00f3 Salinas, quien tambi\u00e9n es cofundador y director m\u00e9dico de Isaac Health, una cl\u00ednica de memoria virtual para problemas de salud y memoria del cerebro.<\/p>\n<div class=\"image-ct inline\">\n<div class=\"m\"><picture><source media=\"(max-width: 767px)\" srcset=\"https:\/\/a57.foxnews.com\/static.foxnews.com\/foxnews.com\/content\/uploads\/2025\/04\/343\/192\/man-with-dementia.jpg?ve=1&amp;tl=1, https:\/\/a57.foxnews.com\/static.foxnews.com\/foxnews.com\/content\/uploads\/2025\/04\/686\/384\/man-with-dementia.jpg?ve=1&amp;tl=1 2x\" height=\"192\" width=\"343\"><source media=\"(min-width: 768px) and (max-width: 1023px)\" srcset=\"https:\/\/a57.foxnews.com\/static.foxnews.com\/foxnews.com\/content\/uploads\/2025\/04\/672\/378\/man-with-dementia.jpg?ve=1&amp;tl=1, https:\/\/a57.foxnews.com\/static.foxnews.com\/foxnews.com\/content\/uploads\/2025\/04\/1344\/756\/man-with-dementia.jpg?ve=1&amp;tl=1 2x\" height=\"378\" width=\"672\"><source media=\"(min-width: 1024px) and (max-width: 1279px)\" srcset=\"https:\/\/a57.foxnews.com\/static.foxnews.com\/foxnews.com\/content\/uploads\/2025\/04\/931\/523\/man-with-dementia.jpg?ve=1&amp;tl=1, https:\/\/a57.foxnews.com\/static.foxnews.com\/foxnews.com\/content\/uploads\/2025\/04\/1862\/1046\/man-with-dementia.jpg?ve=1&amp;tl=1 2x\" height=\"523\" width=\"931\"><source media=\"(min-width: 1280px)\" srcset=\"https:\/\/a57.foxnews.com\/static.foxnews.com\/foxnews.com\/content\/uploads\/2025\/04\/720\/405\/man-with-dementia.jpg?ve=1&amp;tl=1, https:\/\/a57.foxnews.com\/static.foxnews.com\/foxnews.com\/content\/uploads\/2025\/04\/1440\/810\/man-with-dementia.jpg?ve=1&amp;tl=1 2x\" height=\"405\" width=\"720\"><img loading=\"lazy\" decoding=\"async\" src=\"https:\/\/a57.foxnews.com\/static.foxnews.com\/foxnews.com\/content\/uploads\/2025\/04\/1200\/675\/man-with-dementia.jpg?ve=1&amp;tl=1\" alt=\"Hombre con demencia\" width=\"1200\" height=\"675\"\/><\/source><\/source><\/source><\/source><\/picture><\/div>\n<div class=\"info\">\n<div class=\"caption\">\n<p><span>Los casos de demencia contin\u00faan aumentando en los Estados Unidos, con personas mayores de 55 a\u00f1os que enfrentan un riesgo del 42% de desarrollar la afecci\u00f3n en su vida.<\/span> <span>(Istock)<\/span><\/p>\n<\/div>\n<\/div>\n<\/div>\n<p>\u00abLa poblaci\u00f3n Baby Boomer, siendo uno de los grupos m\u00e1s grandes, tambi\u00e9n es el grupo de m\u00e1s r\u00e1pido envejecimiento\u00bb, dijo a Fox News Digital. \u00abA medida que obtenemos m\u00e1s y m\u00e1s baby boomers, no solo m\u00e1s de 65 a\u00f1os, sino en sus 70 y 80 a\u00f1os, veremos cada vez m\u00e1s desarrollar cierto grado de discapacidad cognitiva debido a una gran cantidad de razones\u00bb.<\/p>\n<p>La edad es de hecho el mayor factor de riesgo, se\u00f1al\u00f3.<\/p>\n<p>\u00abDespu\u00e9s de los 65 a\u00f1os, nuestro riesgo comienza a aumentar. Para cuando llegamos a nuestros 80, ese riesgo es de aproximadamente uno de cada tres\u00bb, dijo. \u00abY luego, despu\u00e9s de 85, comienza a subir a\u00fan m\u00e1s alto, a casi uno de cada dos\u00bb.<\/p>\n<blockquote class=\"pull-quote\">\n<p class=\"quote-text\">\u00abSabemos que las personas que no tienen mucha participaci\u00f3n social tienen un riesgo m\u00e1s alto\u00bb.<\/p>\n<p> <!----><\/p><\/blockquote>\n<p>La pandemia tambi\u00e9n podr\u00eda haber jugado un papel, dijo el neur\u00f3logo.<\/p>\n<p>\u00abEsto todav\u00eda se est\u00e1 entendiendo, pero parece que Covid-19 tambi\u00e9n afect\u00f3 los vasos sangu\u00edneos en el cuerpo y el cerebro\u00bb, dijo. \u00abPor lo tanto, las personas que ya ten\u00edan una vulnerabilidad para desarrollar demencia podr\u00edan haber tenido una aceleraci\u00f3n o una presentaci\u00f3n anterior\u00bb.<\/p>\n<p><strong><u>Accidente cerebrovascular, demencia y depresi\u00f3n comparten estos 17 factores de riesgo prevenibles<\/u><\/strong><\/p>\n<p>La investigaci\u00f3n tambi\u00e9n ha demostrado que la soledad y el aislamiento social pueden aumentar el riesgo de deterioro cognitivo. <\/p>\n<p>\u00abSabemos que las personas que no tienen mucha participaci\u00f3n social tienen un riesgo m\u00e1s alto\u00bb, dijo Salinas. <\/p>\n<div class=\"image-ct inline\">\n<div class=\"m\"><picture><source media=\"(max-width: 767px)\" srcset=\"https:\/\/a57.foxnews.com\/static.foxnews.com\/foxnews.com\/content\/uploads\/2025\/01\/343\/192\/dementia-brain-scan.jpg?ve=1&amp;tl=1, https:\/\/a57.foxnews.com\/static.foxnews.com\/foxnews.com\/content\/uploads\/2025\/01\/686\/384\/dementia-brain-scan.jpg?ve=1&amp;tl=1 2x\" height=\"192\" width=\"343\"><source media=\"(min-width: 768px) and (max-width: 1023px)\" srcset=\"https:\/\/a57.foxnews.com\/static.foxnews.com\/foxnews.com\/content\/uploads\/2025\/01\/672\/378\/dementia-brain-scan.jpg?ve=1&amp;tl=1, https:\/\/a57.foxnews.com\/static.foxnews.com\/foxnews.com\/content\/uploads\/2025\/01\/1344\/756\/dementia-brain-scan.jpg?ve=1&amp;tl=1 2x\" height=\"378\" width=\"672\"><source media=\"(min-width: 1024px) and (max-width: 1279px)\" srcset=\"https:\/\/a57.foxnews.com\/static.foxnews.com\/foxnews.com\/content\/uploads\/2025\/01\/931\/523\/dementia-brain-scan.jpg?ve=1&amp;tl=1, https:\/\/a57.foxnews.com\/static.foxnews.com\/foxnews.com\/content\/uploads\/2025\/01\/1862\/1046\/dementia-brain-scan.jpg?ve=1&amp;tl=1 2x\" height=\"523\" width=\"931\"><source media=\"(min-width: 1280px)\" srcset=\"https:\/\/a57.foxnews.com\/static.foxnews.com\/foxnews.com\/content\/uploads\/2025\/01\/720\/405\/dementia-brain-scan.jpg?ve=1&amp;tl=1, https:\/\/a57.foxnews.com\/static.foxnews.com\/foxnews.com\/content\/uploads\/2025\/01\/1440\/810\/dementia-brain-scan.jpg?ve=1&amp;tl=1 2x\" height=\"405\" width=\"720\"><img loading=\"lazy\" decoding=\"async\" src=\"https:\/\/a57.foxnews.com\/static.foxnews.com\/foxnews.com\/content\/uploads\/2025\/01\/1200\/675\/dementia-brain-scan.jpg?ve=1&amp;tl=1\" alt=\"Escaneo cerebral de demencia\" width=\"1200\" height=\"675\"\/><\/source><\/source><\/source><\/source><\/picture><\/div>\n<div class=\"info\">\n<div class=\"caption\">\n<p><span>Un estudio reciente dirigido por Johns Hopkins predijo medio mill\u00f3n de casos de demencia en 2025 y un mill\u00f3n por a\u00f1o para 2060.<\/span> <span>(Istock)<\/span><\/p>\n<\/div>\n<\/div>\n<\/div>\n<p>\u00abTodav\u00eda se est\u00e1 haciendo mucho para darse cuenta, ya sabes, el pollo o el huevo: \u00bfes que est\u00e1s desarrollando la enfermedad y est\u00e1s presentando s\u00edntomas de soledad antes que otros, o es la soledad y el aislamiento social lo que aumenta tu riesgo? Creo que probablemente sean ambos\u00bb.<\/p>\n<p>Hay un componente gen\u00e9tico de la demencia, dijo el neur\u00f3logo, pero la buena noticia es que es raro.<\/p>\n<p><strong><u>El uso de tel\u00e9fonos inteligentes podr\u00eda reducir el riesgo de demencia en adultos mayores, descubre el estudio<\/u><\/strong><\/p>\n<p>\u00abSi piensa en riesgos y factores de protecci\u00f3n como un balanc\u00edn, estas raras mutaciones gen\u00e9ticas pueden superar cualquier cosa protectora que haga, pero lo bueno es que debido a que son raros, es probable que no tenga esos riesgos\u00bb, dijo. <\/p>\n<p>\u00abPor lo tanto, probablemente tenga un riesgo gen\u00e9tico que pueda ser superado hasta cierto punto mediante factores protectores\u00bb.<\/p>\n<h2><strong>Comportamientos de reducci\u00f3n de riesgos<\/strong><\/h2>\n<p>Un estudio importante publicado el a\u00f1o pasado en Lancet encontr\u00f3 que casi la mitad de los casos de demencia se pueden prevenir potencialmente con las modificaciones del estilo de vida.<\/p>\n<p>Hay muchos factores diferentes para abordar, dijo Salinas, con una nutrici\u00f3n y ejercicio adecuados que superan la lista.<\/p>\n<div class=\"image-ct inline\">\n<div class=\"m\"><picture><source media=\"(max-width: 767px)\" srcset=\"https:\/\/a57.foxnews.com\/static.foxnews.com\/foxnews.com\/content\/uploads\/2024\/02\/343\/192\/iStock-1090788010.jpg?ve=1&amp;tl=1, https:\/\/a57.foxnews.com\/static.foxnews.com\/foxnews.com\/content\/uploads\/2024\/02\/686\/384\/iStock-1090788010.jpg?ve=1&amp;tl=1 2x\" height=\"192\" width=\"343\"><source media=\"(min-width: 768px) and (max-width: 1023px)\" srcset=\"https:\/\/a57.foxnews.com\/static.foxnews.com\/foxnews.com\/content\/uploads\/2024\/02\/672\/378\/iStock-1090788010.jpg?ve=1&amp;tl=1, https:\/\/a57.foxnews.com\/static.foxnews.com\/foxnews.com\/content\/uploads\/2024\/02\/1344\/756\/iStock-1090788010.jpg?ve=1&amp;tl=1 2x\" height=\"378\" width=\"672\"><source media=\"(min-width: 1024px) and (max-width: 1279px)\" srcset=\"https:\/\/a57.foxnews.com\/static.foxnews.com\/foxnews.com\/content\/uploads\/2024\/02\/931\/523\/iStock-1090788010.jpg?ve=1&amp;tl=1, https:\/\/a57.foxnews.com\/static.foxnews.com\/foxnews.com\/content\/uploads\/2024\/02\/1862\/1046\/iStock-1090788010.jpg?ve=1&amp;tl=1 2x\" height=\"523\" width=\"931\"><source media=\"(min-width: 1280px)\" srcset=\"https:\/\/a57.foxnews.com\/static.foxnews.com\/foxnews.com\/content\/uploads\/2024\/02\/720\/405\/iStock-1090788010.jpg?ve=1&amp;tl=1, https:\/\/a57.foxnews.com\/static.foxnews.com\/foxnews.com\/content\/uploads\/2024\/02\/1440\/810\/iStock-1090788010.jpg?ve=1&amp;tl=1 2x\" height=\"405\" width=\"720\"><img loading=\"lazy\" decoding=\"async\" src=\"https:\/\/a57.foxnews.com\/static.foxnews.com\/foxnews.com\/content\/uploads\/2024\/02\/1200\/675\/iStock-1090788010.jpg?ve=1&amp;tl=1\" alt=\"La mujer sostiene la m\u00e1quina CPAP\" width=\"1200\" height=\"675\"\/><\/source><\/source><\/source><\/source><\/picture><\/div>\n<div class=\"info\">\n<div class=\"caption\">\n<p><span>\u00abLa apnea obstructiva del sue\u00f1o, que es un trastorno com\u00fan del sue\u00f1o, afecta la presi\u00f3n arterial, la enfermedad card\u00edaca y la salud del cerebro\u00bb, dijo el neur\u00f3logo.<\/span> <span>(Istock)<\/span><\/p>\n<\/div>\n<\/div>\n<\/div>\n<p>Abordar la p\u00e9rdida auditiva mediante el uso de un aud\u00edfono tambi\u00e9n puede ayudar a mantener a raya la demencia, seg\u00fan el neur\u00f3logo, al igual que mantenerse socialmente comprometido.<\/p>\n<p>Dejar de fumar y limitar el consumo de alcohol tambi\u00e9n puede impulsar la prevenci\u00f3n, al igual que la calidad del sue\u00f1o de calidad.<\/p>\n<p><strong><u>Boost de salud y prevenci\u00f3n de demencia en solo 5 minutos al d\u00eda<\/u><\/strong><\/p>\n<p>Entrando en una etapa espec\u00edfica de sue\u00f1o llamada \u00abonda lenta\u00bb o \u00abetapa tres\u00bb ayuda a eliminar la acumulaci\u00f3n de prote\u00ednas t\u00f3xicas en el cerebro, dijo Salinas. <\/p>\n<p>\u00abSi alguien tiene problemas con el sue\u00f1o, los enviamos a ver a un especialista en sue\u00f1o para hacer las pruebas adecuadas\u00bb, dijo. \u00abLa apnea obstructiva del sue\u00f1o, que es un trastorno com\u00fan del sue\u00f1o, afecta la presi\u00f3n arterial, la enfermedad card\u00edaca y la salud del cerebro. Y es algo tratable\u00bb.<\/p>\n<div class=\"image-ct inline\">\n<div class=\"m\"><picture><source media=\"(max-width: 767px)\" srcset=\"https:\/\/a57.foxnews.com\/static.foxnews.com\/foxnews.com\/content\/uploads\/2024\/04\/343\/192\/neurologist.jpg?ve=1&amp;tl=1, https:\/\/a57.foxnews.com\/static.foxnews.com\/foxnews.com\/content\/uploads\/2024\/04\/686\/384\/neurologist.jpg?ve=1&amp;tl=1 2x\" height=\"192\" width=\"343\"><source media=\"(min-width: 768px) and (max-width: 1023px)\" srcset=\"https:\/\/a57.foxnews.com\/static.foxnews.com\/foxnews.com\/content\/uploads\/2024\/04\/672\/378\/neurologist.jpg?ve=1&amp;tl=1, https:\/\/a57.foxnews.com\/static.foxnews.com\/foxnews.com\/content\/uploads\/2024\/04\/1344\/756\/neurologist.jpg?ve=1&amp;tl=1 2x\" height=\"378\" width=\"672\"><source media=\"(min-width: 1024px) and (max-width: 1279px)\" srcset=\"https:\/\/a57.foxnews.com\/static.foxnews.com\/foxnews.com\/content\/uploads\/2024\/04\/931\/523\/neurologist.jpg?ve=1&amp;tl=1, https:\/\/a57.foxnews.com\/static.foxnews.com\/foxnews.com\/content\/uploads\/2024\/04\/1862\/1046\/neurologist.jpg?ve=1&amp;tl=1 2x\" height=\"523\" width=\"931\"><source media=\"(min-width: 1280px)\" srcset=\"https:\/\/a57.foxnews.com\/static.foxnews.com\/foxnews.com\/content\/uploads\/2024\/04\/720\/405\/neurologist.jpg?ve=1&amp;tl=1, https:\/\/a57.foxnews.com\/static.foxnews.com\/foxnews.com\/content\/uploads\/2024\/04\/1440\/810\/neurologist.jpg?ve=1&amp;tl=1 2x\" height=\"405\" width=\"720\"><img loading=\"lazy\" decoding=\"async\" src=\"https:\/\/a57.foxnews.com\/static.foxnews.com\/foxnews.com\/content\/uploads\/2024\/04\/1200\/675\/neurologist.jpg?ve=1&amp;tl=1\" alt=\"Neur\u00f3logo y paciente\" width=\"1200\" height=\"675\"\/><\/source><\/source><\/source><\/source><\/picture><\/div>\n<div class=\"info\">\n<div class=\"caption\">\n<p><span>La ginec\u00f3loga femenina sonr\u00ede mientras explica los resultados de la prueba a su paciente.<\/span> <span>(Istock)<\/span><\/p>\n<\/div>\n<\/div>\n<\/div>\n<p>Con cualquier comportamiento saludable, la consistencia es clave.<\/p>\n<p>\u00abSe trata de poner las probabilidades a su favor de que sea menos probable que desarrolle una de estas condiciones, o al menos retrase la aparici\u00f3n de s\u00edntomas\u00bb, dijo Salinas.<\/p>\n<p>\u00abNunca es demasiado tarde para asumirlos, pero cada vez que los comienzas, cuanto m\u00e1s consistente sea con ellos, mayor retorno tendr\u00e1s\u00bb.<\/p>\n<h2><strong>La detecci\u00f3n temprana es clave<\/strong><\/h2>\n<p>Salinas cit\u00f3 estudios que muestran que el 92% de las personas con deterioro cognitivo leve no se diagnostican. <\/p>\n<p><strong><u>Haga clic aqu\u00ed para obtener la aplicaci\u00f3n Fox News<\/u><\/strong><\/p>\n<p>\u00abAh\u00ed es cuando realmente queremos intervenir, pero la mayor\u00eda de las veces, las personas est\u00e1n siendo diagnosticadas cuando la afecci\u00f3n es moderada a severa\u00bb.<\/p>\n<p>Si bien puede ser dif\u00edcil distinguir entre los efectos regulares del envejecimiento y los primeros signos de demencia, Salinas llam\u00f3 a algunos diferenciadores clave.<\/p>\n<blockquote class=\"pull-quote\">\n<p class=\"quote-text\">\u00abSe trata de poner las probabilidades a su favor de que sea menos probable que desarrolle una de estas condiciones, o al menos retrase el inicio de los s\u00edntomas\u00bb.<\/p>\n<p> <!----><\/p><\/blockquote>\n<p>\u00abTenemos m\u00e1s dificultades con la memoria y el pensamiento a medida que envejecemos, pero nunca deber\u00eda ser el punto en que interfiera con nuestro funcionamiento diario\u00bb, dijo. <\/p>\n<p>Es normal experimentar \u00abBlips\u00bb de vez en cuando, dijo, como olvidar tus llaves, toparse con el nombre de una celebridad o entrar en una habitaci\u00f3n y no recordar por qu\u00e9 entr\u00f3.<\/p>\n<p><strong><u>Haga clic aqu\u00ed para registrarse en nuestro bolet\u00edn de salud<\/u><\/strong><\/p>\n<p>\u00abPero si est\u00e1 viendo que eso sucede con mucha m\u00e1s frecuencia con el tiempo y est\u00e1 empeorando, eso podr\u00eda sugerir que hay algo neurodegenerativo y no solo envejecimiento normal o t\u00edpico\u00bb, aconsej\u00f3 Salinas.<\/p>\n<p>Para ayudar a garantizar un diagn\u00f3stico e intervenci\u00f3n anteriores, Salinas recomienda hablar con un proveedor de atenci\u00f3n m\u00e9dica tan pronto como se noten los s\u00edntomas at\u00edpicos.<\/p>\n<div class=\"image-ct inline\">\n<div class=\"m\"><picture><source media=\"(max-width: 767px)\" srcset=\"https:\/\/a57.foxnews.com\/static.foxnews.com\/foxnews.com\/content\/uploads\/2018\/09\/343\/192\/ReportDoctorsarenttellingpatientstheyhaveAlzheimers.jpg?ve=1&amp;tl=1, https:\/\/a57.foxnews.com\/static.foxnews.com\/foxnews.com\/content\/uploads\/2018\/09\/686\/384\/ReportDoctorsarenttellingpatientstheyhaveAlzheimers.jpg?ve=1&amp;tl=1 2x\" height=\"192\" width=\"343\"><source media=\"(min-width: 768px) and (max-width: 1023px)\" srcset=\"https:\/\/a57.foxnews.com\/static.foxnews.com\/foxnews.com\/content\/uploads\/2018\/09\/672\/378\/ReportDoctorsarenttellingpatientstheyhaveAlzheimers.jpg?ve=1&amp;tl=1, https:\/\/a57.foxnews.com\/static.foxnews.com\/foxnews.com\/content\/uploads\/2018\/09\/1344\/756\/ReportDoctorsarenttellingpatientstheyhaveAlzheimers.jpg?ve=1&amp;tl=1 2x\" height=\"378\" width=\"672\"><source media=\"(min-width: 1024px) and (max-width: 1279px)\" srcset=\"https:\/\/a57.foxnews.com\/static.foxnews.com\/foxnews.com\/content\/uploads\/2018\/09\/931\/523\/ReportDoctorsarenttellingpatientstheyhaveAlzheimers.jpg?ve=1&amp;tl=1, https:\/\/a57.foxnews.com\/static.foxnews.com\/foxnews.com\/content\/uploads\/2018\/09\/1862\/1046\/ReportDoctorsarenttellingpatientstheyhaveAlzheimers.jpg?ve=1&amp;tl=1 2x\" height=\"523\" width=\"931\"><source media=\"(min-width: 1280px)\" srcset=\"https:\/\/a57.foxnews.com\/static.foxnews.com\/foxnews.com\/content\/uploads\/2018\/09\/720\/405\/ReportDoctorsarenttellingpatientstheyhaveAlzheimers.jpg?ve=1&amp;tl=1, https:\/\/a57.foxnews.com\/static.foxnews.com\/foxnews.com\/content\/uploads\/2018\/09\/1440\/810\/ReportDoctorsarenttellingpatientstheyhaveAlzheimers.jpg?ve=1&amp;tl=1 2x\" height=\"405\" width=\"720\"><img loading=\"lazy\" decoding=\"async\" src=\"https:\/\/a57.foxnews.com\/static.foxnews.com\/foxnews.com\/content\/uploads\/2018\/09\/1200\/675\/ReportDoctorsarenttellingpatientstheyhaveAlzheimers.jpg?ve=1&amp;tl=1\" alt=\"En esta foto de archivo del 6 de febrero de 2012, un trabajador en un sitio de vida asistida de Alzheimer pone su mano en el brazo de un residente.\" width=\"1200\" height=\"675\"\/><\/source><\/source><\/source><\/source><\/picture><\/div>\n<div class=\"info\">\n<div class=\"caption\">\n<p><span>\u00abNo todos los m\u00e9dicos o proveedores m\u00e9dicos son los mismos\u00bb, dijo el neur\u00f3logo. \u00abUna historia com\u00fan que escuchamos es que los s\u00edntomas de las personas se descartan\u00bb.<\/span> <span>(AP Photo\/Charles Dharapak, archivo)<\/span><\/p>\n<\/div>\n<\/div>\n<\/div>\n<p>\u00abEs importante tomarlos en serio, pero no todos los m\u00e9dicos o proveedores m\u00e9dicos son iguales\u00bb, advirti\u00f3. \u00abUna historia com\u00fan que escuchamos es que los s\u00edntomas de las personas se descartan\u00bb.<\/p>\n<p>En este caso, Salinas sugiere obtener una segunda opini\u00f3n, preferiblemente de un especialista en neurolog\u00eda.<\/p>\n<p><i><strong><u>Para m\u00e1s art\u00edculos de salud, visite www.foxnews.com\/Health<\/u><\/strong><\/i><\/p>\n<p>\u00abSe puede hacer cada vez m\u00e1s para controlar los s\u00edntomas en las primeras etapas\u00bb, dijo. <\/p>\n<p>\u00abY como m\u00ednimo, si termina teniendo una condici\u00f3n que no tenga una cura, tendr\u00e1 poder con informaci\u00f3n sobre su salud que lo ayudar\u00e1 a tomar mejores decisiones y planificar el futuro\u00bb.<\/p>\n<p> <!----> <\/p>\n<div class=\"article-meta\">\n<div class=\"author-bio\">\n<p>Melissa Rudy es editora de salud senior y miembro del equipo de estilo de vida en Fox News Digital. Los consejos de la historia se pueden enviar a melissa.rudy@fox.com.<\/p>\n<\/div>\n<\/div>\n<\/div>\n\n","protected":false},"excerpt":{"rendered":"<p>Los casos de demencia contin\u00faan aumentando en los Estados Unidos, con personas mayores de 55 a\u00f1os que enfrentan un riesgo del 42% de desarrollar la afecci\u00f3n en su vida. Un estudio reciente dirigido por Johns Hopkins predijo medio mill\u00f3n de casos de demencia en 2025 y un mill\u00f3n por a\u00f1o para 2060. Sin embargo, eso &hellip;<\/p>\n","protected":false},"author":1,"featured_media":24160,"comment_status":"open","ping_status":"open","sticky":false,"template":"","format":"standard","meta":{"fifu_image_url":"https:\/\/a57.foxnews.com\/static.foxnews.com\/foxnews.com\/content\/uploads\/2025\/04\/1200\/675\/man-with-dementia.jpg?ve=1&tl=1","fifu_image_alt":"","footnotes":""},"categories":[8],"tags":[],"class_list":["post-24158","post","type-post","status-publish","format-standard","has-post-thumbnail","","category-salud"],"_links":{"self":[{"href":"https:\/\/noticiasveraces.com\/index.php?rest_route=\/wp\/v2\/posts\/24158","targetHints":{"allow":["GET"]}}],"collection":[{"href":"https:\/\/noticiasveraces.com\/index.php?rest_route=\/wp\/v2\/posts"}],"about":[{"href":"https:\/\/noticiasveraces.com\/index.php?rest_route=\/wp\/v2\/types\/post"}],"author":[{"embeddable":true,"href":"https:\/\/noticiasveraces.com\/index.php?rest_route=\/wp\/v2\/users\/1"}],"replies":[{"embeddable":true,"href":"https:\/\/noticiasveraces.com\/index.php?rest_route=%2Fwp%2Fv2%2Fcomments&post=24158"}],"version-history":[{"count":0,"href":"https:\/\/noticiasveraces.com\/index.php?rest_route=\/wp\/v2\/posts\/24158\/revisions"}],"wp:featuredmedia":[{"embeddable":true,"href":"https:\/\/noticiasveraces.com\/index.php?rest_route=\/wp\/v2\/media\/24160"}],"wp:attachment":[{"href":"https:\/\/noticiasveraces.com\/index.php?rest_route=%2Fwp%2Fv2%2Fmedia&parent=24158"}],"wp:term":[{"taxonomy":"category","embeddable":true,"href":"https:\/\/noticiasveraces.com\/index.php?rest_route=%2Fwp%2Fv2%2Fcategories&post=24158"},{"taxonomy":"post_tag","embeddable":true,"href":"https:\/\/noticiasveraces.com\/index.php?rest_route=%2Fwp%2Fv2%2Ftags&post=24158"}],"curies":[{"name":"wp","href":"https:\/\/api.w.org\/{rel}","templated":true}]}}