{"id":24155,"date":"2025-04-23T05:07:56","date_gmt":"2025-04-23T09:07:56","guid":{"rendered":"https:\/\/noticiasveraces.com\/?p=24155"},"modified":"2025-04-23T05:07:56","modified_gmt":"2025-04-23T09:07:56","slug":"el-cuerpo-del-papa-francisco-se-transfiere-a-la-basilica-de-san-pedro-para-la-visualizacion-publica","status":"publish","type":"post","link":"https:\/\/noticiasveraces.com\/?p=24155","title":{"rendered":"El cuerpo del Papa Francisco se transfiere a la Bas\u00edlica de San Pedro para la visualizaci\u00f3n p\u00fablica"},"content":{"rendered":"<p> \n<\/p>\n<div>\n<div class=\"article-gating gated-overlay show-gate\">\n<div class=\"article-gating-wrapper\">\n<p>\u00danase a Fox News para acceder a este contenido<\/p>\n<p>Has alcanzado su n\u00famero m\u00e1ximo de art\u00edculos. Inicie sesi\u00f3n o cree una cuenta de forma gratuita para continuar leyendo.<\/p>\n<div class=\"article-gating-legal tablet-desktop\">Al ingresar su correo electr\u00f3nico y presionar continuar, usted acepta los t\u00e9rminos de uso y la pol\u00edtica de privacidad de Fox News, que incluye nuestro aviso de incentivo financiero.\n    <\/div>\n<p><span>Por favor, introduce una direcci\u00f3n de correo electr\u00f3nico v\u00e1lida.<\/span><\/p>\n<footer class=\"article-gating-footer\">\u00bfTiene problemas? Haga clic aqu\u00ed.<\/footer>\n<\/div>\n<\/div>\n<p class=\"speakable\">Los Cardenales Cat\u00f3licos realizaron la ceremonia ritual el mi\u00e9rcoles para transferir el cuerpo del Papa Francisco desde su casa en el Hotel Vaticano a la Bas\u00edlica de San Pedro para ofrecer tres d\u00edas de visualizaci\u00f3n p\u00fablica antes de su funeral.<\/p>\n<p class=\"speakable\">El cardenal Kevin Farrell, que dirige la administraci\u00f3n del Vaticano hasta que el sucesor de Francis se eligi\u00f3, presidi\u00f3 la ceremonia en la capilla del Hotel Domus Santa Marta, donde viv\u00eda Francis.<\/p>\n<p>Un coro cantaba cuando los cardenales llevaban sus sotadores y capas rojas se pararon en oraci\u00f3n.<\/p>\n<p>El ata\u00fad de Francis fue escoltado por una procesi\u00f3n de cardenales solemnes y guardias suizos a trav\u00e9s de la misma Piazza, donde salud\u00f3 a los fieles de su poblaci\u00f3n unos d\u00edas antes en lo que ser\u00eda su \u00faltima adi\u00f3s.<\/p>\n<p><strong>Papa Francisco para mentir en el estado, los dolientes bienvenidos: qu\u00e9 esperar del funeral del pont\u00edfice<\/strong><\/p>\n<div class=\"image-ct inline\">\n<div class=\"m\"><picture><source media=\"(max-width: 767px)\" srcset=\"https:\/\/a57.foxnews.com\/static.foxnews.com\/foxnews.com\/content\/uploads\/2025\/04\/343\/192\/francisbody.png?ve=1&amp;tl=1, https:\/\/a57.foxnews.com\/static.foxnews.com\/foxnews.com\/content\/uploads\/2025\/04\/686\/384\/francisbody.png?ve=1&amp;tl=1 2x\" height=\"192\" width=\"343\"><source media=\"(min-width: 768px) and (max-width: 1023px)\" srcset=\"https:\/\/a57.foxnews.com\/static.foxnews.com\/foxnews.com\/content\/uploads\/2025\/04\/672\/378\/francisbody.png?ve=1&amp;tl=1, https:\/\/a57.foxnews.com\/static.foxnews.com\/foxnews.com\/content\/uploads\/2025\/04\/1344\/756\/francisbody.png?ve=1&amp;tl=1 2x\" height=\"378\" width=\"672\"><source media=\"(min-width: 1024px) and (max-width: 1279px)\" srcset=\"https:\/\/a57.foxnews.com\/static.foxnews.com\/foxnews.com\/content\/uploads\/2025\/04\/931\/523\/francisbody.png?ve=1&amp;tl=1, https:\/\/a57.foxnews.com\/static.foxnews.com\/foxnews.com\/content\/uploads\/2025\/04\/1862\/1046\/francisbody.png?ve=1&amp;tl=1 2x\" height=\"523\" width=\"931\"><source media=\"(min-width: 1280px)\" srcset=\"https:\/\/a57.foxnews.com\/static.foxnews.com\/foxnews.com\/content\/uploads\/2025\/04\/720\/405\/francisbody.png?ve=1&amp;tl=1, https:\/\/a57.foxnews.com\/static.foxnews.com\/foxnews.com\/content\/uploads\/2025\/04\/1440\/810\/francisbody.png?ve=1&amp;tl=1 2x\" height=\"405\" width=\"720\"><img loading=\"lazy\" decoding=\"async\" src=\"https:\/\/a57.foxnews.com\/static.foxnews.com\/foxnews.com\/content\/uploads\/2025\/04\/1200\/675\/francisbody.png?ve=1&amp;tl=1\" alt=\"Cuerpo del Papa Francisco\" width=\"1200\" height=\"675\"\/><\/source><\/source><\/source><\/source><\/picture><\/div>\n<div class=\"info\">\n<div class=\"caption\">\n<p><span>La ceremonia con el cuerpo del Papa Francisco, que se encuentra en el estado en la Bas\u00edlica de San Pedro durante tres d\u00edas, pasa por la multitud en el Vaticano, mi\u00e9rcoles 23 de abril de 2025.<\/span> <span>(AP)<\/span><\/p>\n<\/div>\n<\/div>\n<\/div>\n<p>Los portadores de f\u00e9retros llevaron el simple ata\u00fad de madera sobre sus hombros a trav\u00e9s de las puertas del arco del Vaticano y hacia la Plaza de San Pedro y hacia la Bas\u00edlica. Los Cardenales y los guardias suizos se procesaron lentamente.<\/p>\n<p>Los fieles ordinarios llenaron la Plaza de San Pedro para ver la procesi\u00f3n ingresar a la Bas\u00edlica.<\/p>\n<p>Se esperan jefes de estado para el funeral del s\u00e1bado en St. Peter&#8217;s Square, pero los tres d\u00edas de visualizaci\u00f3n p\u00fablica son en gran parte para que los cat\u00f3licos comunes presenten sus respetos al pont\u00edfice.<\/p>\n<p>La Bas\u00edlica se mantiene abierta hasta la medianoche del mi\u00e9rcoles y jueves. El per\u00edodo de duelo p\u00fablico finalizar\u00e1 el viernes a las 7 pm, cuando el ata\u00fad de Francis se cerrar\u00e1 y sellar\u00e1.<\/p>\n<p>El funeral se ha programado para el s\u00e1bado a las 10 am en la Plaza de San Pedro. Los l\u00edderes de todo el mundo, incluido el presidente de los Estados Unidos, Donald Trump, el presidente ucraniano, Volodmyr Zelenskyy, y el presidente argentino Javier Milei, asistir\u00e1n al funeral del Papa, que naci\u00f3 en Argentina.<\/p>\n<p><strong><u>Primeras fotos lanzadas del Papa Francisco en su ata\u00fad; Funeral establecido para el s\u00e1bado<\/u><\/strong><\/p>\n<div class=\"image-ct inline\">\n<div class=\"m\"><picture><source media=\"(max-width: 767px)\" srcset=\"https:\/\/a57.foxnews.com\/static.foxnews.com\/foxnews.com\/content\/uploads\/2025\/04\/343\/192\/popebody.png?ve=1&amp;tl=1, https:\/\/a57.foxnews.com\/static.foxnews.com\/foxnews.com\/content\/uploads\/2025\/04\/686\/384\/popebody.png?ve=1&amp;tl=1 2x\" height=\"192\" width=\"343\"><source media=\"(min-width: 768px) and (max-width: 1023px)\" srcset=\"https:\/\/a57.foxnews.com\/static.foxnews.com\/foxnews.com\/content\/uploads\/2025\/04\/672\/378\/popebody.png?ve=1&amp;tl=1, https:\/\/a57.foxnews.com\/static.foxnews.com\/foxnews.com\/content\/uploads\/2025\/04\/1344\/756\/popebody.png?ve=1&amp;tl=1 2x\" height=\"378\" width=\"672\"><source media=\"(min-width: 1024px) and (max-width: 1279px)\" srcset=\"https:\/\/a57.foxnews.com\/static.foxnews.com\/foxnews.com\/content\/uploads\/2025\/04\/931\/523\/popebody.png?ve=1&amp;tl=1, https:\/\/a57.foxnews.com\/static.foxnews.com\/foxnews.com\/content\/uploads\/2025\/04\/1862\/1046\/popebody.png?ve=1&amp;tl=1 2x\" height=\"523\" width=\"931\"><source media=\"(min-width: 1280px)\" srcset=\"https:\/\/a57.foxnews.com\/static.foxnews.com\/foxnews.com\/content\/uploads\/2025\/04\/720\/405\/popebody.png?ve=1&amp;tl=1, https:\/\/a57.foxnews.com\/static.foxnews.com\/foxnews.com\/content\/uploads\/2025\/04\/1440\/810\/popebody.png?ve=1&amp;tl=1 2x\" height=\"405\" width=\"720\"><img loading=\"lazy\" decoding=\"async\" src=\"https:\/\/a57.foxnews.com\/static.foxnews.com\/foxnews.com\/content\/uploads\/2025\/04\/1200\/675\/popebody.png?ve=1&amp;tl=1\" alt=\"Papa Francisco\" width=\"1200\" height=\"675\"\/><\/source><\/source><\/source><\/source><\/picture><\/div>\n<div class=\"info\">\n<div class=\"caption\">\n<p><span>La ceremonia con el cuerpo del Papa Francisco, que se encuentra en el estado en la Bas\u00edlica de San Pedro durante tres d\u00edas, pasa por la multitud en el Vaticano, mi\u00e9rcoles 23 de abril de 2025.<\/span> <span>(AP)<\/span><\/p>\n<\/div>\n<\/div>\n<\/div>\n<p>Dentro de la Bas\u00edlica, el ata\u00fad de Francis no se pondr\u00e1 en un bier elevado como con papas pasados. En cambio, solo se colocar\u00e1 en el altar principal de la bas\u00edlica del siglo XVI, simplemente frente a los bancos.<\/p>\n<p>Los cardenales contin\u00faan reuni\u00e9ndose esta semana para planificar el c\u00f3nclave para elegir al pr\u00f3ximo Papa y tomar otras decisiones sobre la ejecuci\u00f3n de la Iglesia Cat\u00f3lica.<\/p>\n<p>Francis muri\u00f3 el lunes por la ma\u00f1ana a la edad de 88 a\u00f1os despu\u00e9s de sufrir un derrame cerebral que lo llev\u00f3 a coma y result\u00f3 en su insuficiencia card\u00edaca. Su muerte marc\u00f3 el final de su papado de 12 a\u00f1os como el Papa 266 y el l\u00edder espiritual del <u>Iglesia Cat\u00f3lica Romana<\/u>.<\/p>\n<div class=\"image-ct inline\">\n<div class=\"m\"><picture><source media=\"(max-width: 767px)\" srcset=\"https:\/\/a57.foxnews.com\/static.foxnews.com\/foxnews.com\/content\/uploads\/2025\/04\/343\/192\/pontiff.png?ve=1&amp;tl=1, https:\/\/a57.foxnews.com\/static.foxnews.com\/foxnews.com\/content\/uploads\/2025\/04\/686\/384\/pontiff.png?ve=1&amp;tl=1 2x\" height=\"192\" width=\"343\"><source media=\"(min-width: 768px) and (max-width: 1023px)\" srcset=\"https:\/\/a57.foxnews.com\/static.foxnews.com\/foxnews.com\/content\/uploads\/2025\/04\/672\/378\/pontiff.png?ve=1&amp;tl=1, https:\/\/a57.foxnews.com\/static.foxnews.com\/foxnews.com\/content\/uploads\/2025\/04\/1344\/756\/pontiff.png?ve=1&amp;tl=1 2x\" height=\"378\" width=\"672\"><source media=\"(min-width: 1024px) and (max-width: 1279px)\" srcset=\"https:\/\/a57.foxnews.com\/static.foxnews.com\/foxnews.com\/content\/uploads\/2025\/04\/931\/523\/pontiff.png?ve=1&amp;tl=1, https:\/\/a57.foxnews.com\/static.foxnews.com\/foxnews.com\/content\/uploads\/2025\/04\/1862\/1046\/pontiff.png?ve=1&amp;tl=1 2x\" height=\"523\" width=\"931\"><source media=\"(min-width: 1280px)\" srcset=\"https:\/\/a57.foxnews.com\/static.foxnews.com\/foxnews.com\/content\/uploads\/2025\/04\/720\/405\/pontiff.png?ve=1&amp;tl=1, https:\/\/a57.foxnews.com\/static.foxnews.com\/foxnews.com\/content\/uploads\/2025\/04\/1440\/810\/pontiff.png?ve=1&amp;tl=1 2x\" height=\"405\" width=\"720\"><img loading=\"lazy\" decoding=\"async\" src=\"https:\/\/a57.foxnews.com\/static.foxnews.com\/foxnews.com\/content\/uploads\/2025\/04\/1200\/675\/pontiff.png?ve=1&amp;tl=1\" alt=\"Francis\" width=\"1200\" height=\"675\"\/><\/source><\/source><\/source><\/source><\/picture><\/div>\n<div class=\"info\">\n<div class=\"caption\">\n<p><span>El cuerpo del Papa Francisco se coloca en la Bas\u00edlica de San Pedro en el Vaticano, el mi\u00e9rcoles 23 de abril de 2025, donde estar\u00e1 en el estado durante tres d\u00edas.<\/span> <span>(AP)<\/span><\/p>\n<\/div>\n<\/div>\n<\/div>\n<p><strong><u>Haga clic aqu\u00ed para obtener la aplicaci\u00f3n Fox News<\/u><\/strong><\/p>\n<p>El Papa, que sufr\u00eda de enfermedad pulmonar cr\u00f3nica y ten\u00eda parte de un pulm\u00f3n retirado cuando era m\u00e1s joven, pas\u00f3 38 d\u00edas en el Hospital Gemelli de Roma a partir del 14 de febrero para tratar una crisis respiratoria que se convirti\u00f3 en neumon\u00eda doble.<\/p>\n<p>Todav\u00eda se estaba recuperando cuando hizo su \u00faltima aparici\u00f3n p\u00fablica el domingo, entregando una bendici\u00f3n de Pascua y cu\u00e1l ser\u00eda su saludo final a los seguidores de su popemobile. El Papa tambi\u00e9n se reuni\u00f3 con el Vicepresidente de EE. UU. <u>JD Vance<\/u> el domingo de Pascua en la Casa Santa Marta.<\/p>\n<p>En su testamento final, Francis confirm\u00f3 que ser\u00eda enterrado en la Bas\u00edlica Mayor St. Mary, que se encuentra fuera del Vaticano y hogar de su \u00edcono favorito de la Virgen Mar\u00eda.<\/p>\n<p><i>Associated Press contribuy\u00f3 a este informe.<\/i><\/p>\n<\/div>\n\n","protected":false},"excerpt":{"rendered":"<p>\u00danase a Fox News para acceder a este contenido Has alcanzado su n\u00famero m\u00e1ximo de art\u00edculos. Inicie sesi\u00f3n o cree una cuenta de forma gratuita para continuar leyendo. Al ingresar su correo electr\u00f3nico y presionar continuar, usted acepta los t\u00e9rminos de uso y la pol\u00edtica de privacidad de Fox News, que incluye nuestro aviso de &hellip;<\/p>\n","protected":false},"author":1,"featured_media":24157,"comment_status":"open","ping_status":"open","sticky":false,"template":"","format":"standard","meta":{"fifu_image_url":"https:\/\/static.foxnews.com\/foxnews.com\/content\/uploads\/2025\/04\/francisbody.png","fifu_image_alt":"","footnotes":""},"categories":[13],"tags":[],"class_list":["post-24155","post","type-post","status-publish","format-standard","has-post-thumbnail","","category-mundo"],"_links":{"self":[{"href":"https:\/\/noticiasveraces.com\/index.php?rest_route=\/wp\/v2\/posts\/24155","targetHints":{"allow":["GET"]}}],"collection":[{"href":"https:\/\/noticiasveraces.com\/index.php?rest_route=\/wp\/v2\/posts"}],"about":[{"href":"https:\/\/noticiasveraces.com\/index.php?rest_route=\/wp\/v2\/types\/post"}],"author":[{"embeddable":true,"href":"https:\/\/noticiasveraces.com\/index.php?rest_route=\/wp\/v2\/users\/1"}],"replies":[{"embeddable":true,"href":"https:\/\/noticiasveraces.com\/index.php?rest_route=%2Fwp%2Fv2%2Fcomments&post=24155"}],"version-history":[{"count":0,"href":"https:\/\/noticiasveraces.com\/index.php?rest_route=\/wp\/v2\/posts\/24155\/revisions"}],"wp:featuredmedia":[{"embeddable":true,"href":"https:\/\/noticiasveraces.com\/index.php?rest_route=\/wp\/v2\/media\/24157"}],"wp:attachment":[{"href":"https:\/\/noticiasveraces.com\/index.php?rest_route=%2Fwp%2Fv2%2Fmedia&parent=24155"}],"wp:term":[{"taxonomy":"category","embeddable":true,"href":"https:\/\/noticiasveraces.com\/index.php?rest_route=%2Fwp%2Fv2%2Fcategories&post=24155"},{"taxonomy":"post_tag","embeddable":true,"href":"https:\/\/noticiasveraces.com\/index.php?rest_route=%2Fwp%2Fv2%2Ftags&post=24155"}],"curies":[{"name":"wp","href":"https:\/\/api.w.org\/{rel}","templated":true}]}}