{"id":24152,"date":"2025-04-23T04:06:49","date_gmt":"2025-04-23T08:06:49","guid":{"rendered":"https:\/\/noticiasveraces.com\/?p=24152"},"modified":"2025-04-23T04:06:49","modified_gmt":"2025-04-23T08:06:49","slug":"el-viaje-final-del-papa-francisco-mientras-descansa","status":"publish","type":"post","link":"https:\/\/noticiasveraces.com\/?p=24152","title":{"rendered":"El viaje final del Papa Francisco mientras descansa"},"content":{"rendered":"<p> \n<\/p>\n<div>\n<p class=\"speakable\">Para su \u00faltimo viaje, el Papa Francisco, vestido con vestimentas rojas y una sotana blanca tradicional, ser\u00e1 llevada a la bas\u00edlica de Santa Mar\u00eda Maggiore fuera del Vaticano el s\u00e1bado, donde ser\u00e1 enterrado.<\/p>\n<p class=\"speakable\">El Papa Francisco, nacido Jorge Mario Bergoglio de Regina Maria Sivori y Mario Jos\u00e9 Francisco en Argentina, muri\u00f3 el lunes 21 de abril de 2025, de un derrame cerebral y un paro card\u00edaco, seg\u00fan el Vaticano.<\/p>\n<p>Al principio de la ma\u00f1ana del lunes de Pascua, el Papa Francisco sufri\u00f3 un derrame cerebral, seguido de un coma. El ex jefe de la Iglesia Cat\u00f3lica entr\u00f3 en colapso cardiocirculatorio irreversible y muri\u00f3 a los 88 a\u00f1os, seg\u00fan el Vaticano.<\/p>\n<p><strong><u>El Papa Francisco revel\u00f3 deseos de entierro solo unos d\u00edas despu\u00e9s de convertirse en Pope en 2013<\/u><\/strong><\/p>\n<div class=\"image-ct inline\">\n<div class=\"m\"><picture><source media=\"(max-width: 767px)\" srcset=\"https:\/\/a57.foxnews.com\/static.foxnews.com\/foxnews.com\/content\/uploads\/2025\/02\/343\/192\/pope-francis-health-update_006-.jpg?ve=1&amp;tl=1, https:\/\/a57.foxnews.com\/static.foxnews.com\/foxnews.com\/content\/uploads\/2025\/02\/686\/384\/pope-francis-health-update_006-.jpg?ve=1&amp;tl=1 2x\" height=\"192\" width=\"343\"><source media=\"(min-width: 768px) and (max-width: 1023px)\" srcset=\"https:\/\/a57.foxnews.com\/static.foxnews.com\/foxnews.com\/content\/uploads\/2025\/02\/672\/378\/pope-francis-health-update_006-.jpg?ve=1&amp;tl=1, https:\/\/a57.foxnews.com\/static.foxnews.com\/foxnews.com\/content\/uploads\/2025\/02\/1344\/756\/pope-francis-health-update_006-.jpg?ve=1&amp;tl=1 2x\" height=\"378\" width=\"672\"><source media=\"(min-width: 1024px) and (max-width: 1279px)\" srcset=\"https:\/\/a57.foxnews.com\/static.foxnews.com\/foxnews.com\/content\/uploads\/2025\/02\/931\/523\/pope-francis-health-update_006-.jpg?ve=1&amp;tl=1, https:\/\/a57.foxnews.com\/static.foxnews.com\/foxnews.com\/content\/uploads\/2025\/02\/1862\/1046\/pope-francis-health-update_006-.jpg?ve=1&amp;tl=1 2x\" height=\"523\" width=\"931\"><source media=\"(min-width: 1280px)\" srcset=\"https:\/\/a57.foxnews.com\/static.foxnews.com\/foxnews.com\/content\/uploads\/2025\/02\/720\/405\/pope-francis-health-update_006-.jpg?ve=1&amp;tl=1, https:\/\/a57.foxnews.com\/static.foxnews.com\/foxnews.com\/content\/uploads\/2025\/02\/1440\/810\/pope-francis-health-update_006-.jpg?ve=1&amp;tl=1 2x\" height=\"405\" width=\"720\"><img loading=\"lazy\" decoding=\"async\" src=\"https:\/\/a57.foxnews.com\/static.foxnews.com\/foxnews.com\/content\/uploads\/2025\/02\/1200\/675\/pope-francis-health-update_006-.jpg?ve=1&amp;tl=1\" alt=\"Una foto del Papa Francisco en mejor salud\" width=\"1200\" height=\"675\"\/><\/source><\/source><\/source><\/source><\/picture><\/div>\n<div class=\"info\">\n<div class=\"caption\">\n<p><span>El Papa Francisco sirvi\u00f3 a la Iglesia Cat\u00f3lica como el 266 pont\u00edfice de 2013-2025.<\/span> <span>(Monteforte\/AFP Fillipo a trav\u00e9s de Getty)<\/span><\/p>\n<\/div>\n<\/div>\n<\/div>\n<p>Su \u00faltima aparici\u00f3n p\u00fablica fue el domingo de Pascua, cuando proporcion\u00f3 bendiciones a multitudes de fieles en la Plaza de San Pedro.<\/p>\n<p>El 14 de febrero de 2025, el Papa Francisco fue ingresado en el Hospital Gemelli de Roma, donde recibi\u00f3 un diagn\u00f3stico m\u00e9dico de neumon\u00eda doble y permaneci\u00f3 hospitalizado durante 38 d\u00edas.<\/p>\n<h3><strong>\u00bfQu\u00e9 esperar la semana del funeral del Papa Francisco?<\/strong><\/h3>\n<p>El martes por la ma\u00f1ana, alrededor de 60 cardenales cat\u00f3licos celebraron su primera reuni\u00f3n desde la muerte del Papa Francisco, de 9 a.m. a 10:30 a.m. hora local en Roma.<\/p>\n<p>La reuni\u00f3n comenz\u00f3 con una oraci\u00f3n por el pont\u00edfice fallecido. Los sacerdotes de alto rango juraron obedecer las reglas de los planes f\u00fanebres que hizo el Papa Francisco el a\u00f1o pasado. Finalmente, se leyeron la voluntad final y el testamento de Bergoglio.<\/p>\n<p><strong><u>Te\u00f3logo sobre la precisi\u00f3n del \u00abc\u00f3nclave\u00bb, las expectativas para el pr\u00f3ximo evento secreto despu\u00e9s de la muerte del Papa Francisco<\/u><\/strong><\/p>\n<div class=\"image-ct inline\">\n<div class=\"m\"><picture><source media=\"(max-width: 767px)\" srcset=\"https:\/\/a57.foxnews.com\/static.foxnews.com\/foxnews.com\/content\/uploads\/2022\/04\/343\/192\/GettyImages-1391406100.jpg?ve=1&amp;tl=1, https:\/\/a57.foxnews.com\/static.foxnews.com\/foxnews.com\/content\/uploads\/2022\/04\/686\/384\/GettyImages-1391406100.jpg?ve=1&amp;tl=1 2x\" height=\"192\" width=\"343\"><source media=\"(min-width: 768px) and (max-width: 1023px)\" srcset=\"https:\/\/a57.foxnews.com\/static.foxnews.com\/foxnews.com\/content\/uploads\/2022\/04\/672\/378\/GettyImages-1391406100.jpg?ve=1&amp;tl=1, https:\/\/a57.foxnews.com\/static.foxnews.com\/foxnews.com\/content\/uploads\/2022\/04\/1344\/756\/GettyImages-1391406100.jpg?ve=1&amp;tl=1 2x\" height=\"378\" width=\"672\"><source media=\"(min-width: 1024px) and (max-width: 1279px)\" srcset=\"https:\/\/a57.foxnews.com\/static.foxnews.com\/foxnews.com\/content\/uploads\/2022\/04\/931\/523\/GettyImages-1391406100.jpg?ve=1&amp;tl=1, https:\/\/a57.foxnews.com\/static.foxnews.com\/foxnews.com\/content\/uploads\/2022\/04\/1862\/1046\/GettyImages-1391406100.jpg?ve=1&amp;tl=1 2x\" height=\"523\" width=\"931\"><source media=\"(min-width: 1280px)\" srcset=\"https:\/\/a57.foxnews.com\/static.foxnews.com\/foxnews.com\/content\/uploads\/2022\/04\/720\/405\/GettyImages-1391406100.jpg?ve=1&amp;tl=1, https:\/\/a57.foxnews.com\/static.foxnews.com\/foxnews.com\/content\/uploads\/2022\/04\/1440\/810\/GettyImages-1391406100.jpg?ve=1&amp;tl=1 2x\" height=\"405\" width=\"720\"><img loading=\"lazy\" decoding=\"async\" src=\"https:\/\/a57.foxnews.com\/static.foxnews.com\/foxnews.com\/content\/uploads\/2022\/04\/1200\/675\/GettyImages-1391406100.jpg?ve=1&amp;tl=1\" alt=\"Papa Francisco que sirve misa cat\u00f3lica\" width=\"1200\" height=\"675\"\/><\/source><\/source><\/source><\/source><\/picture><\/div>\n<div class=\"info\">\n<div class=\"caption\">\n<p><span>El Papa Francisco muri\u00f3 el 21 de abril de 2025, el d\u00eda despu\u00e9s del domingo de Pascua.<\/span> <span>(Alessandra Benedetti\/Corbis\/Corbis a trav\u00e9s de Getty Images)<\/span><\/p>\n<\/div>\n<\/div>\n<\/div>\n<p>Solicit\u00f3 que la tumba solo leyera \u00abfrancisco\u00bb, sin mencionar su papado de 12 a\u00f1os, un cambio \u00fanico de los lugares de entierro de los papas pasados.<\/p>\n<p>El lunes en Roma, se llev\u00f3 a cabo un servicio de rosario para el Papa Francisco en la Plaza de San Pedro por el cardenal Mauro Gambetti.<\/p>\n<p>A partir del mi\u00e9rcoles a las 9 am hora local (03:00 ET) y continuando hasta el funeral, el cuerpo del Papa Francisco estar\u00e1 en estado en la Bas\u00edlica de San Pedro, donde los dolientes pueden presentar sus respetos.<\/p>\n<p>La procesi\u00f3n del cuerpo del Papa Francisco pasar\u00e1 por la Plaza de Santa Marta, la plaza de los Protomartiros Romanos y el arco de las campanas a la Plaza de San Pedro antes de entrar en la Bas\u00edlica del Vaticano.<\/p>\n<p>Los dolientes son bienvenidos a presentar sus respetos en la Bas\u00edlica de San Pedro en los siguientes d\u00edas y horarios:<\/p>\n<ul>\n<li>Mi\u00e9rcoles 23 de abril de 2025, de 11 a.m. a medianoche (0500-1800 ET)<\/li>\n<li>Jueves, 24 de abril de 2025, de 7 a.m. a medianoche (0100-1800 ET)<\/li>\n<li>Viernes 25 de abril de 2025, de 7 a.m. a 7 p.m. (0100-1300 ET)<\/li>\n<\/ul>\n<p><strong>El Papa Francisco enfatiz\u00f3 el catolicismo a nivel mundial, lleg\u00f3 m\u00e1s all\u00e1 de los Estados Unidos, Europa en naciones empobrecidas<\/strong><\/p>\n<div class=\"image-ct inline\">\n<div class=\"m\"><picture><source media=\"(max-width: 767px)\" srcset=\"https:\/\/a57.foxnews.com\/static.foxnews.com\/foxnews.com\/content\/uploads\/2025\/02\/343\/192\/pope-francis-dead_13.jpg?ve=1&amp;tl=1, https:\/\/a57.foxnews.com\/static.foxnews.com\/foxnews.com\/content\/uploads\/2025\/02\/686\/384\/pope-francis-dead_13.jpg?ve=1&amp;tl=1 2x\" height=\"192\" width=\"343\"><source media=\"(min-width: 768px) and (max-width: 1023px)\" srcset=\"https:\/\/a57.foxnews.com\/static.foxnews.com\/foxnews.com\/content\/uploads\/2025\/02\/672\/378\/pope-francis-dead_13.jpg?ve=1&amp;tl=1, https:\/\/a57.foxnews.com\/static.foxnews.com\/foxnews.com\/content\/uploads\/2025\/02\/1344\/756\/pope-francis-dead_13.jpg?ve=1&amp;tl=1 2x\" height=\"378\" width=\"672\"><source media=\"(min-width: 1024px) and (max-width: 1279px)\" srcset=\"https:\/\/a57.foxnews.com\/static.foxnews.com\/foxnews.com\/content\/uploads\/2025\/02\/931\/523\/pope-francis-dead_13.jpg?ve=1&amp;tl=1, https:\/\/a57.foxnews.com\/static.foxnews.com\/foxnews.com\/content\/uploads\/2025\/02\/1862\/1046\/pope-francis-dead_13.jpg?ve=1&amp;tl=1 2x\" height=\"523\" width=\"931\"><source media=\"(min-width: 1280px)\" srcset=\"https:\/\/a57.foxnews.com\/static.foxnews.com\/foxnews.com\/content\/uploads\/2025\/02\/720\/405\/pope-francis-dead_13.jpg?ve=1&amp;tl=1, https:\/\/a57.foxnews.com\/static.foxnews.com\/foxnews.com\/content\/uploads\/2025\/02\/1440\/810\/pope-francis-dead_13.jpg?ve=1&amp;tl=1 2x\" height=\"405\" width=\"720\"><img loading=\"lazy\" decoding=\"async\" src=\"https:\/\/a57.foxnews.com\/static.foxnews.com\/foxnews.com\/content\/uploads\/2025\/02\/1200\/675\/pope-francis-dead_13.jpg?ve=1&amp;tl=1\" alt=\"Papa Francisco que tumba flores en Nueva York en el 9\/11 Memorial\" width=\"1200\" height=\"675\"\/><\/source><\/source><\/source><\/source><\/picture><\/div>\n<div class=\"info\">\n<div class=\"caption\">\n<p><span>El Papa Francisco a menudo se le conoce como \u00abel Papa del Pueblo\u00bb y viaja a partes del mundo poco comunes para que los papas lo visiten.<\/span> <span>(AFP a trav\u00e9s de Getty Images)<\/span><\/p>\n<\/div>\n<\/div>\n<\/div>\n<h3><strong>Qu\u00e9 esperar del funeral del Papa Francisco<\/strong><\/h3>\n<p>El s\u00e1bado 26 de abril de 2025, a las 10 am hora local, la vida del Papa Francisco se celebrar\u00e1 durante una misa presidida por su cardenal de eminencia m\u00e1s reverendo Giovanni Battista Re, decano del Colegio de Cardenales.<\/p>\n<p>Obispos, sacerdotes, cardenales, arzobispos y patriarcas de todo el mundo oficiar\u00e1n el servicio.<\/p>\n<p>Los eventos concluir\u00e1n con el comienzo de las Novemdiales, un per\u00edodo simb\u00f3lico y procesal de nueve d\u00edas de oraci\u00f3n, luto y recuerdo.<\/p>\n<p>Otra misa f\u00fanebre ser\u00e1 llevada a cabo el domingo por el cardenal italiano y el secretario de Estado Pietro Parolin.<\/p>\n<p>El Papa Francisco ser\u00e1 llevado a la Bas\u00edlica de Santa Mar\u00eda Maggiore para el entierro.<\/p>\n<p><strong>Primeras fotos lanzadas del Papa Francisco en su ata\u00fad; Funeral establecido para el s\u00e1bado<\/strong><\/p>\n<div class=\"image-ct inline\">\n<div class=\"m\"><picture><source media=\"(max-width: 767px)\" srcset=\"https:\/\/a57.foxnews.com\/static.foxnews.com\/foxnews.com\/content\/uploads\/2022\/04\/343\/192\/AP22110342902975.jpg?ve=1&amp;tl=1, https:\/\/a57.foxnews.com\/static.foxnews.com\/foxnews.com\/content\/uploads\/2022\/04\/686\/384\/AP22110342902975.jpg?ve=1&amp;tl=1 2x\" height=\"192\" width=\"343\"><source media=\"(min-width: 768px) and (max-width: 1023px)\" srcset=\"https:\/\/a57.foxnews.com\/static.foxnews.com\/foxnews.com\/content\/uploads\/2022\/04\/672\/378\/AP22110342902975.jpg?ve=1&amp;tl=1, https:\/\/a57.foxnews.com\/static.foxnews.com\/foxnews.com\/content\/uploads\/2022\/04\/1344\/756\/AP22110342902975.jpg?ve=1&amp;tl=1 2x\" height=\"378\" width=\"672\"><source media=\"(min-width: 1024px) and (max-width: 1279px)\" srcset=\"https:\/\/a57.foxnews.com\/static.foxnews.com\/foxnews.com\/content\/uploads\/2022\/04\/931\/523\/AP22110342902975.jpg?ve=1&amp;tl=1, https:\/\/a57.foxnews.com\/static.foxnews.com\/foxnews.com\/content\/uploads\/2022\/04\/1862\/1046\/AP22110342902975.jpg?ve=1&amp;tl=1 2x\" height=\"523\" width=\"931\"><source media=\"(min-width: 1280px)\" srcset=\"https:\/\/a57.foxnews.com\/static.foxnews.com\/foxnews.com\/content\/uploads\/2022\/04\/720\/405\/AP22110342902975.jpg?ve=1&amp;tl=1, https:\/\/a57.foxnews.com\/static.foxnews.com\/foxnews.com\/content\/uploads\/2022\/04\/1440\/810\/AP22110342902975.jpg?ve=1&amp;tl=1 2x\" height=\"405\" width=\"720\"><img loading=\"lazy\" decoding=\"async\" src=\"https:\/\/a57.foxnews.com\/static.foxnews.com\/foxnews.com\/content\/uploads\/2022\/04\/1200\/675\/AP22110342902975.jpg?ve=1&amp;tl=1\" alt=\"Papa Francisco saludando a los peregrinos\" width=\"1200\" height=\"675\"\/><\/source><\/source><\/source><\/source><\/picture><\/div>\n<div class=\"info\">\n<div class=\"caption\">\n<p><span>El Papa Francisco, nacido Jorge Mario Bergoglio, era de Argentina y el primer papa en la historia del sur global.<\/span> <span>(Photo AP\/Alessandra Tarantino)<\/span><\/p>\n<\/div>\n<\/div>\n<\/div>\n<h3><strong>\u00bfQu\u00e9 dir\u00e1 el Papa Francisco?<\/strong><\/h3>\n<p>El 266 pont\u00edfice revel\u00f3 sus deseos de entierro solo unos d\u00edas despu\u00e9s de ser elegido en 2013.<\/p>\n<p>\u00abEra su creencia que no podr\u00eda vivir mucho tiempo\u00bb, dijo Neomi DeAnda, un te\u00f3logo constructivo entrenado, a Fox News Digital. \u00abYa ten\u00eda los 70 a\u00f1os cuando fue elegido Papa, y quer\u00eda estar preparado cuando Dios lo llam\u00f3 a casa\u00bb.<\/p>\n<p><i>\u00abEn nombre de la Sant\u00edsima Trinidad. Am\u00e9n.<\/i><\/p>\n<p><i>\u00abSentir que se acerca la puesta de sol de mi vida terrenal y con una animada esperanza en la vida eterna, deseo expresar mi testamentaria solo con respecto al lugar de mi entierro.<\/i><\/p>\n<p><i>\u00abSiempre he confiado mi vida y el Ministerio Sacerdotal y Episcopal a la Madre de nuestro Se\u00f1or, Mar\u00eda, lo m\u00e1s santo. Por lo tanto, pido que mis permanentes mortales descansen esperando el D\u00eda de la Resurrecci\u00f3n en la Bas\u00edlica Papal de Santa Mar\u00eda Maggiore.<\/i><\/p>\n<p><strong><u>Trump asistir\u00e1 al funeral del Papa Francisco en Roma a pesar del pasado pol\u00e9mico: \u00ab\u00a1Espero estar all\u00ed!\u00bb<\/u><\/strong><\/p>\n<div class=\"image-ct inline\">\n<div class=\"m\"><picture><source media=\"(max-width: 767px)\" srcset=\"https:\/\/a57.foxnews.com\/static.foxnews.com\/foxnews.com\/content\/uploads\/2022\/07\/343\/192\/AP22205664919514.jpg?ve=1&amp;tl=1, https:\/\/a57.foxnews.com\/static.foxnews.com\/foxnews.com\/content\/uploads\/2022\/07\/686\/384\/AP22205664919514.jpg?ve=1&amp;tl=1 2x\" height=\"192\" width=\"343\"><source media=\"(min-width: 768px) and (max-width: 1023px)\" srcset=\"https:\/\/a57.foxnews.com\/static.foxnews.com\/foxnews.com\/content\/uploads\/2022\/07\/672\/378\/AP22205664919514.jpg?ve=1&amp;tl=1, https:\/\/a57.foxnews.com\/static.foxnews.com\/foxnews.com\/content\/uploads\/2022\/07\/1344\/756\/AP22205664919514.jpg?ve=1&amp;tl=1 2x\" height=\"378\" width=\"672\"><source media=\"(min-width: 1024px) and (max-width: 1279px)\" srcset=\"https:\/\/a57.foxnews.com\/static.foxnews.com\/foxnews.com\/content\/uploads\/2022\/07\/931\/523\/AP22205664919514.jpg?ve=1&amp;tl=1, https:\/\/a57.foxnews.com\/static.foxnews.com\/foxnews.com\/content\/uploads\/2022\/07\/1862\/1046\/AP22205664919514.jpg?ve=1&amp;tl=1 2x\" height=\"523\" width=\"931\"><source media=\"(min-width: 1280px)\" srcset=\"https:\/\/a57.foxnews.com\/static.foxnews.com\/foxnews.com\/content\/uploads\/2022\/07\/720\/405\/AP22205664919514.jpg?ve=1&amp;tl=1, https:\/\/a57.foxnews.com\/static.foxnews.com\/foxnews.com\/content\/uploads\/2022\/07\/1440\/810\/AP22205664919514.jpg?ve=1&amp;tl=1 2x\" height=\"405\" width=\"720\"><img loading=\"lazy\" decoding=\"async\" src=\"https:\/\/a57.foxnews.com\/static.foxnews.com\/foxnews.com\/content\/uploads\/2022\/07\/1200\/675\/AP22205664919514.jpg?ve=1&amp;tl=1\" alt=\"El Papa Francisco se disculpa con los ind\u00edgenas de Canad\u00e1\" width=\"1200\" height=\"675\"\/><\/source><\/source><\/source><\/source><\/picture><\/div>\n<div class=\"info\">\n<div class=\"caption\">\n<p><span>La vida del Papa Francisco se celebrar\u00e1 en Roma el s\u00e1bado 26 de abril de 2025.<\/span> <span>(The Associated Press)<\/span><\/p>\n<\/div>\n<\/div>\n<\/div>\n<p><i>\u00abQuiero que mi \u00faltimo viaje terrenal termine en este antiguo santuario Mariano, donde fui a orar al principio y al final de cada viaje apost\u00f3lico para confiar con confianza mis intenciones a la Madre Inmaculada y agradecerle por el cuidados d\u00f3ciles y maternos.<\/i><\/p>\n<p><i>\u00abPido que mi tumba est\u00e9 preparada en el agujero del pasillo entre la Capilla Paulina (Capilla del Salus populi romani) y la Capilla Sforza de la Bas\u00edlica Papal antes mencionada como se indica en el anexo adjunto.<\/i><\/p>\n<p><i>\u00abLa tumba debe estar en la tierra; simple, sin decoraci\u00f3n particular y con la \u00fanica inscripci\u00f3n: francisco.<\/i><\/p>\n<p><strong><u>Haga clic aqu\u00ed para llegar a la aplicaci\u00f3n Fox News<\/u><\/strong><\/p>\n<p><i>\u00abLos gastos para la preparaci\u00f3n de mi entierro se cubrir\u00e1n con la suma del benefactor que he organizado, para ser transferidos a la Bas\u00edlica Papal de Santa Mar\u00eda Maggiore y de la cual he proporcionado para dar las instrucciones apropiadas a los Mons. Rolandas Makrickas, Comisionado Extraordinario del Cap\u00edtulo Liberiano.<\/i><\/p>\n<p><i>\u00abQue el Se\u00f1or d\u00e9 la merecida recompensa a aquellos que me han amado y continuar\u00e1n orando por m\u00ed. El sufrimiento que se hizo en la \u00faltima parte de mi vida que ofrec\u00ed al Se\u00f1or por la paz en el mundo y la hermandad entre los pueblos\u00bb.<\/i><\/p>\n<p> <!----> <\/p>\n<div class=\"article-meta\">\n<div class=\"author-bio\">\n<p>Gabriele Regalbuto es editor senior de SEO en Fox News Digital. Gabriele tiene un t\u00edtulo de periodismo y comunicaciones de la Universidad de West Virginia. Ha trabajado para producir contenido para peri\u00f3dicos, revistas y plataformas digitales. En Fox, ha ayudado en la cobertura de eventos de noticias de \u00faltima hora, incluido el ciclo presidencial de 2024, las elecciones de mitad de per\u00edodo de 2022, la muerte de la reina Isabel II, la guerra en curso entre Rusia y Ucrania.<\/p>\n<\/div>\n<\/div>\n<\/div>\n\n","protected":false},"excerpt":{"rendered":"<p>Para su \u00faltimo viaje, el Papa Francisco, vestido con vestimentas rojas y una sotana blanca tradicional, ser\u00e1 llevada a la bas\u00edlica de Santa Mar\u00eda Maggiore fuera del Vaticano el s\u00e1bado, donde ser\u00e1 enterrado. El Papa Francisco, nacido Jorge Mario Bergoglio de Regina Maria Sivori y Mario Jos\u00e9 Francisco en Argentina, muri\u00f3 el lunes 21 de &hellip;<\/p>\n","protected":false},"author":1,"featured_media":24154,"comment_status":"open","ping_status":"open","sticky":false,"template":"","format":"standard","meta":{"fifu_image_url":"https:\/\/static.foxnews.com\/foxnews.com\/content\/uploads\/2025\/02\/pope-francis-health-update_006-.jpg","fifu_image_alt":"","footnotes":""},"categories":[13],"tags":[],"class_list":["post-24152","post","type-post","status-publish","format-standard","has-post-thumbnail","","category-mundo"],"_links":{"self":[{"href":"https:\/\/noticiasveraces.com\/index.php?rest_route=\/wp\/v2\/posts\/24152","targetHints":{"allow":["GET"]}}],"collection":[{"href":"https:\/\/noticiasveraces.com\/index.php?rest_route=\/wp\/v2\/posts"}],"about":[{"href":"https:\/\/noticiasveraces.com\/index.php?rest_route=\/wp\/v2\/types\/post"}],"author":[{"embeddable":true,"href":"https:\/\/noticiasveraces.com\/index.php?rest_route=\/wp\/v2\/users\/1"}],"replies":[{"embeddable":true,"href":"https:\/\/noticiasveraces.com\/index.php?rest_route=%2Fwp%2Fv2%2Fcomments&post=24152"}],"version-history":[{"count":0,"href":"https:\/\/noticiasveraces.com\/index.php?rest_route=\/wp\/v2\/posts\/24152\/revisions"}],"wp:featuredmedia":[{"embeddable":true,"href":"https:\/\/noticiasveraces.com\/index.php?rest_route=\/wp\/v2\/media\/24154"}],"wp:attachment":[{"href":"https:\/\/noticiasveraces.com\/index.php?rest_route=%2Fwp%2Fv2%2Fmedia&parent=24152"}],"wp:term":[{"taxonomy":"category","embeddable":true,"href":"https:\/\/noticiasveraces.com\/index.php?rest_route=%2Fwp%2Fv2%2Fcategories&post=24152"},{"taxonomy":"post_tag","embeddable":true,"href":"https:\/\/noticiasveraces.com\/index.php?rest_route=%2Fwp%2Fv2%2Ftags&post=24152"}],"curies":[{"name":"wp","href":"https:\/\/api.w.org\/{rel}","templated":true}]}}