{"id":24149,"date":"2025-04-23T03:44:52","date_gmt":"2025-04-23T07:44:52","guid":{"rendered":"https:\/\/noticiasveraces.com\/?p=24149"},"modified":"2025-04-23T03:44:52","modified_gmt":"2025-04-23T07:44:52","slug":"racismo-javier-moreira-relator-partidario-de-nacional-dijo-macacos-a-hinchas-de-inter-porto-alegre-copa-libertadores","status":"publish","type":"post","link":"https:\/\/noticiasveraces.com\/?p=24149","title":{"rendered":"Racismo: Javier Moreira relator partidario de Nacional dijo macacos a hinchas de Inter Porto Alegre | Copa Libertadores"},"content":{"rendered":"<p> \n<br \/><img decoding=\"async\" src=\"https:\/\/www.futbolred.com\/files\/article_graphic\/uploads\/2025\/04\/23\/680875697ca3e.jpeg\" \/><\/p>\n<div id=\"cuerpoArticulo\">\n<p class=\"texto intro\" id=\"p243184-m325-324-326\">Un espectacular e ins\u00f3lito partido se vivi\u00f3 este martes 22 de abril en el estadio Beira-Rio, que termin\u00f3 3-3 entre Internacional de Porto Alegre y Nacional de Montevideo, en la tercera jornada del grupo F de la Copa Libertadores 2025.<\/p>\n<p>El equipo uruguayo tuvo un primer tiempo \u00e9pico, en el que se puso 0-3, con dos goles en los primeros 10 minutos; sin embargo, Inter descont\u00f3 antes de irse al entretiempo y luego lo empato 3-3, movido por el amor propio y la fuerza de su afici\u00f3n.<\/p>\n<p>Sin embargo, el juego se vio empa\u00f1ado por un nuevo esc\u00e1ndalo de racismo que afecta nuevamente al f\u00fatbol suramericano: aunque no se vio durante el juego, pues los ataques racistas no fue hacia alguien en espec\u00edfico, y menos que estuviera en el campo de juego.<\/p>\n<p class=\"texto contenido-parrafo-articulo\" id=\"p243184-m343-2-344\">El hecho de racismo sucedi\u00f3 en una transmisi\u00f3n radial uruguaya, en vivo, en la que el narrador Javier Moreira, que relata los juegos de Nacional en un espacio partidario, se calent\u00f3 con el \u00faltimo gol del partido, que sell\u00f3 la igualdad 3-3.<\/p>\n<p>En el relato se puede escuchar que Moreira est\u00e1 narrando el gol del equipo brasile\u00f1o, pero posiblemente algunos hinchas se acercaron a su cabina a provocarlo y a burlarse porque se le escapaba el triunfo al Bolso.<\/p>\n<p>Moreira se habr\u00eda enfurecido y empez\u00f3 a responder, mientras estaba al aire: \u201c\u00bfQu\u00e9 te pasa?, \u00bfqu\u00e9 te pasa?\u201d, es escuch\u00f3 y luego dej\u00f3 la transmisi\u00f3n, posiblemente para ir a buscar pelea con los hinchas que lo molestaban.<\/p>\n<p>Segundos despu\u00e9s, el relator uruguayo volvi\u00f3 a tomar el micr\u00f3fono y dijo: \u201cAc\u00e1 nos gritaron el gol, despu\u00e9s se cag\u00f3\u2026nos viniste a gritar el gol y despu\u00e9s se cag\u00f3\u2026 as\u00ed son estos \u2018macacos\u2019\u201d, soltando semejante insulto racista en la transmisi\u00f3n.<\/p>\n<\/p><\/div>\n\n","protected":false},"excerpt":{"rendered":"<p>Un espectacular e ins\u00f3lito partido se vivi\u00f3 este martes 22 de abril en el estadio Beira-Rio, que termin\u00f3 3-3 entre Internacional de Porto Alegre y Nacional de Montevideo, en la tercera jornada del grupo F de la Copa Libertadores 2025. El equipo uruguayo tuvo un primer tiempo \u00e9pico, en el que se puso 0-3, con &hellip;<\/p>\n","protected":false},"author":1,"featured_media":24151,"comment_status":"open","ping_status":"open","sticky":false,"template":"","format":"standard","meta":{"fifu_image_url":"https:\/\/www.futbolred.com\/files\/og_thumbnail\/uploads\/2025\/04\/23\/680875697ca3e.jpeg","fifu_image_alt":"","footnotes":""},"categories":[6],"tags":[],"class_list":["post-24149","post","type-post","status-publish","format-standard","has-post-thumbnail","","category-deportes"],"_links":{"self":[{"href":"https:\/\/noticiasveraces.com\/index.php?rest_route=\/wp\/v2\/posts\/24149","targetHints":{"allow":["GET"]}}],"collection":[{"href":"https:\/\/noticiasveraces.com\/index.php?rest_route=\/wp\/v2\/posts"}],"about":[{"href":"https:\/\/noticiasveraces.com\/index.php?rest_route=\/wp\/v2\/types\/post"}],"author":[{"embeddable":true,"href":"https:\/\/noticiasveraces.com\/index.php?rest_route=\/wp\/v2\/users\/1"}],"replies":[{"embeddable":true,"href":"https:\/\/noticiasveraces.com\/index.php?rest_route=%2Fwp%2Fv2%2Fcomments&post=24149"}],"version-history":[{"count":0,"href":"https:\/\/noticiasveraces.com\/index.php?rest_route=\/wp\/v2\/posts\/24149\/revisions"}],"wp:featuredmedia":[{"embeddable":true,"href":"https:\/\/noticiasveraces.com\/index.php?rest_route=\/wp\/v2\/media\/24151"}],"wp:attachment":[{"href":"https:\/\/noticiasveraces.com\/index.php?rest_route=%2Fwp%2Fv2%2Fmedia&parent=24149"}],"wp:term":[{"taxonomy":"category","embeddable":true,"href":"https:\/\/noticiasveraces.com\/index.php?rest_route=%2Fwp%2Fv2%2Fcategories&post=24149"},{"taxonomy":"post_tag","embeddable":true,"href":"https:\/\/noticiasveraces.com\/index.php?rest_route=%2Fwp%2Fv2%2Ftags&post=24149"}],"curies":[{"name":"wp","href":"https:\/\/api.w.org\/{rel}","templated":true}]}}