{"id":24144,"date":"2025-04-23T03:13:55","date_gmt":"2025-04-23T07:13:55","guid":{"rendered":"https:\/\/noticiasveraces.com\/?p=24144"},"modified":"2025-04-23T03:13:55","modified_gmt":"2025-04-23T07:13:55","slug":"el-cuerpo-del-pontiff-sera-transferido-a-la-basilica-de-san-pedro","status":"publish","type":"post","link":"https:\/\/noticiasveraces.com\/?p=24144","title":{"rendered":"El cuerpo del pontiff ser\u00e1 transferido a la Bas\u00edlica de San Pedro"},"content":{"rendered":"<p> \n<\/p>\n<div id=\"rcrd77655\" data-testid=\"chat-card-container\">\n<div class=\"styles_time-stamp-social-share-container__pmafU pv1\">\n<div class=\"share-list-container df\"><button class=\"social-share-button\" type=\"button\" data-testid=\"chat-card-social-share-button\" aria-expanded=\"false\" aria-label=\"open social share icon list\" aria-controls=\"share-list-rcrd77655\"><span class=\"share-btn-txt\">Compartir<\/span><img loading=\"lazy\" decoding=\"async\" alt=\"Disparador de icono de acci\u00f3n social\" src=\"data:image\/svg+xml;base64,PHN2ZyBmaWxsPSJub25lIiBoZWlnaHQ9IjMyIiB2aWV3Qm94PSIwIDAgMzIgMzIiIHdpZHRoPSIzMiIgeG1sbnM9Imh0dHA6Ly93d3cudzMub3JnLzIwMDAvc3ZnIj48Y2lyY2xlIGN4PSIxNiIgY3k9IjE2IiBmaWxsPSIjZmZmIiByPSIxNS41IiBzdHJva2U9IiM5OTkiLz48cGF0aCBkPSJtMTQuNjE1NCAyMC4wNzY5aC0zLjUzODVjLTEuMTI3OTMgMC0yLjA4OTQtLjM5NzMtMi44ODQ0LTEuMTkyMXMtMS4xOTI1LTEuNzU2MS0xLjE5MjUtMi44ODM3LjM5NzUtMi4wODkyIDEuMTkyNS0yLjg4NDcgMS43NTY0Ny0xLjE5MzMgMi44ODQ0LTEuMTkzM2gzLjUzODV2MWgtMy41Mzg1Yy0uODQ2MSAwLTEuNTcwNDguMzAxMy0yLjE3MzA1LjkwMzgtLjYwMjU3LjYwMjYtLjkwMzg1IDEuMzI3LS45MDM4NSAyLjE3MzEgMCAuODQ2Mi4zMDEyOCAxLjU3MDUuOTAzODUgMi4xNzMxczEuMzI2OTUuOTAzOCAyLjE3MzA1LjkwMzhoMy41Mzg1em0tMi4xMTU0LTMuNTc2OXYtMWg3djF6bTQuODg0NiAzLjU3Njl2LTFoMy41Mzg1Yy44NDYxIDAgMS41NzA1LS4zMDEyIDIuMTczMS0uOTAzOC42MDI1LS42MDI2LjkwMzgtMS4zMjY5LjkwMzgtMi4xNzMxIDAtLjg0NjEtLjMwMTMtMS41NzA1LS45MDM4LTIuMTczMS0uNjAyNi0uNjAyNS0xLjMyNy0uOTAzOC0yLjE3MzEtLjkwMzhoLTMuNTM4NXYtMWgzLjUzODVjMS4xMjc5IDAgMi4wODk0LjM5NzQgMi44ODQ0IDEuMTkyMnMxLjE5MjUgMS43NTYgMS4xOTI1IDIuODgzNmMwIDEuMTI3Ny0uMzk3NSAyLjA4OTMtMS4xOTI1IDIuODg0OHMtMS43NTY1IDEuMTkzMi0yLjg4NDQgMS4xOTMyeiIgZmlsbD0iIzU1NSIvPjwvc3ZnPg==\" height=\"30\" width=\"30\"\/><\/button><\/div>\n<\/div>\n<h2 class=\"styles_chartCardHeadline__hQEvw\" data-testid=\"chat-card-headline\">La procesi\u00f3n que lleva el cuerpo de Francis a la Bas\u00edlica de San Pedro comienza<\/h2>\n<div class=\"styles_authors-container__wY7vB mb3\" data-testid=\"chat-card-authors-container\">\n<div class=\"styles_chatCartByline__mUVLh\" data-testid=\"chat-card-byline-container\">\n<div class=\"styles_chatCardBylineThumbnail__HWngo\" data-testid=\"chat-card-byline-thumbnail\">\n<div class=\"byline-thumbnail byline-thumbnail--has-image styles_bylineThumbnail__mMxrB\" data-testid=\"byline-thumbnail\"><picture data-testid=\"picture\"><source media=\"(min-width: 320px)\" srcset=\"https:\/\/media-cldnry.s-nbcnews.com\/image\/upload\/t_focal-60x60,f_avif,q_auto:eco,dpr_2\/newscms\/2024_18\/3646901\/mithil-aggarwal.jpg 2x, https:\/\/media-cldnry.s-nbcnews.com\/image\/upload\/t_focal-60x60,f_auto,q_auto:best\/newscms\/2024_18\/3646901\/mithil-aggarwal.jpg 1x\"\/><img decoding=\"async\" loading=\"lazy\" src=\"https:\/\/media-cldnry.s-nbcnews.com\/image\/upload\/t_focal-60x60,f_auto,q_auto:best\/newscms\/2024_18\/3646901\/mithil-aggarwal.jpg\" alt=\"\" height=\"48\" width=\"48\"\/><\/picture><\/div>\n<\/div>\n<\/div>\n<\/div>\n<div data-icid=\"live-blog-card-link\" data-testid=\"chat-card-body-container\">\n<p class=\"body-graf\">Mientras Bells puso a Solemy, una procesi\u00f3n de patriarcas, cardenales, arzobispos, obispos, c\u00e1nones y otros sacerdotes salieron de la Casa Santa Marta, llevando el cuerpo del Papa Francisco.<\/p>\n<p class=\"body-graf\">La prosi\u00f3n viajar\u00e1 a trav\u00e9s de la Plaza de Santa Marta y la plaza de los Protomartiros Romanos a la Plaza de San Pedro debajo del arco de las campanas antes de ir a la Bas\u00edlica a trav\u00e9s de la puerta central. <\/p>\n<p class=\"body-graf\">El p\u00fablico podr\u00e1 pagar para presentar sus respetos a partir de las 11.00 a.m. (5 a.m. ET).<\/p>\n<\/div>\n<\/div>\n<div id=\"rcrd77652\" data-testid=\"chat-card-container\">\n<div class=\"styles_time-stamp-social-share-container__pmafU pv1\">\n<div class=\"share-list-container df\"><button class=\"social-share-button\" type=\"button\" data-testid=\"chat-card-social-share-button\" aria-expanded=\"false\" aria-label=\"open social share icon list\" aria-controls=\"share-list-rcrd77652\"><span class=\"share-btn-txt\">Compartir<\/span><img loading=\"lazy\" decoding=\"async\" alt=\"Disparador de icono de acci\u00f3n social\" src=\"data:image\/svg+xml;base64,PHN2ZyBmaWxsPSJub25lIiBoZWlnaHQ9IjMyIiB2aWV3Qm94PSIwIDAgMzIgMzIiIHdpZHRoPSIzMiIgeG1sbnM9Imh0dHA6Ly93d3cudzMub3JnLzIwMDAvc3ZnIj48Y2lyY2xlIGN4PSIxNiIgY3k9IjE2IiBmaWxsPSIjZmZmIiByPSIxNS41IiBzdHJva2U9IiM5OTkiLz48cGF0aCBkPSJtMTQuNjE1NCAyMC4wNzY5aC0zLjUzODVjLTEuMTI3OTMgMC0yLjA4OTQtLjM5NzMtMi44ODQ0LTEuMTkyMXMtMS4xOTI1LTEuNzU2MS0xLjE5MjUtMi44ODM3LjM5NzUtMi4wODkyIDEuMTkyNS0yLjg4NDcgMS43NTY0Ny0xLjE5MzMgMi44ODQ0LTEuMTkzM2gzLjUzODV2MWgtMy41Mzg1Yy0uODQ2MSAwLTEuNTcwNDguMzAxMy0yLjE3MzA1LjkwMzgtLjYwMjU3LjYwMjYtLjkwMzg1IDEuMzI3LS45MDM4NSAyLjE3MzEgMCAuODQ2Mi4zMDEyOCAxLjU3MDUuOTAzODUgMi4xNzMxczEuMzI2OTUuOTAzOCAyLjE3MzA1LjkwMzhoMy41Mzg1em0tMi4xMTU0LTMuNTc2OXYtMWg3djF6bTQuODg0NiAzLjU3Njl2LTFoMy41Mzg1Yy44NDYxIDAgMS41NzA1LS4zMDEyIDIuMTczMS0uOTAzOC42MDI1LS42MDI2LjkwMzgtMS4zMjY5LjkwMzgtMi4xNzMxIDAtLjg0NjEtLjMwMTMtMS41NzA1LS45MDM4LTIuMTczMS0uNjAyNi0uNjAyNS0xLjMyNy0uOTAzOC0yLjE3MzEtLjkwMzhoLTMuNTM4NXYtMWgzLjUzODVjMS4xMjc5IDAgMi4wODk0LjM5NzQgMi44ODQ0IDEuMTkyMnMxLjE5MjUgMS43NTYgMS4xOTI1IDIuODgzNmMwIDEuMTI3Ny0uMzk3NSAyLjA4OTMtMS4xOTI1IDIuODg0OHMtMS43NTY1IDEuMTkzMi0yLjg4NDQgMS4xOTMyeiIgZmlsbD0iIzU1NSIvPjwvc3ZnPg==\" height=\"30\" width=\"30\"\/><\/button><\/div>\n<\/div>\n<h2 class=\"styles_chartCardHeadline__hQEvw\" data-testid=\"chat-card-headline\">Segunda congregaci\u00f3n que se celebrar\u00e1 despu\u00e9s de que se transfiera el cuerpo de Francis<\/h2>\n<div class=\"styles_authors-container__wY7vB mb3\" data-testid=\"chat-card-authors-container\">\n<p><span class=\"styles_chatCardByline___KHac\" data-testid=\"chatCardByline-name\"><span class=\"styles_chatCardByline--bio__moCJl\"><span class=\"styles_chatCardByline--name__XxOL0\">Mithil Aggarwal<\/span><\/span><\/span>  y <span class=\"styles_chatCardByline___KHac\" data-testid=\"chatCardByline-name\"><span class=\"styles_chatCardByline--bio__moCJl\"><span class=\"styles_chatCardByline--name__XxOL0\">Jean-Nicholas Fievet<\/span><\/span><\/span><\/p>\n<\/div>\n<div data-icid=\"live-blog-card-link\" data-testid=\"chat-card-body-container\">\n<p class=\"body-graf\">Una segunda congregaci\u00f3n general est\u00e1 programada para esta tarde despu\u00e9s de que el cuerpo del Papa Francisco se lleva a la Bas\u00edlica de San Pedro. <\/p>\n<p class=\"body-graf\">Estas congregaciones son una reuni\u00f3n diaria de la Facultad de Cardenales, que actualmente gobiernan al Vaticano, para planificar los funerales y el pr\u00f3ximo c\u00f3nclave. Ayer, 60 cardenales se reunieron en el Synod Hall para la ocasi\u00f3n.<\/p>\n<\/div>\n<\/div>\n<div id=\"rcrd77650\" data-testid=\"chat-card-container\">\n<div class=\"styles_time-stamp-social-share-container__pmafU pv1\">\n<div class=\"share-list-container df\"><button class=\"social-share-button\" type=\"button\" data-testid=\"chat-card-social-share-button\" aria-expanded=\"false\" aria-label=\"open social share icon list\" aria-controls=\"share-list-rcrd77650\"><span class=\"share-btn-txt\">Compartir<\/span><img loading=\"lazy\" decoding=\"async\" alt=\"Disparador de icono de acci\u00f3n social\" src=\"data:image\/svg+xml;base64,PHN2ZyBmaWxsPSJub25lIiBoZWlnaHQ9IjMyIiB2aWV3Qm94PSIwIDAgMzIgMzIiIHdpZHRoPSIzMiIgeG1sbnM9Imh0dHA6Ly93d3cudzMub3JnLzIwMDAvc3ZnIj48Y2lyY2xlIGN4PSIxNiIgY3k9IjE2IiBmaWxsPSIjZmZmIiByPSIxNS41IiBzdHJva2U9IiM5OTkiLz48cGF0aCBkPSJtMTQuNjE1NCAyMC4wNzY5aC0zLjUzODVjLTEuMTI3OTMgMC0yLjA4OTQtLjM5NzMtMi44ODQ0LTEuMTkyMXMtMS4xOTI1LTEuNzU2MS0xLjE5MjUtMi44ODM3LjM5NzUtMi4wODkyIDEuMTkyNS0yLjg4NDcgMS43NTY0Ny0xLjE5MzMgMi44ODQ0LTEuMTkzM2gzLjUzODV2MWgtMy41Mzg1Yy0uODQ2MSAwLTEuNTcwNDguMzAxMy0yLjE3MzA1LjkwMzgtLjYwMjU3LjYwMjYtLjkwMzg1IDEuMzI3LS45MDM4NSAyLjE3MzEgMCAuODQ2Mi4zMDEyOCAxLjU3MDUuOTAzODUgMi4xNzMxczEuMzI2OTUuOTAzOCAyLjE3MzA1LjkwMzhoMy41Mzg1em0tMi4xMTU0LTMuNTc2OXYtMWg3djF6bTQuODg0NiAzLjU3Njl2LTFoMy41Mzg1Yy44NDYxIDAgMS41NzA1LS4zMDEyIDIuMTczMS0uOTAzOC42MDI1LS42MDI2LjkwMzgtMS4zMjY5LjkwMzgtMi4xNzMxIDAtLjg0NjEtLjMwMTMtMS41NzA1LS45MDM4LTIuMTczMS0uNjAyNi0uNjAyNS0xLjMyNy0uOTAzOC0yLjE3MzEtLjkwMzhoLTMuNTM4NXYtMWgzLjUzODVjMS4xMjc5IDAgMi4wODk0LjM5NzQgMi44ODQ0IDEuMTkyMnMxLjE5MjUgMS43NTYgMS4xOTI1IDIuODgzNmMwIDEuMTI3Ny0uMzk3NSAyLjA4OTMtMS4xOTI1IDIuODg0OHMtMS43NTY1IDEuMTkzMi0yLjg4NDQgMS4xOTMyeiIgZmlsbD0iIzU1NSIvPjwvc3ZnPg==\" height=\"30\" width=\"30\"\/><\/button><\/div>\n<\/div>\n<h2 class=\"styles_chartCardHeadline__hQEvw\" data-testid=\"chat-card-headline\">Inside Gelato Shop que sirvi\u00f3 las golosinas favoritas del Papa Francisco<\/h2>\n<div data-icid=\"live-blog-card-link\" data-testid=\"chat-card-body-container\">\n<p class=\"body-graf\">Tom Llamas de NBC News visit\u00f3 una tienda local de Roma llamada \u00abHedera\u00bb, que ha hecho deliciosos desiertos, incluidos helados caseros y pasteles galardonados, durante a\u00f1os. Tambi\u00e9n se convirti\u00f3 en uno de los lugares favoritos del Papa Francisco para un dulce regalo.<\/p>\n<\/div>\n<\/div>\n<div id=\"rcrd77649\" data-testid=\"chat-card-container\">\n<div class=\"styles_time-stamp-social-share-container__pmafU pv1\">\n<div class=\"share-list-container df\"><button class=\"social-share-button\" type=\"button\" data-testid=\"chat-card-social-share-button\" aria-expanded=\"false\" aria-label=\"open social share icon list\" aria-controls=\"share-list-rcrd77649\"><span class=\"share-btn-txt\">Compartir<\/span><img loading=\"lazy\" decoding=\"async\" alt=\"Disparador de icono de acci\u00f3n social\" src=\"data:image\/svg+xml;base64,PHN2ZyBmaWxsPSJub25lIiBoZWlnaHQ9IjMyIiB2aWV3Qm94PSIwIDAgMzIgMzIiIHdpZHRoPSIzMiIgeG1sbnM9Imh0dHA6Ly93d3cudzMub3JnLzIwMDAvc3ZnIj48Y2lyY2xlIGN4PSIxNiIgY3k9IjE2IiBmaWxsPSIjZmZmIiByPSIxNS41IiBzdHJva2U9IiM5OTkiLz48cGF0aCBkPSJtMTQuNjE1NCAyMC4wNzY5aC0zLjUzODVjLTEuMTI3OTMgMC0yLjA4OTQtLjM5NzMtMi44ODQ0LTEuMTkyMXMtMS4xOTI1LTEuNzU2MS0xLjE5MjUtMi44ODM3LjM5NzUtMi4wODkyIDEuMTkyNS0yLjg4NDcgMS43NTY0Ny0xLjE5MzMgMi44ODQ0LTEuMTkzM2gzLjUzODV2MWgtMy41Mzg1Yy0uODQ2MSAwLTEuNTcwNDguMzAxMy0yLjE3MzA1LjkwMzgtLjYwMjU3LjYwMjYtLjkwMzg1IDEuMzI3LS45MDM4NSAyLjE3MzEgMCAuODQ2Mi4zMDEyOCAxLjU3MDUuOTAzODUgMi4xNzMxczEuMzI2OTUuOTAzOCAyLjE3MzA1LjkwMzhoMy41Mzg1em0tMi4xMTU0LTMuNTc2OXYtMWg3djF6bTQuODg0NiAzLjU3Njl2LTFoMy41Mzg1Yy44NDYxIDAgMS41NzA1LS4zMDEyIDIuMTczMS0uOTAzOC42MDI1LS42MDI2LjkwMzgtMS4zMjY5LjkwMzgtMi4xNzMxIDAtLjg0NjEtLjMwMTMtMS41NzA1LS45MDM4LTIuMTczMS0uNjAyNi0uNjAyNS0xLjMyNy0uOTAzOC0yLjE3MzEtLjkwMzhoLTMuNTM4NXYtMWgzLjUzODVjMS4xMjc5IDAgMi4wODk0LjM5NzQgMi44ODQ0IDEuMTkyMnMxLjE5MjUgMS43NTYgMS4xOTI1IDIuODgzNmMwIDEuMTI3Ny0uMzk3NSAyLjA4OTMtMS4xOTI1IDIuODg0OHMtMS43NTY1IDEuMTkzMi0yLjg4NDQgMS4xOTMyeiIgZmlsbD0iIzU1NSIvPjwvc3ZnPg==\" height=\"30\" width=\"30\"\/><\/button><\/div>\n<\/div>\n<h2 class=\"styles_chartCardHeadline__hQEvw\" data-testid=\"chat-card-headline\">El cuerpo de Francis ser\u00e1 transferido a la Bas\u00edlica de San Pedro hoy<\/h2>\n<div class=\"styles_authors-container__wY7vB mb3\" data-testid=\"chat-card-authors-container\">\n<p><span class=\"styles_chatCardByline___KHac\" data-testid=\"chatCardByline-name\"><span class=\"styles_chatCardByline--bio__moCJl\"><span class=\"styles_chatCardByline--name__XxOL0\">Mithil Aggarwal<\/span><\/span><\/span>  y <span class=\"styles_chatCardByline___KHac\" data-testid=\"chatCardByline-name\"><span class=\"styles_chatCardByline--bio__moCJl\"><span class=\"styles_chatCardByline--name__XxOL0\">Jean-Nicholas Fievet<\/span><\/span><\/span><\/p>\n<\/div>\n<div data-icid=\"live-blog-card-link\" data-testid=\"chat-card-body-container\">\n<p class=\"body-graf\">El cuerpo del Papa Francisco ser\u00e1 transferido a San Pedro Basicilia esta ma\u00f1ana antes de su funeral el s\u00e1bado. Su mentira en el estado estar\u00e1 abierta al p\u00fablico y los fieles podr\u00e1n presentar sus respetos al primer Papa latinoamericano.<\/p>\n<p class=\"body-graf\">Si bien las estimaciones var\u00edan de cu\u00e1ntas personas se espera que visiten, m\u00e1s de 2 millones de dolientes se alinearon para ver el cuerpo del Papa Juan Pablo II en 2005, seg\u00fan la Agencia de Protecci\u00f3n Civil italiana.<\/p>\n<\/div>\n<\/div>\n<div id=\"rcrd77647\" data-testid=\"chat-card-container\">\n<div class=\"styles_time-stamp-social-share-container__pmafU pv1\">\n<div class=\"share-list-container df\"><button class=\"social-share-button\" type=\"button\" data-testid=\"chat-card-social-share-button\" aria-expanded=\"false\" aria-label=\"open social share icon list\" aria-controls=\"share-list-rcrd77647\"><span class=\"share-btn-txt\">Compartir<\/span><img loading=\"lazy\" decoding=\"async\" alt=\"Disparador de icono de acci\u00f3n social\" src=\"data:image\/svg+xml;base64,PHN2ZyBmaWxsPSJub25lIiBoZWlnaHQ9IjMyIiB2aWV3Qm94PSIwIDAgMzIgMzIiIHdpZHRoPSIzMiIgeG1sbnM9Imh0dHA6Ly93d3cudzMub3JnLzIwMDAvc3ZnIj48Y2lyY2xlIGN4PSIxNiIgY3k9IjE2IiBmaWxsPSIjZmZmIiByPSIxNS41IiBzdHJva2U9IiM5OTkiLz48cGF0aCBkPSJtMTQuNjE1NCAyMC4wNzY5aC0zLjUzODVjLTEuMTI3OTMgMC0yLjA4OTQtLjM5NzMtMi44ODQ0LTEuMTkyMXMtMS4xOTI1LTEuNzU2MS0xLjE5MjUtMi44ODM3LjM5NzUtMi4wODkyIDEuMTkyNS0yLjg4NDcgMS43NTY0Ny0xLjE5MzMgMi44ODQ0LTEuMTkzM2gzLjUzODV2MWgtMy41Mzg1Yy0uODQ2MSAwLTEuNTcwNDguMzAxMy0yLjE3MzA1LjkwMzgtLjYwMjU3LjYwMjYtLjkwMzg1IDEuMzI3LS45MDM4NSAyLjE3MzEgMCAuODQ2Mi4zMDEyOCAxLjU3MDUuOTAzODUgMi4xNzMxczEuMzI2OTUuOTAzOCAyLjE3MzA1LjkwMzhoMy41Mzg1em0tMi4xMTU0LTMuNTc2OXYtMWg3djF6bTQuODg0NiAzLjU3Njl2LTFoMy41Mzg1Yy44NDYxIDAgMS41NzA1LS4zMDEyIDIuMTczMS0uOTAzOC42MDI1LS42MDI2LjkwMzgtMS4zMjY5LjkwMzgtMi4xNzMxIDAtLjg0NjEtLjMwMTMtMS41NzA1LS45MDM4LTIuMTczMS0uNjAyNi0uNjAyNS0xLjMyNy0uOTAzOC0yLjE3MzEtLjkwMzhoLTMuNTM4NXYtMWgzLjUzODVjMS4xMjc5IDAgMi4wODk0LjM5NzQgMi44ODQ0IDEuMTkyMnMxLjE5MjUgMS43NTYgMS4xOTI1IDIuODgzNmMwIDEuMTI3Ny0uMzk3NSAyLjA4OTMtMS4xOTI1IDIuODg0OHMtMS43NTY1IDEuMTkzMi0yLjg4NDQgMS4xOTMyeiIgZmlsbD0iIzU1NSIvPjwvc3ZnPg==\" height=\"30\" width=\"30\"\/><\/button><\/div>\n<\/div>\n<h2 class=\"styles_chartCardHeadline__hQEvw\" data-testid=\"chat-card-headline\">La muerte del Papa Francisco deja la Iglesia Cat\u00f3lica en una encrucijada despu\u00e9s de que traz\u00f3 un camino progresivo <\/h2>\n<div class=\"styles_authors-container__wY7vB mb3\" data-testid=\"chat-card-authors-container\">\n<div class=\"styles_chatCartByline__mUVLh\" data-testid=\"chat-card-byline-container\">\n<div class=\"styles_chatCardBylineThumbnail__HWngo\" data-testid=\"chat-card-byline-thumbnail\">\n<div class=\"byline-thumbnail byline-thumbnail--has-image styles_bylineThumbnail__mMxrB\" data-testid=\"byline-thumbnail\"><picture data-testid=\"picture\"><source media=\"(min-width: 320px)\" srcset=\"https:\/\/media-cldnry.s-nbcnews.com\/image\/upload\/t_focal-60x60,f_avif,q_auto:eco,dpr_2\/newscms\/2019_29\/2934781\/190619-erik-ortiz-byline2205.jpg 2x, https:\/\/media-cldnry.s-nbcnews.com\/image\/upload\/t_focal-60x60,f_auto,q_auto:best\/newscms\/2019_29\/2934781\/190619-erik-ortiz-byline2205.jpg 1x\"\/><img decoding=\"async\" loading=\"lazy\" src=\"https:\/\/media-cldnry.s-nbcnews.com\/image\/upload\/t_focal-60x60,f_auto,q_auto:best\/newscms\/2019_29\/2934781\/190619-erik-ortiz-byline2205.jpg\" alt=\"\" height=\"48\" width=\"48\"\/><\/picture><\/div>\n<\/div>\n<\/div>\n<\/div>\n<div data-icid=\"live-blog-card-link\" data-testid=\"chat-card-body-container\">\n<p class=\"body-graf\">Para Elijah Smith, quien creci\u00f3 luterano y el bautista del sur, las ense\u00f1anzas del Papa Francisco centradas en la justicia social y el reconocimiento de los marginados ayudaron a influir en su decisi\u00f3n de convertirse al catolicismo hace un a\u00f1o.<\/p>\n<p class=\"body-graf\">\u00abLider\u00f3 con el ejemplo\u00bb, dijo Smith, de 22 a\u00f1os, un estudiante universitario de Rockwell, Carolina del Norte, \u00aby estaba muy aceptando. Aceptando la comunidad LGBTQ, aceptando a los inmigrantes y una muy comprensi\u00f3n de diferentes culturas\u00bb.<\/p>\n<p class=\"body-graf\">Pero con la muerte de Francis el lunes a los 88 a\u00f1os, la Iglesia Cat\u00f3lica se encuentra en una encrucijada: despu\u00e9s de 12 a\u00f1os de su liderazgo, \u00bfcontin\u00faa por un camino progresivo para vigorizar a los nuevos seguidores con un mensaje de inclusi\u00f3n, o regresar a las ra\u00edces tradicionales en un momento en que algunos han anhelado la doctrina de la iglesia vinculada por costumbres conservadoras y liturgia?<\/p>\n<p class=\"body-graf\">Durante siglos, la misa tradicional de la iglesia se dijo en lat\u00edn y requiri\u00f3 que los sacerdotes enfrentaran el altar con sus espaldas a la congregaci\u00f3n, hasta que el Segundo Concilio del Vaticano en la d\u00e9cada de 1960 busc\u00f3 modernizar los rituales. Los cambios incluyeron que la masa se realice en idiomas locales y laicos en esencia integral de las lecturas de los servicios.<\/p>\n<p class=\"body-graf\">Pero en 2007, el predecesor de Francis, el Papa Benedicto XVI, restricciones relajadas, permitiendo que regrese la celebraci\u00f3n de la misa latina.<\/p>\n<p class=\"body-graf\"><strong><em>Lea la historia completa aqu\u00ed.<\/em><\/strong><\/p>\n<\/div>\n<\/div>\n\n","protected":false},"excerpt":{"rendered":"<p>Compartir La procesi\u00f3n que lleva el cuerpo de Francis a la Bas\u00edlica de San Pedro comienza Mientras Bells puso a Solemy, una procesi\u00f3n de patriarcas, cardenales, arzobispos, obispos, c\u00e1nones y otros sacerdotes salieron de la Casa Santa Marta, llevando el cuerpo del Papa Francisco. La prosi\u00f3n viajar\u00e1 a trav\u00e9s de la Plaza de Santa Marta &hellip;<\/p>\n","protected":false},"author":1,"featured_media":24146,"comment_status":"open","ping_status":"open","sticky":false,"template":"","format":"standard","meta":{"fifu_image_url":"https:\/\/media-cldnry.s-nbcnews.com\/image\/upload\/t_nbcnews-fp-1200-630,f_auto,q_auto:best\/rockcms\/2025-04\/250423-pope-procession-mb-0756-e35a40.jpg","fifu_image_alt":"","footnotes":""},"categories":[4],"tags":[],"class_list":["post-24144","post","type-post","status-publish","format-standard","has-post-thumbnail","","category-historias-destacadas"],"_links":{"self":[{"href":"https:\/\/noticiasveraces.com\/index.php?rest_route=\/wp\/v2\/posts\/24144","targetHints":{"allow":["GET"]}}],"collection":[{"href":"https:\/\/noticiasveraces.com\/index.php?rest_route=\/wp\/v2\/posts"}],"about":[{"href":"https:\/\/noticiasveraces.com\/index.php?rest_route=\/wp\/v2\/types\/post"}],"author":[{"embeddable":true,"href":"https:\/\/noticiasveraces.com\/index.php?rest_route=\/wp\/v2\/users\/1"}],"replies":[{"embeddable":true,"href":"https:\/\/noticiasveraces.com\/index.php?rest_route=%2Fwp%2Fv2%2Fcomments&post=24144"}],"version-history":[{"count":0,"href":"https:\/\/noticiasveraces.com\/index.php?rest_route=\/wp\/v2\/posts\/24144\/revisions"}],"wp:featuredmedia":[{"embeddable":true,"href":"https:\/\/noticiasveraces.com\/index.php?rest_route=\/wp\/v2\/media\/24146"}],"wp:attachment":[{"href":"https:\/\/noticiasveraces.com\/index.php?rest_route=%2Fwp%2Fv2%2Fmedia&parent=24144"}],"wp:term":[{"taxonomy":"category","embeddable":true,"href":"https:\/\/noticiasveraces.com\/index.php?rest_route=%2Fwp%2Fv2%2Fcategories&post=24144"},{"taxonomy":"post_tag","embeddable":true,"href":"https:\/\/noticiasveraces.com\/index.php?rest_route=%2Fwp%2Fv2%2Ftags&post=24144"}],"curies":[{"name":"wp","href":"https:\/\/api.w.org\/{rel}","templated":true}]}}